{"id":110194,"date":"2025-05-18T21:03:08","date_gmt":"2025-05-18T21:03:08","guid":{"rendered":"https:\/\/www.europesays.com\/fr\/110194\/"},"modified":"2025-05-18T21:03:08","modified_gmt":"2025-05-18T21:03:08","slug":"il-tranche-le-bras-dun-vendeur-de-cigarettes-au-marche-aux-puces-a-marseille","status":"publish","type":"post","link":"https:\/\/www.europesays.com\/fr\/110194\/","title":{"rendered":"Il tranche le bras d\u2019un vendeur de cigarettes au March\u00e9 aux Puces \u00e0 Marseille"},"content":{"rendered":"<p>Il \u00e9tait environ 15h, ce dimanche 18\u00a0mai 2025, lorsque des agents de la police municipale de Marseille ont surpris une sc\u00e8ne hallucinante alors qu\u2019ils circulaient \u00e0 proximit\u00e9 du March\u00e9 aux puces des Arnavaux, dans le 15e arrondissement. Deux hommes d\u2019une trentaine d\u2019ann\u00e9es, dont un \u00e9tait arm\u00e9 d\u2019une matraque et d\u2019un couteau, se sont approch\u00e9s d\u2019un troisi\u00e8me, qui \u00e9tait affair\u00e9 \u00e0 <a href=\"https:\/\/www.laprovence.com\/article\/faits-divers-justice\/30277102643415\/trafic-de-tabac-les-mafias-de-lest-au-bout-du-filtre\" target=\"_blank\" rel=\"noopener\">vendre des cigarettes de contrebande<\/a>.<\/p>\n<p>Soudain l\u2019un des agresseurs a port\u00e9 un coup de lame en c\u00e9ramique au vendeur \u00e0 la sauvette, tranchant le bras du jeune homme jusqu\u2019\u00e0 en sectionner une art\u00e8re. Sans m\u00eame apercevoir les agents qui sortaient de la voiture de police pour intervenir, l\u2019agresseur a poursuivi en courant sa victime qui tentait de lui \u00e9chapper malgr\u00e9 la blessure. Avant de prendre \u00e0 son tour la fuite, jetant ses armes derri\u00e8re des barri\u00e8res de chantier. Pour finalement tomber nez \u00e0 nez avec une autre patrouille qui l\u2019a interpell\u00e9, tandis que les premiers soins \u00e9taient prodigu\u00e9s \u00e0 la victime, un jeune homme d\u2019environ 25\u00a0ans. Il a \u00e9t\u00e9 transport\u00e9 \u00e0 l\u2019h\u00f4pital de la Timone par les marins-pompiers, o\u00f9 il a \u00e9t\u00e9 op\u00e9r\u00e9 en urgence afin de r\u00e9parer l\u2019art\u00e8re touch\u00e9e.<\/p>\n<p>L\u2019assaillant, un trentenaire en situation irr\u00e9guli\u00e8re a \u00e9t\u00e9 plac\u00e9 en garde \u00e0 vue. L\u2019agression s\u2019inscrirait dans le cadre <a href=\"https:\/\/www.laprovence.com\/article\/edition-marseille\/2896782\/trafic-de-cigarettes-lautre-guerre-de-territoire.html\" target=\"_blank\" rel=\"noopener\">d\u2019un \u00e9ni\u00e8me conflit de territoire<\/a> entre acteurs du <a href=\"https:\/\/www.laprovence.com\/actu\/en-direct\/6437478\/.html\" target=\"_blank\" rel=\"noopener\">tr\u00e8s lucratif trafic de tabac\u00a0de contrebande et de contrefa\u00e7on<\/a>.<\/p>\n","protected":false},"excerpt":{"rendered":"Il \u00e9tait environ 15h, ce dimanche 18\u00a0mai 2025, lorsque des agents de la police municipale de Marseille ont&hellip;\n","protected":false},"author":2,"featured_media":110195,"comment_status":"","ping_status":"","sticky":false,"template":"","format":"standard","meta":{"footnotes":""},"categories":[2814],"tags":[17,1111,11,1007,19774,8056,2837,1777,674,274,1011,27,2089,884,12,882,25,2967,22856],"class_list":{"0":"post-110194","1":"post","2":"type-post","3":"status-publish","4":"format-standard","5":"has-post-thumbnail","7":"category-marseille","8":"tag-17","9":"tag-actu","10":"tag-actualites","11":"tag-aux","12":"tag-bras","13":"tag-cigarettes","14":"tag-dun","15":"tag-eu","16":"tag-europe","17":"tag-faits-divers-justice","18":"tag-fr","19":"tag-france","20":"tag-marche","21":"tag-marseille","22":"tag-news","23":"tag-provence-alpes-cote-dazur","24":"tag-republique-francaise","25":"tag-tranche","26":"tag-vendeur"},"share_on_mastodon":{"url":"https:\/\/pubeurope.com\/@fr\/114530864555384083","error":""},"_links":{"self":[{"href":"https:\/\/www.europesays.com\/fr\/wp-json\/wp\/v2\/posts\/110194","targetHints":{"allow":["GET"]}}],"collection":[{"href":"https:\/\/www.europesays.com\/fr\/wp-json\/wp\/v2\/posts"}],"about":[{"href":"https:\/\/www.europesays.com\/fr\/wp-json\/wp\/v2\/types\/post"}],"author":[{"embeddable":true,"href":"https:\/\/www.europesays.com\/fr\/wp-json\/wp\/v2\/users\/2"}],"replies":[{"embeddable":true,"href":"https:\/\/www.europesays.com\/fr\/wp-json\/wp\/v2\/comments?post=110194"}],"version-history":[{"count":0,"href":"https:\/\/www.europesays.com\/fr\/wp-json\/wp\/v2\/posts\/110194\/revisions"}],"wp:featuredmedia":[{"embeddable":true,"href":"https:\/\/www.europesays.com\/fr\/wp-json\/wp\/v2\/media\/110195"}],"wp:attachment":[{"href":"https:\/\/www.europesays.com\/fr\/wp-json\/wp\/v2\/media?parent=110194"}],"wp:term":[{"taxonomy":"category","embeddable":true,"href":"https:\/\/www.europesays.com\/fr\/wp-json\/wp\/v2\/categories?post=110194"},{"taxonomy":"post_tag","embeddable":true,"href":"https:\/\/www.europesays.com\/fr\/wp-json\/wp\/v2\/tags?post=110194"}],"curies":[{"name":"wp","href":"https:\/\/api.w.org\/{rel}","templated":true}]}}