{"id":1101968,"date":"2026-08-01T21:34:13","date_gmt":"2026-08-01T21:34:13","guid":{"rendered":"https:\/\/www.europesays.com\/fr\/1101968\/"},"modified":"2026-08-01T21:34:13","modified_gmt":"2026-08-01T21:34:13","slug":"brest-tenu-en-echec-par-guingamp-na-toujours-pas-gagne-en-matches-de-preparation-lequipe","status":"publish","type":"post","link":"https:\/\/www.europesays.com\/fr\/1101968\/","title":{"rendered":"Brest, tenu en \u00e9chec par Guingamp, n&#039;a toujours pas gagn\u00e9 en matches de pr\u00e9paration &#8211; L&#039;\u00c9quipe"},"content":{"rendered":"<ol>\n<li><a href=\"https:\/\/news.google.com\/rss\/articles\/CBMizAFBVV95cUxPbVRoVXpXeDV0TzF1d1hTdW9FUWpHZWF4azVOU3NhSlcwdjZwd0RycjdQbmVnZ3NuRC1ocWVSSUQ4VWdZOGt3dTJwUGg1Z1k5RVA3NnNYTlFoRlI1cmJjUWtlLVJLQ1FzYWJPc0duVTZEQVdmSzRNOEtmYlkzQ2JyUFJxd2NEdGhVNE1uX3VIeEt4X3BlQXRVaVFPbmIxWDVwcmFkc2JWMlVQb2ItV3R1Y3BqTlFZSkRHUWlTV19DZXNPT1owV3JTeFJkZ1c?oc=5\" target=\"_blank\" rel=\"nofollow noopener\">Brest, tenu en \u00e9chec par Guingamp, n&rsquo;a toujours pas gagn\u00e9 en matches de pr\u00e9paration<\/a>&nbsp;&nbsp;L&rsquo;\u00c9quipe<\/li>\n<li><a href=\"https:\/\/news.google.com\/rss\/articles\/CBMijAFBVV95cUxNaTBNM3k3Um80UVgwb2tKU2tPMEExVzJtaFlVV0ZsRVVuUFZVQ3hsWjAxdUNFMmViVGpwalhZWmFoeUVEc3NUd2xDNTd0MVkybmNSMzN5Q2dhbkFMNm1KMUVULWFnMTIxSTU1UzkwZktkTE5PWUQ2UGFkX3NaOXpZY1Y0bHkxc1lkdWIxUw?oc=5\" target=\"_blank\" rel=\"nofollow noopener\">DIRECT. Stade Brestois &#8211; EA Guingamp : suivez le match en direct<\/a>&nbsp;&nbsp;L&rsquo;\u00c9quipe<\/li>\n<li><a href=\"https:\/\/news.google.com\/rss\/articles\/CBMipwJBVV95cUxOZmVqSEFoelVoX1c5akNmU0xXMUwzQ0dfbjFuSm5sU0tLalNNN21jS0QwLUZ1d3RSaW1xWHVKRDIteEFnQ0VtakE4Ry16d2ZYT2NKa2RsOWlGNXJaeXBUTDdEUTB2NkEwTHJvbzEwWDZQOXo3TEdpOVdqeTZoZEtta0h2dDl6eGJtU3F1MEd0djFfSEg3ME1rOTNPTURfQTJKTUw2MEJfdm90SkliNjFSZmhUdExUSjZySVBQdVZFaFVsMHlqdFdUaXhTZzhFOEdhQUxpcXpBN0NwR0pyX3ZMbFd2UmhBeUZwRGFwUzhQY2lvV0s2Y1NRZlNfa0swcC1Zd04wY1paQWVkQlkwRmgwUkFiWnJ1bndwQTRxaHpPWDNqUnlQeklN?oc=5\" target=\"_blank\" rel=\"nofollow noopener\">D\u00e9fense en chantier, Hemia rayonnant, Ducrocq buteur : ce qu\u2019il faut retenir du dernier match de pr\u00e9paration d\u2019En Avant Guingamp face \u00e0 Brest<\/a>&nbsp;&nbsp;Le T\u00e9l\u00e9gramme<\/li>\n<li><a href=\"https:\/\/news.google.com\/rss\/articles\/CBMijwFBVV95cUxOV2k3c1I2NW96akVUQnB3MjFvbFRHRmo1Sl9QUDg3anp6eWg2V1NucFpZTE5IZTl1YUhqSDVqRnMwaFV6US0zNWZhX1Z1cWdvcWRjRGpoZ3hZYUZCV3pvOGUxQm5uXzAwZjM0VGkzV3hDWmJVQUlXLWszWFRCMmJlWHRNYXRHUDFFWnJsaUNqTQ?oc=5\" target=\"_blank\" rel=\"nofollow noopener\">Amical : Brest accroch\u00e9 face \u00e0 Guingamp<\/a>&nbsp;&nbsp;Foot Mercato<\/li>\n<li><a href=\"https:\/\/news.google.com\/rss\/articles\/CBMikAJBVV95cUxNYUNheER4SUx4SEVOVDJHUG1MYmhTUEhrLW9hcmlGZ0s4eUxPU0hoTzNQaFIxRG1UNENGMW5Ddlg4SUNvVDNRMmhSVHIwZWo4N2x2NDRTcVV2RmJaWjZPY3BFYUhhX3BWdWxqcmVGbkxzUlRRUWctMHFOUU9yZi04UjdLRGdhelVOYnY5cndkT2g3eUlYUTFpbnFjcC1RR2p2bF80Ti1vcDBLUTI3YTNqSE1obERFNnZDeFYxV1praTRadXMwcDZRZ2s3UFc4LU1pRWZSRGwzbi1NZVpWOTB0Vk4zQ0FNVjhfNV9jOURBWS1HMTNRS1RNU01XS01XYXJyRTBoeEtoT2pQdS0zMUJVOA?oc=5\" target=\"_blank\" rel=\"nofollow noopener\">Stade Brestois &#8211; EA Guingamp : apr\u00e8s un match fou, les deux \u00e9quipes se quittent dos-\u00e0-dos<\/a>&nbsp;&nbsp;Ouest-France<\/li>\n<\/ol>\n","protected":false},"excerpt":{"rendered":"Brest, tenu en \u00e9chec par Guingamp, n&rsquo;a toujours pas gagn\u00e9 en matches de pr\u00e9paration&nbsp;&nbsp;L&rsquo;\u00c9quipe DIRECT. Stade Brestois &#8211;&hellip;\n","protected":false},"author":2,"featured_media":1101969,"comment_status":"","ping_status":"","sticky":false,"template":"","format":"standard","meta":{"footnotes":"","_share_on_mastodon":"0"},"categories":[1410],"tags":[3450,63,1011,27,86931,4044,86796,60],"class_list":["post-1101968","post","type-post","status-publish","format-standard","has-post-thumbnail","category-football","tag-brest","tag-football","tag-fr","tag-france","tag-franck-le-dorze","tag-guingamp","tag-resumes-et-cr","tag-sports"],"share_on_mastodon":{"url":"https:\/\/pubeurope.com\/@fr\/117022403442352272","error":""},"_links":{"self":[{"href":"https:\/\/www.europesays.com\/fr\/wp-json\/wp\/v2\/posts\/1101968","targetHints":{"allow":["GET"]}}],"collection":[{"href":"https:\/\/www.europesays.com\/fr\/wp-json\/wp\/v2\/posts"}],"about":[{"href":"https:\/\/www.europesays.com\/fr\/wp-json\/wp\/v2\/types\/post"}],"author":[{"embeddable":true,"href":"https:\/\/www.europesays.com\/fr\/wp-json\/wp\/v2\/users\/2"}],"replies":[{"embeddable":true,"href":"https:\/\/www.europesays.com\/fr\/wp-json\/wp\/v2\/comments?post=1101968"}],"version-history":[{"count":0,"href":"https:\/\/www.europesays.com\/fr\/wp-json\/wp\/v2\/posts\/1101968\/revisions"}],"wp:featuredmedia":[{"embeddable":true,"href":"https:\/\/www.europesays.com\/fr\/wp-json\/wp\/v2\/media\/1101969"}],"wp:attachment":[{"href":"https:\/\/www.europesays.com\/fr\/wp-json\/wp\/v2\/media?parent=1101968"}],"wp:term":[{"taxonomy":"category","embeddable":true,"href":"https:\/\/www.europesays.com\/fr\/wp-json\/wp\/v2\/categories?post=1101968"},{"taxonomy":"post_tag","embeddable":true,"href":"https:\/\/www.europesays.com\/fr\/wp-json\/wp\/v2\/tags?post=1101968"}],"curies":[{"name":"wp","href":"https:\/\/api.w.org\/{rel}","templated":true}]}}