{"id":110206,"date":"2025-05-18T21:09:14","date_gmt":"2025-05-18T21:09:14","guid":{"rendered":"https:\/\/www.europesays.com\/fr\/110206\/"},"modified":"2025-05-18T21:09:14","modified_gmt":"2025-05-18T21:09:14","slug":"ce-pompier-de-paris-raconte-son-sauvetage-heroique-de-deux-personnes","status":"publish","type":"post","link":"https:\/\/www.europesays.com\/fr\/110206\/","title":{"rendered":"ce pompier de Paris raconte son \u00ab\u00a0sauvetage h\u00e9ro\u00efque\u00a0\u00bb de deux personnes"},"content":{"rendered":"<p>            Par<br \/>\n        <strong><br \/>\n            <a href=\"https:\/\/actu.fr\/auteur\/antoine-grotteria02\" title=\"Consulter tous les articles de Antoine Grotteria\" target=\"_blank\" rel=\"noopener\">Antoine Grotteria<\/a><br \/>\n        <\/strong><\/p>\n<p>        Publi\u00e9 le<\/p>\n<p>            11 mai 2025 \u00e0 6h40        <\/p>\n<p>\u00ab\u2009Je ne pourrai pas en dormir la nuit\u2026\u2009\u00bb Le mercredi 7\u00a0mai 2025, le <strong>caporal Thibault<\/strong> de la <a href=\"https:\/\/actu.fr\/tag\/brigade-de-sapeurs-pompiers-de-paris\" target=\"_blank\" rel=\"noopener\">Brigade des Sapeurs-pompiers de Paris<\/a> (BSPP) circulait \u00e0 v\u00e9lo pr\u00e8s du pont de Bondy \u00e0 Bobigny (Seine-Saint-Denis) lorsqu\u2019il a vu se d\u00e9gager une \u00e9paisse fum\u00e9e noire. Le d\u00e9but d\u2019une intervention qualifi\u00e9e \u00ab\u2009d\u2019h\u00e9ro\u00efque\u2009\u00bb par l\u2019institution. Ce jour-l\u00e0, <strong>quatre personnes<\/strong> <strong>ont \u00e9t\u00e9<\/strong> <strong>bless\u00e9es <\/strong>dans l\u2019<a href=\"https:\/\/actu.fr\/tag\/incendie\" target=\"_blank\" rel=\"noopener\">incendie<\/a>, dont <a href=\"https:\/\/actu.fr\/ile-de-france\/bondy_93010\/incendie-sous-un-pont-en-seine-saint-denis-trois-personnes-entre-la-vie-et-la-mort_62604922.html\" target=\"_blank\" rel=\"noopener\">trois avec un pronostic vital engag\u00e9<\/a>. Le secouriste a d\u00e9taill\u00e9 le sauvetage dans une vid\u00e9o publi\u00e9e par la BSPP, ce samedi 10 mai 2025.<\/p>\n<p>Trois personnes pi\u00e9g\u00e9es par le feu<\/p>\n<p class=\" wall-content\">\u00c2g\u00e9 de 31\u00a0ans, ce caporal aux douze ann\u00e9es d\u2019exp\u00e9rience s\u2019est engag\u00e9 dans un incendie touchant un campement d\u2019installations pr\u00e9caires. \u00ab\u2009Des gens nous interpellent en nous disant qu\u2019il reste deux personnes \u00e0 l\u2019int\u00e9rieur\u2009\u00bb, t\u00e9moigne-t-il. Sur place, il d\u00e9couvre la pr\u00e9sence de trois personnes. \u00ab<strong>\u2009J\u2019entends les cris d\u2019une personne<\/strong>. Je l\u2019extrais. Je ressors reprendre mon souffle\u2009\u00bb, glisse-t-il.<\/p>\n<p class=\" wall-content\">\n<p class=\" wall-content\">Alors que son coll\u00e8gue lui intime de cesser l\u2019op\u00e9ration, le caporal Thibault refuse. <strong>\u00ab\u2009Je ne pouvais pas en rester l\u00e0<\/strong>. Je ne pourrai pas en dormir la nuit\u2009\u00bb, se rem\u00e9more-t-il. Dans la pi\u00e8ce, il aper\u00e7oit une personne qui \u00ab\u2009tombe de sa hauteur\u2009\u00bb. \u00ab\u2009Si tu fais \u00e7a, on y reste\u2009\u00bb, souffle-t-il. Finalement, le secouriste ressort avec trois personnes. Les quatre bless\u00e9s sont pris en charge.<\/p>\n<p class=\" wall-content\">De son c\u00f4t\u00e9, le caporal Thibault ressort avec le visage couvert de noir. \u00ab\u2009Beaucoup des casernes situ\u00e9es aux alentours ne me reconnaissaient pas\u2009\u00bb. Il est <strong>transport\u00e9 \u00e0 l\u2019h\u00f4pital<\/strong> avec un masque \u00e0 oxyg\u00e8ne.<\/p>\n<p class=\" wall-content\">Suivez toute l\u2019actualit\u00e9 de vos villes et m\u00e9dias favoris en vous inscrivant \u00e0 <a href=\"https:\/\/moncompte.actu.fr\" title=\"D\u00e9couvez Mon Actu\" rel=\"nofollow noopener\" data-trk=\"{&quot;cta&quot;:{&quot;action&quot;:&quot;https:\\\/\\\/moncompte.actu.fr&quot;,&quot;category&quot;:&quot;mon compte&quot;,&quot;from&quot;:&quot;article footer&quot;,&quot;name&quot;:&quot;Mon actu&quot;,&quot;type&quot;:&quot;cta&quot;}}\" target=\"_blank\">Mon Actu<\/a>.<\/p>\n","protected":false},"excerpt":{"rendered":"Par Antoine Grotteria Publi\u00e9 le 11 mai 2025 \u00e0 6h40 \u00ab\u2009Je ne pourrai pas en dormir la nuit\u2026\u2009\u00bb&hellip;\n","protected":false},"author":2,"featured_media":110207,"comment_status":"","ping_status":"","sticky":false,"template":"","format":"standard","meta":{"footnotes":""},"categories":[1888],"tags":[1111,1928,11,1927,3056,1777,674,1011,27,1310,12,1926,626,1925,1311,25,104],"class_list":{"0":"post-110206","1":"post","2":"type-post","3":"status-publish","4":"format-standard","5":"has-post-thumbnail","7":"category-paris","8":"tag-actu","9":"tag-actu-paris","10":"tag-actualites","11":"tag-actualites-paris","12":"tag-brigade-de-sapeurs-pompiers-de-paris","13":"tag-eu","14":"tag-europe","15":"tag-fr","16":"tag-france","17":"tag-incendie","18":"tag-news","19":"tag-news-paris","20":"tag-paris","21":"tag-paris-news","22":"tag-pompiers","23":"tag-republique-francaise","24":"tag-societe"},"share_on_mastodon":{"url":"https:\/\/pubeurope.com\/@fr\/114530888181008506","error":""},"_links":{"self":[{"href":"https:\/\/www.europesays.com\/fr\/wp-json\/wp\/v2\/posts\/110206","targetHints":{"allow":["GET"]}}],"collection":[{"href":"https:\/\/www.europesays.com\/fr\/wp-json\/wp\/v2\/posts"}],"about":[{"href":"https:\/\/www.europesays.com\/fr\/wp-json\/wp\/v2\/types\/post"}],"author":[{"embeddable":true,"href":"https:\/\/www.europesays.com\/fr\/wp-json\/wp\/v2\/users\/2"}],"replies":[{"embeddable":true,"href":"https:\/\/www.europesays.com\/fr\/wp-json\/wp\/v2\/comments?post=110206"}],"version-history":[{"count":0,"href":"https:\/\/www.europesays.com\/fr\/wp-json\/wp\/v2\/posts\/110206\/revisions"}],"wp:featuredmedia":[{"embeddable":true,"href":"https:\/\/www.europesays.com\/fr\/wp-json\/wp\/v2\/media\/110207"}],"wp:attachment":[{"href":"https:\/\/www.europesays.com\/fr\/wp-json\/wp\/v2\/media?parent=110206"}],"wp:term":[{"taxonomy":"category","embeddable":true,"href":"https:\/\/www.europesays.com\/fr\/wp-json\/wp\/v2\/categories?post=110206"},{"taxonomy":"post_tag","embeddable":true,"href":"https:\/\/www.europesays.com\/fr\/wp-json\/wp\/v2\/tags?post=110206"}],"curies":[{"name":"wp","href":"https:\/\/api.w.org\/{rel}","templated":true}]}}