{"id":11021,"date":"2025-04-08T19:57:10","date_gmt":"2025-04-08T19:57:10","guid":{"rendered":"https:\/\/www.europesays.com\/fr\/11021\/"},"modified":"2025-04-08T19:57:10","modified_gmt":"2025-04-08T19:57:10","slug":"paris-adopte-son-troisieme-plan-biodiversite-en-misant-sur-les-haies","status":"publish","type":"post","link":"https:\/\/www.europesays.com\/fr\/11021\/","title":{"rendered":"Paris adopte son troisi\u00e8me plan biodiversit\u00e9 en misant sur les haies"},"content":{"rendered":"<p>Des kilom\u00e8tres de haies, plus de zones de r\u00e9serves dans les bois et des berges de Seine plus \u00ab\u00a0v\u00e9g\u00e9tales\u00a0\u00bb: le Conseil Paris a adopt\u00e9 mardi le plan biodiversit\u00e9 2025-2030 de la ville, destin\u00e9 \u00e0 enrayer le d\u00e9clin de la faune sauvage, mais sans financement, regrette l&rsquo;opposition.<\/p>\n<p>\u00ab\u00a0Chaque parc, square, rue et toit v\u00e9g\u00e9talis\u00e9s doivent devenir des refuges pour la faune et la flore\u00a0\u00bb,\u00a0a affirm\u00e9 la maire socialiste Anne Hidalgo en pr\u00e9sentant le projet.<\/p>\n<p>Ce troisi\u00e8me plan du genre depuis 2011 \u00ab\u00a0s&rsquo;inscrit dans un contexte de r\u00e9gression des politiques nationales de protection de la nature\u00a0\u00bb, a affirm\u00e9 Christophe Nadjowski, adjoint \u00e0 l&rsquo;H\u00f4tel de ville en charge des espaces verts, s&rsquo;en prenant notamment \u00e0 la loi d&rsquo;orientation agricole \u00ab\u00a0qui autorise la destruction d&rsquo;esp\u00e8ces prot\u00e9g\u00e9es\u00a0\u00bb.<\/p>\n<p>Plus de 3.400 esp\u00e8ces sauvages sont observ\u00e9es \u00e0 Paris, soit 600 de plus que lors du pr\u00e9c\u00e9dent bilan des donn\u00e9es naturalistes de 2020, a indiqu\u00e9 l&rsquo;\u00e9lu qui a fait valoir la politique \u00ab\u00a0z\u00e9ro produit phytosanitaire\u00a0\u00bb engag\u00e9e par la ville il y a 15 ans.<\/p>\n<p>\u00ab\u00a0La biodiversit\u00e9 \u00e0 Paris se porte mieux, en t\u00e9moigne la pr\u00e9sence de renards roux au cimeti\u00e8re du P\u00e8re-Lachaise, ou de moules d&rsquo;eau douce dans la Seine\u00a0\u00bb, a d\u00e9crit Christophe Nadjowski. Plusieurs esp\u00e8ces connaissent n\u00e9anmoins un effondrement, comme les moineaux domestiques dont plus de 70% de la population a disparu en 20 ans.<\/p>\n<p>Le plan biodiversit\u00e9 pr\u00e9voit une dizaine de mesures, \u00e0 commencer par le renforcement de la place des haies, habitats propices \u00e0 la petite faune.\u00a0Objectif: d\u00e9ployer, d&rsquo;ici 2030, au moins 500 m\u00e8tres lin\u00e9aires de haies diverses dans les arrondissements centraux, voire \u00ab\u00a0plusieurs kilom\u00e8tres\u00a0\u00bb dans les arrondissements p\u00e9riph\u00e9riques.<\/p>\n<p>Cent nouveaux quartiers avec am\u00e9nagements d\u00e9di\u00e9s \u00e0 certaines esp\u00e8ces comme le h\u00e9risson d&rsquo;Europe ou la chauve-souris, devraient voir le jour, sur le mod\u00e8le des \u00ab\u00a0quartiers moineaux\u00a0\u00bb cr\u00e9\u00e9s avec la Ligue de protection des oiseaux (LPO).<\/p>\n<p>La mairie promet aussi de \u00ab\u00a0retrouver des berges naturelles sur la Seine\u00a0\u00bb, axe de d\u00e9placement majeur pour les oiseaux, avec la d\u00e9simperm\u00e9abilisation et la v\u00e9g\u00e9talisation des berges \u00ab\u00a0partout o\u00f9 c&rsquo;est possible\u00a0\u00bb. <\/p>\n<p>D&rsquo;ici 2030, les parcs et jardins de moins d&rsquo;un hectare devraient tous disposer d&rsquo;une mare, selon le plan qui int\u00e8gre par ailleurs le r\u00e9sultat de la votation citoyenne du 23 mars dernier sur la v\u00e9g\u00e9talisation et la pi\u00e9tonnisation de 500 nouvelles rues.<\/p>\n<p>Les bois de Boulogne et de Vincennes, principaux r\u00e9servoirs de biodiversit\u00e9 de la capitale, devraient disposer de 10% d&rsquo;espaces de r\u00e9serves suppl\u00e9mentaires, pour r\u00e9duire le morcellement des habitats naturels par le trafic routier.\u00a0La ville va aussi mesurer l'\u00a0\u00bbempreinte biodiversit\u00e9\u00a0\u00bb de ses achats.<\/p>\n<p>Autant de \u00ab\u00a0belles intentions\u00a0\u00bb pour les \u00e9lus d&rsquo;opposition qui ont d\u00e9plor\u00e9 \u00ab\u00a0l&rsquo;absence de budget et de planification\u00a0\u00bb de cet \u00ab\u00a0\u00e9ni\u00e8me plan\u00a0\u00bb. Val\u00e9rie Montandon (LR), du groupe de Rachida Dati, a point\u00e9 \u00ab\u00a0l&rsquo;incoh\u00e9rence flagrante\u00a0\u00bb de la mairie qui \u00ab\u00a0autorise les festivals de grande ampleur au coeur du bois de Vincennes\u00a0\u00bb.<\/p>\n<p>La s\u00e9natrice LR Agn\u00e8s Evren, co-pr\u00e9sidente du premier groupe d&rsquo;opposition, a \u00e9galement fustig\u00e9 la \u00ab\u00a0contradiction\u00a0\u00bb de la mairie qui \u00ab\u00a0multiplie la surdensification min\u00e9ralis\u00e9e \u00e0 coup de construction de tours comme la Tour Triangle\u00a0\u00bb.<\/p>\n<p>juc\/bfa\/abl<\/p>\n","protected":false},"excerpt":{"rendered":"Des kilom\u00e8tres de haies, plus de zones de r\u00e9serves dans les bois et des berges de Seine plus&hellip;\n","protected":false},"author":2,"featured_media":11022,"comment_status":"","ping_status":"","sticky":false,"template":"","format":"standard","meta":{"footnotes":""},"categories":[1888],"tags":[1111,1928,11,1927,5351,1130,5354,5350,1777,674,1011,27,5353,5352,5348,12,1926,626,1925,5355,5349,25],"class_list":{"0":"post-11021","1":"post","2":"type-post","3":"status-publish","4":"format-standard","5":"has-post-thumbnail","7":"category-paris","8":"tag-actu","9":"tag-actu-paris","10":"tag-actualites","11":"tag-actualites-paris","12":"tag-berges-de-seine","13":"tag-biodiversite","14":"tag-bois-de-vincennes","15":"tag-christophe-nadjowski","16":"tag-eu","17":"tag-europe","18":"tag-fr","19":"tag-france","20":"tag-la-seine","21":"tag-les-bois","22":"tag-ligue-de-protection-des-oiseaux","23":"tag-news","24":"tag-news-paris","25":"tag-paris","26":"tag-paris-news","27":"tag-plan","28":"tag-protection-de-la-nature","29":"tag-republique-francaise"},"share_on_mastodon":{"url":"https:\/\/pubeurope.com\/@fr\/114304112715990402","error":""},"_links":{"self":[{"href":"https:\/\/www.europesays.com\/fr\/wp-json\/wp\/v2\/posts\/11021","targetHints":{"allow":["GET"]}}],"collection":[{"href":"https:\/\/www.europesays.com\/fr\/wp-json\/wp\/v2\/posts"}],"about":[{"href":"https:\/\/www.europesays.com\/fr\/wp-json\/wp\/v2\/types\/post"}],"author":[{"embeddable":true,"href":"https:\/\/www.europesays.com\/fr\/wp-json\/wp\/v2\/users\/2"}],"replies":[{"embeddable":true,"href":"https:\/\/www.europesays.com\/fr\/wp-json\/wp\/v2\/comments?post=11021"}],"version-history":[{"count":0,"href":"https:\/\/www.europesays.com\/fr\/wp-json\/wp\/v2\/posts\/11021\/revisions"}],"wp:featuredmedia":[{"embeddable":true,"href":"https:\/\/www.europesays.com\/fr\/wp-json\/wp\/v2\/media\/11022"}],"wp:attachment":[{"href":"https:\/\/www.europesays.com\/fr\/wp-json\/wp\/v2\/media?parent=11021"}],"wp:term":[{"taxonomy":"category","embeddable":true,"href":"https:\/\/www.europesays.com\/fr\/wp-json\/wp\/v2\/categories?post=11021"},{"taxonomy":"post_tag","embeddable":true,"href":"https:\/\/www.europesays.com\/fr\/wp-json\/wp\/v2\/tags?post=11021"}],"curies":[{"name":"wp","href":"https:\/\/api.w.org\/{rel}","templated":true}]}}