{"id":110225,"date":"2025-05-18T21:19:09","date_gmt":"2025-05-18T21:19:09","guid":{"rendered":"https:\/\/www.europesays.com\/fr\/110225\/"},"modified":"2025-05-18T21:19:09","modified_gmt":"2025-05-18T21:19:09","slug":"tout-savoir-sur-le-nouveau-projet-anti-google-de-leurope","status":"publish","type":"post","link":"https:\/\/www.europesays.com\/fr\/110225\/","title":{"rendered":"tout savoir sur le nouveau projet anti-Google de l\u2019Europe"},"content":{"rendered":"<p>L\u2019Europe est sur le point de se doter d\u2019un outil qui pourrait faire \u00e9merger un nouveau champion europ\u00e9en de la recherche en ligne, un secteur qui est actuellement domin\u00e9 par des g\u00e9ants comme <a href=\"https:\/\/www.presse-citron.net\/bourse\/acheter-actions\/google\/\" rel=\"nofollow noopener\" target=\"_blank\">Google<\/a> ou <a href=\"https:\/\/www.presse-citron.net\/bourse\/acheter-actions\/microsoft\/\" rel=\"nofollow noopener\" target=\"_blank\">Microsoft<\/a>. D\u00e9marr\u00e9 en 2022, le projet Openwebsearch.eu s\u2019appr\u00eate \u00e0 lancer un pilote de son index de recherche. Pour rappel, l\u2019index est une partie essentielle d\u2019un moteur de recherche. C\u2019est une sorte de catalogue des informations en ligne qui permet de cr\u00e9er les r\u00e9sultats sur un moteur de recherche. Et l\u2019objectif du projet Openwebsearch.eu est de proposer un index europ\u00e9en qui serait une alternative aux index propri\u00e9taires des g\u00e9ants de la tech.<\/p>\n<p>Apr\u00e8s deux ans et demi de d\u00e9veloppement, Openwebsearch.eu lancera son pilote au mois de juin. \u201c\u00c0 partir du mois de juin, les \u00e9quipes de d\u00e9veloppement commercial et scientifique de toute taille, ainsi que les personnes int\u00e9ress\u00e9es, pourront acc\u00e9der \u00e0 pr\u00e8s d\u2019un p\u00e9taoctet (et ce chiffre ne cesse de cro\u00eetre) de donn\u00e9es web ouvertes et les utiliser sous une licence de recherche g\u00e9n\u00e9rale ou, sur demande, sous une licence commerciale d\u00e9sign\u00e9e\u201d, lit-on dans un communiqu\u00e9 de presse. Ce nouvel index web pourrait faciliter la cr\u00e9ation de moteurs de recherche europ\u00e9ens, mais aussi aider les entreprises \u00e0 cr\u00e9er des syst\u00e8mes d\u2019intelligence artificielle, gr\u00e2ce aux donn\u00e9es.<\/p>\n<p> Un projet financ\u00e9 par l\u2019Union europ\u00e9enne <\/p>\n<p>Ce projet d\u2019index web europ\u00e9en est d\u00e9velopp\u00e9 par un consortium d\u2019universit\u00e9s, d\u2019ONG, de centres de recherche et d\u2019entreprises europ\u00e9ens. Et il est financ\u00e9, sur trois ans, \u00e0 hauteur de 8,5 millions d\u2019euros par le programme-cadre de recherche Horizon Europe de l\u2019UE.<\/p>\n<p>\u201cL\u2019OWI (ndlr, Open Web Index) symbolise un premier pas vers une v\u00e9ritable souverainet\u00e9 num\u00e9rique europ\u00e9enne et constitue une \u00e9tape fondamentale pour ouvrir la voie \u00e0 un paysage europ\u00e9en ouvert et complet en mati\u00e8re d\u2019IA\u201d, a d\u00e9clar\u00e9 Ursula Gmelch, Community Manager d\u2019Openwebsearch.eu. Le pilote qui d\u00e9marre en juin aura pour but d\u2019obtenir des retours pour valider les fonctionnalit\u00e9s de l\u2019index, ou pivoter de mani\u00e8re \u00e0 ce que celui-ci corresponde aux besoins du march\u00e9.<\/p>\n<ul class=\"tldr\">\n<li>Openwebsearch.eu s\u2019appr\u00eate \u00e0 lancer son index web, qui veut concurrencer celui de Google<\/li>\n<li>Financ\u00e9 par l\u2019Union europ\u00e9enne, ce projet d\u2019index pourrait permettre \u00e0 de nouveaux moteurs de recherche d\u2019\u00e9merger, ou \u00eatre utilis\u00e9 pour d\u00e9velopper l\u2019intelligence artificielle<\/li>\n<li>Un pilote de l\u2019index d\u00e9marrera en juin, ce qui permettra de valider les fonctionnalit\u00e9s<\/li>\n<\/ul>\n<blockquote>\n<p class=\"text-base text-neutral-700 dark:text-neutral-300\">\ud83d\udccd Pour ne manquer aucune actualit\u00e9 de Presse-citron, suivez-nous sur <a href=\"https:\/\/news.google.com\/publications\/CAAqBggKMIPiNTC70wU?hl=fr&amp;gl=FR&amp;ceid=FR%3Afr\" target=\"_blank\" rel=\"nofollow noopener\">Google Actualit\u00e9s<\/a> et <a href=\"https:\/\/whatsapp.com\/channel\/0029VaCkGuz4NViitBXbEr0b\" target=\"_blank\" rel=\"nofollow noopener\">WhatsApp<\/a>.<\/p>\n<\/blockquote>\n<p>            <img decoding=\"async\" src=\"https:\/\/www.europesays.com\/fr\/wp-content\/uploads\/2025\/05\/Telecharger-YouTube.jpg\" alt=\"Youtube\" loading=\"lazy\"\/>                <\/p>\n","protected":false},"excerpt":{"rendered":"L\u2019Europe est sur le point de se doter d\u2019un outil qui pourrait faire \u00e9merger un nouveau champion europ\u00e9en&hellip;\n","protected":false},"author":2,"featured_media":110226,"comment_status":"","ping_status":"","sticky":false,"template":"","format":"standard","meta":{"footnotes":""},"categories":[1586],"tags":[11,1777,674,1779,1011,27,323,22858,12,25,1778,364],"class_list":{"0":"post-110225","1":"post","2":"type-post","3":"status-publish","4":"format-standard","5":"has-post-thumbnail","7":"category-europe","8":"tag-actualites","9":"tag-eu","10":"tag-europe","11":"tag-european-union","12":"tag-fr","13":"tag-france","14":"tag-google","15":"tag-moteur-de-recherche","16":"tag-news","17":"tag-republique-francaise","18":"tag-ue","19":"tag-union-europeenne"},"share_on_mastodon":{"url":"https:\/\/pubeurope.com\/@fr\/114530927525380162","error":""},"_links":{"self":[{"href":"https:\/\/www.europesays.com\/fr\/wp-json\/wp\/v2\/posts\/110225","targetHints":{"allow":["GET"]}}],"collection":[{"href":"https:\/\/www.europesays.com\/fr\/wp-json\/wp\/v2\/posts"}],"about":[{"href":"https:\/\/www.europesays.com\/fr\/wp-json\/wp\/v2\/types\/post"}],"author":[{"embeddable":true,"href":"https:\/\/www.europesays.com\/fr\/wp-json\/wp\/v2\/users\/2"}],"replies":[{"embeddable":true,"href":"https:\/\/www.europesays.com\/fr\/wp-json\/wp\/v2\/comments?post=110225"}],"version-history":[{"count":0,"href":"https:\/\/www.europesays.com\/fr\/wp-json\/wp\/v2\/posts\/110225\/revisions"}],"wp:featuredmedia":[{"embeddable":true,"href":"https:\/\/www.europesays.com\/fr\/wp-json\/wp\/v2\/media\/110226"}],"wp:attachment":[{"href":"https:\/\/www.europesays.com\/fr\/wp-json\/wp\/v2\/media?parent=110225"}],"wp:term":[{"taxonomy":"category","embeddable":true,"href":"https:\/\/www.europesays.com\/fr\/wp-json\/wp\/v2\/categories?post=110225"},{"taxonomy":"post_tag","embeddable":true,"href":"https:\/\/www.europesays.com\/fr\/wp-json\/wp\/v2\/tags?post=110225"}],"curies":[{"name":"wp","href":"https:\/\/api.w.org\/{rel}","templated":true}]}}