{"id":11023,"date":"2025-04-08T19:58:17","date_gmt":"2025-04-08T19:58:17","guid":{"rendered":"https:\/\/www.europesays.com\/fr\/11023\/"},"modified":"2025-04-08T19:58:17","modified_gmt":"2025-04-08T19:58:17","slug":"la-retransmission-des-debats-entre-les-elus-au-coeur-dune-bataille-judiciaire","status":"publish","type":"post","link":"https:\/\/www.europesays.com\/fr\/11023\/","title":{"rendered":"la retransmission des d\u00e9bats entre les \u00e9lus au c\u0153ur d&rsquo;une bataille judiciaire"},"content":{"rendered":"<p>            Par<br \/>\n        <strong><br \/>\n            <a href=\"https:\/\/actu.fr\/auteur\/redaction-paris\" title=\"Consulter tous les articles de R\u00e9daction Paris\" target=\"_blank\" rel=\"noopener\">R\u00e9daction Paris<\/a><br \/>\n        <\/strong><\/p>\n<p>        Publi\u00e9 le<\/p>\n<p>            7 avr. 2025 \u00e0 18h02        <\/p>\n<p>La loi PLM, le nouveau plan biodiversit\u00e9, la conversation du patrimoine\u2026 De nombreux dossiers vont \u00eatre d\u00e9battus et soumis au vote lors du prochain <a href=\"https:\/\/actu.fr\/tag\/conseil-de-paris\" target=\"_blank\" rel=\"noopener\">Conseil de Paris<\/a>, qui commence mardi 8 avril 2025. Il en est pourtant un qui a d\u00e9j\u00e0 \u00e9t\u00e9 tranch\u00e9, et par la justice : celui du march\u00e9 de la <strong>captation de ces d\u00e9bats entre \u00e9lus<\/strong>.\u00a0<br \/>Pour permettre aux administr\u00e9s de suivre ces \u00e9changes, dont certains sont hauts en couleur, la <a href=\"https:\/\/actu.fr\/tag\/mairie-de-paris\" target=\"_blank\" rel=\"noopener\">Ville de Paris<\/a> fait proc\u00e9der depuis de nombreuses ann\u00e9es \u00e0 leur retransmission en direct, depuis son <a href=\"https:\/\/www.paris.fr\/pages\/seances-du-conseil-de-paris-184\" target=\"_blank\" rel=\"noopener\">site Internet<\/a> notamment. Aux manettes, des sous-traitants sp\u00e9cialis\u00e9s. Or, l\u2019\u00e9viction de l\u2019un d\u2019entre eux \u00e0 la rentr\u00e9e 2024 a donn\u00e9 lieu \u00e0 une bataille judiciaire sur laquelle vient de se prononcer le <a href=\"https:\/\/actu.fr\/tag\/tribunal-administratif-de-paris\" target=\"_blank\" rel=\"noopener\">tribunal administratif de Paris<\/a>.<\/p>\n<p>Un contrat \u00ab\u00a0trop on\u00e9reux\u00a0\u00bb pour la Ville ?<\/p>\n<p class=\" wall-content\">Le juge des r\u00e9f\u00e9r\u00e9s a ainsi d\u00e9bout\u00e9 une soci\u00e9t\u00e9 qui avait candidat\u00e9 au march\u00e9 de la production audiovisuelle des s\u00e9ances du Conseil. Elle voulait faire suspendre son attribution \u00e0 un concurrent en raison du caract\u00e8re \u00ab\u2009trop on\u00e9reux\u2009\u00bb du contrat pour les finances de la Ville de Paris.<\/p>\n<p class=\" wall-content\">IPA Prod, soci\u00e9t\u00e9 de production de \u00ab\u2009films institutionnels et publicitaires\u2009\u00bb, avait en effet \u00e9t\u00e9 \u00e9cart\u00e9e en septembre 2024 au profit de The Digital Tellers, une agence de conseil \u00ab\u2009en relations publiques et communication\u2009\u00bb situ\u00e9e comme elle dans le 17e arrondissement. La soci\u00e9t\u00e9 avait candidat\u00e9 sur le seul lot relatif \u00e0 \u00ab\u2009la production\u2009\u00bb audio et vid\u00e9o des s\u00e9ances des d\u00e9bats des \u00e9lus du Conseil de Paris, celui relatif \u00e0 la \u00ab\u2009diffusion\u2009\u00bb des s\u00e9ances faisant l\u2019objet d\u2019un march\u00e9 distinct.<\/p>\n<p class=\" wall-content\">Cette \u00e9viction allait donc lui faire \u00ab\u2009perdre 42\u2009% de son chiffre d\u2019affaires en 2025\u2009\u00bb, calculait l\u2019avocat d\u2019IPA Prod. The Digital Tellers a remis une \u00ab\u2009offre anormalement basse\u2009\u00bb qui aurait d\u00fb \u00eatre refus\u00e9e d\u2019embl\u00e9e par la <a href=\"https:\/\/actu.fr\/tag\/anne-hidalgo\" target=\"_blank\" rel=\"noopener\">maire, Anne Hidalgo<\/a> (PS), d\u2019autant plus qu\u2019elle \u00ab\u2009m\u00e9conna\u00eet le principe de l\u2019interdiction de la sous-traitance totale\u2009\u00bb.<\/p>\n<p class=\" wall-content\">Mais \u00ab\u2009l\u2019urgence\u2009\u00bb \u00e0 suspendre l\u2019attribution de ce march\u00e9 r\u00e9sultait surtout de \u00ab\u2009la situation financi\u00e8re de la Ville de Paris\u2009\u00bb, s\u2019inqui\u00e9tait l\u2019avocat d\u2019IPA Prod. \u00ab\u2009Le montant du lot se monterait pour quarante-huit mois entre 500\u2009000 euros hors taxes au minimum et 4 millions d\u2019euros hors taxes au maximum alors que le budget de la Ville de Paris est <a href=\"https:\/\/actu.fr\/ile-de-france\/paris_75056\/budget-2025-place-denfert-rochereau-subventions-a-stanislas-les-temps-forts-du-prochain-conseil-de-paris_61994563.html\" target=\"_blank\" rel=\"noopener\">de l\u2019ordre de 11 milliards d\u2019euros annuels<\/a>\u2009\u00bb, relativise toutefois le juge des r\u00e9f\u00e9r\u00e9s du tribunal administratif de Paris dans <a href=\"https:\/\/www.dalloz.fr\/documentation\/Document?id=TA_PARIS_2025-03-11_2506215#texte-integral\" target=\"_blank\" rel=\"noopener\">une ordonnance<\/a> en date du 11 mars 2025, qui vient d\u2019\u00eatre rendue publique.<\/p>\n<p class=\" wall-content\">\u00ab\u2009Au demeurant, IPA Prod soutient que l\u2019offre retenue serait anormalement basse, ce qui sugg\u00e8re qu\u2019elle consid\u00e8re que la Ville de Paris a pris en compte la contrainte financi\u00e8re excessive au regard du droit de la commande publique, fait remarquer le magistrat. Par suite, la soci\u00e9t\u00e9 ne peut s\u00e9rieusement soutenir que l\u2019attribution du lot cr\u00e9erait une urgence financi\u00e8re pour la Ville de Paris.\u2009\u00bb<\/p>\n<p>Des pi\u00e8ces non vers\u00e9es au dossier<\/p>\n<p class=\" wall-content\">Pour le reste, la soci\u00e9t\u00e9 de production \u00ab\u2009ne donne <strong>aucune justification<\/strong>\u2009\u00bb sur le montant de chiffre d\u2019affaires qu\u2019elle esp\u00e9rait tirer si elle avait d\u00e9croch\u00e9 le march\u00e9 \u00ab\u2009alors m\u00eame que ce montant est attest\u00e9 par son expert-comptable\u2009\u00bb. \u00ab\u2009Elle ne donne pas davantage d\u2019explication sur l\u2019\u00e9volution \u00e0 la baisse du montant de son chiffre d\u2019affaires ind\u00e9pendamment de l\u2019accord-cadre litigieux, souligne le juge. Dans ces conditions, la baisse all\u00e9gu\u00e9e de 42\u2009% de son chiffre d\u2019affaires n\u2019est pas \u00e9tablie par les pi\u00e8ces verses au dossier.\u2009\u00bb<\/p>\n<p class=\" wall-content\">Surtout, The Digital Tellers a \u00e9t\u00e9 choisi \u00ab\u2009le 17 septembre 2024\u2009\u00bb et l\u2019accord-cadre litigieux sign\u00e9 \u00ab\u2009le 14 octobre 2024\u2009\u00bb, rembobine le magistrat. \u00ab\u2009Or, IPA Prod n\u2019a saisi le tribunal, que le 21 d\u00e9cembre 2024 (\u2026) et n\u2019a assorti son recours au fond de la pr\u00e9sente requ\u00eate en r\u00e9f\u00e9r\u00e9 suspension que le 6 mars 2025. Dans ces conditions, \u00e0 supposer \u00e9tablie la condition d\u2019urgence financi\u00e8re, IPA Prod doit \u00eatre regard\u00e9e comme s\u2019\u00e9tant plac\u00e9e elle-m\u00eame dans la situation d\u2019urgence qu\u2019elle d\u00e9plore.\u2009\u00bb<\/p>\n<p class=\" wall-content\">Le tribunal administratif de Paris r\u00e9examinera n\u00e9anmoins sa <strong>requ\u00eate sur le fond<\/strong>, par le biais d\u2019une formation coll\u00e9giale de trois juges, mais pas avant dix-huit mois \u00e0 deux ans d\u00e9sormais.<\/p>\n<p class=\" wall-content\"><strong>GF (PressPepper)<\/strong><\/p>\n<p class=\" wall-content\">Suivez toute l\u2019actualit\u00e9 de vos villes et m\u00e9dias favoris en vous inscrivant \u00e0 <a href=\"https:\/\/moncompte.actu.fr\" title=\"D\u00e9couvez Mon Actu\" rel=\"nofollow noopener\" data-trk=\"{&quot;cta&quot;:{&quot;action&quot;:&quot;https:\\\/\\\/moncompte.actu.fr&quot;,&quot;category&quot;:&quot;mon compte&quot;,&quot;from&quot;:&quot;article footer&quot;,&quot;name&quot;:&quot;Mon actu&quot;,&quot;type&quot;:&quot;cta&quot;}}\" target=\"_blank\">Mon Actu<\/a>.<\/p>\n","protected":false},"excerpt":{"rendered":"Par R\u00e9daction Paris Publi\u00e9 le 7 avr. 2025 \u00e0 18h02 La loi PLM, le nouveau plan biodiversit\u00e9, la&hellip;\n","protected":false},"author":2,"featured_media":11024,"comment_status":"","ping_status":"","sticky":false,"template":"","format":"standard","meta":{"footnotes":""},"categories":[1888],"tags":[11,2618,2617,1777,674,118,1011,27,303,12,626,25],"class_list":{"0":"post-11023","1":"post","2":"type-post","3":"status-publish","4":"format-standard","5":"has-post-thumbnail","7":"category-paris","8":"tag-actualites","9":"tag-anne-hidalgo","10":"tag-conseil-de-paris","11":"tag-eu","12":"tag-europe","13":"tag-faits-divers","14":"tag-fr","15":"tag-france","16":"tag-justice","17":"tag-news","18":"tag-paris","19":"tag-republique-francaise"},"share_on_mastodon":{"url":"https:\/\/pubeurope.com\/@fr\/114304116598203860","error":""},"_links":{"self":[{"href":"https:\/\/www.europesays.com\/fr\/wp-json\/wp\/v2\/posts\/11023","targetHints":{"allow":["GET"]}}],"collection":[{"href":"https:\/\/www.europesays.com\/fr\/wp-json\/wp\/v2\/posts"}],"about":[{"href":"https:\/\/www.europesays.com\/fr\/wp-json\/wp\/v2\/types\/post"}],"author":[{"embeddable":true,"href":"https:\/\/www.europesays.com\/fr\/wp-json\/wp\/v2\/users\/2"}],"replies":[{"embeddable":true,"href":"https:\/\/www.europesays.com\/fr\/wp-json\/wp\/v2\/comments?post=11023"}],"version-history":[{"count":0,"href":"https:\/\/www.europesays.com\/fr\/wp-json\/wp\/v2\/posts\/11023\/revisions"}],"wp:featuredmedia":[{"embeddable":true,"href":"https:\/\/www.europesays.com\/fr\/wp-json\/wp\/v2\/media\/11024"}],"wp:attachment":[{"href":"https:\/\/www.europesays.com\/fr\/wp-json\/wp\/v2\/media?parent=11023"}],"wp:term":[{"taxonomy":"category","embeddable":true,"href":"https:\/\/www.europesays.com\/fr\/wp-json\/wp\/v2\/categories?post=11023"},{"taxonomy":"post_tag","embeddable":true,"href":"https:\/\/www.europesays.com\/fr\/wp-json\/wp\/v2\/tags?post=11023"}],"curies":[{"name":"wp","href":"https:\/\/api.w.org\/{rel}","templated":true}]}}