{"id":110231,"date":"2025-05-18T21:22:10","date_gmt":"2025-05-18T21:22:10","guid":{"rendered":"https:\/\/www.europesays.com\/fr\/110231\/"},"modified":"2025-05-18T21:22:10","modified_gmt":"2025-05-18T21:22:10","slug":"camille-durand-et-mathis-beguier-en-bronze-aux-championnats-de-france-cadets-espoirs","status":"publish","type":"post","link":"https:\/\/www.europesays.com\/fr\/110231\/","title":{"rendered":"Camille Durand et Mathis Beguier en bronze aux championnats de France cadets espoirs"},"content":{"rendered":"<p>La premi\u00e8re se montrait intraitable d\u00e8s le d\u00e9but de la comp\u00e9tition avec deux victoires en poules contre des adversaires du Centre-Val de Loire et de la Normandie. Qualifi\u00e9e pour le tableau final, la judoka du JC2A gagnait trois combats cons\u00e9cutifs pour se retrouver en demi-finale face \u00e0 une combattante du JC Feyzin, un club de l&rsquo;Auvergne-Rh\u00f4ne-Alpes. Un duel qui se finissait par ippon pour cette derni\u00e8re. Sans rep\u00eachages, la formule du jour assurait la troisi\u00e8me place \u00e0 Camille Durand avec sa pr\u00e9sence dans le dernier carr\u00e9.<\/p>\n<p>De son c\u00f4t\u00e9, Mathis Beguier d\u00e9butait lui aussi parfaitement avec deux victoires par ippon contre deux judokas, l&rsquo;un du Grand Est, l&rsquo;autre de l&rsquo;AURA. Vers\u00e9 en tableau, le judoka corse encha\u00eenait trois victoires tr\u00e8s convaincantes &#8211; toutes par ippon &#8211; pour se retrouver \u00e9galement en demi-finale. Un combat qu&rsquo;il perdait waza-ari.<\/p>\n<p>Deux tr\u00e8s beaux parcours sur lesquels revenait Yves Camuzet, directeur technique r\u00e9gional et responsable du p\u00f4le espoir de Corse\u00a0: \u00ab\u00a0Avec leur performance de la saison derni\u00e8re, nous attendions Camille et Mathis. Ce dernier est au p\u00f4le espoir de Nice depuis le d\u00e9but de la saison. Camille, elle, est toujours chez nous. Une nouvelle fois, elle a montr\u00e9 ses qualit\u00e9s d&rsquo;endurance et de pugnacit\u00e9. En demi-finale, il n&rsquo;y a rien \u00e0 dire\u00a0: elle prend une t\u00f4le comme on dit dans notre jargon (sourire).<\/p>\n<p>Cela cl\u00f4t magnifiquement un week-end o\u00f9 la plupart de nos jeunes, dont beaucoup qui combattaient le samedi ne sont pas en structure, venaient prendre de l&rsquo;exp\u00e9rience. \u00ab\u00a0<\/p>\n<p>Un \u00e9v\u00e9nement qui ne cl\u00f4t pas la saison puisque le judo insulaire participera encore aux championnats d&rsquo;Europe de kata et aux championnats de France par \u00e9quipes cadets et juniors.<\/p>\n","protected":false},"excerpt":{"rendered":"La premi\u00e8re se montrait intraitable d\u00e8s le d\u00e9but de la comp\u00e9tition avec deux victoires en poules contre des&hellip;\n","protected":false},"author":2,"featured_media":110232,"comment_status":"","ping_status":"","sticky":false,"template":"","format":"standard","meta":{"footnotes":""},"categories":[4],"tags":[17,11,1007,22859,22860,16630,15990,1011,27,13739,20805,12,25,60],"class_list":{"0":"post-110231","1":"post","2":"type-post","3":"status-publish","4":"format-standard","5":"has-post-thumbnail","7":"category-france","8":"tag-17","9":"tag-actualites","10":"tag-aux","11":"tag-beguier","12":"tag-bronze","13":"tag-camille","14":"tag-durand","15":"tag-fr","16":"tag-france","17":"tag-judo","18":"tag-mathis","19":"tag-news","20":"tag-republique-francaise","21":"tag-sports"},"share_on_mastodon":{"url":"https:\/\/pubeurope.com\/@fr\/114530939470299557","error":""},"_links":{"self":[{"href":"https:\/\/www.europesays.com\/fr\/wp-json\/wp\/v2\/posts\/110231","targetHints":{"allow":["GET"]}}],"collection":[{"href":"https:\/\/www.europesays.com\/fr\/wp-json\/wp\/v2\/posts"}],"about":[{"href":"https:\/\/www.europesays.com\/fr\/wp-json\/wp\/v2\/types\/post"}],"author":[{"embeddable":true,"href":"https:\/\/www.europesays.com\/fr\/wp-json\/wp\/v2\/users\/2"}],"replies":[{"embeddable":true,"href":"https:\/\/www.europesays.com\/fr\/wp-json\/wp\/v2\/comments?post=110231"}],"version-history":[{"count":0,"href":"https:\/\/www.europesays.com\/fr\/wp-json\/wp\/v2\/posts\/110231\/revisions"}],"wp:featuredmedia":[{"embeddable":true,"href":"https:\/\/www.europesays.com\/fr\/wp-json\/wp\/v2\/media\/110232"}],"wp:attachment":[{"href":"https:\/\/www.europesays.com\/fr\/wp-json\/wp\/v2\/media?parent=110231"}],"wp:term":[{"taxonomy":"category","embeddable":true,"href":"https:\/\/www.europesays.com\/fr\/wp-json\/wp\/v2\/categories?post=110231"},{"taxonomy":"post_tag","embeddable":true,"href":"https:\/\/www.europesays.com\/fr\/wp-json\/wp\/v2\/tags?post=110231"}],"curies":[{"name":"wp","href":"https:\/\/api.w.org\/{rel}","templated":true}]}}