{"id":1102457,"date":"2026-08-02T03:46:39","date_gmt":"2026-08-02T03:46:39","guid":{"rendered":"https:\/\/www.europesays.com\/fr\/1102457\/"},"modified":"2026-08-02T03:46:39","modified_gmt":"2026-08-02T03:46:39","slug":"crise-migratoire-a-ceuta-les-controles-a-la-frontiere-avec-lespagne-renforces-en-urgence-dans-les-pyrenees","status":"publish","type":"post","link":"https:\/\/www.europesays.com\/fr\/1102457\/","title":{"rendered":"Crise migratoire \u00e0 Ceuta : les contr\u00f4les \u00e0 la fronti\u00e8re avec l&rsquo;Espagne renforc\u00e9s en urgence dans les Pyr\u00e9n\u00e9es"},"content":{"rendered":"<p>                    Par<br \/>\n        <strong><br \/>\n            <a href=\"https:\/\/actu.fr\/auteur\/guillaume-laurens\" title=\"Consulter tous les articles de Guillaume Laurens\" rel=\"nofollow noopener\" target=\"_blank\">Guillaume Laurens<\/a><br \/>\n                    <\/strong><\/p>\n<p>        Publi\u00e9 le<\/p>\n<p>            31 juil. 2026 \u00e0 18h01        <\/p>\n<p>Apr\u00e8s l\u2019arriv\u00e9e massive <strong>de migrants<\/strong> en provenance du Maroc \u00e0<strong> Ceuta,<\/strong> enclave espagnole sur le continent africain \u2013 et alors que<a href=\"https:\/\/actu.fr\/monde\/ceuta-pourquoi-il-est-impossible-d-exclure-l-espagne-de-l-espace-schengen-comme-le-reclame-giorgia-meloni_64613065.html\" rel=\"nofollow noopener\" target=\"_blank\"> la pol\u00e9mique enfle en Europe o\u00f9 certains pays comme l\u2019Italie, la Finlande et le Danemark appellent \u00e0 exclure l\u2019Espagne de l\u2019espace Schengen -, <\/a>le gouvernement fran\u00e7ais a de son c\u00f4t\u00e9 annonc\u00e9 ce vendredi 31\u00a0juillet 2026 un <strong>renforcement des contr\u00f4les aux fronti\u00e8res<\/strong> avec son voisin. Une d\u00e9cision qui touche directement tous les d\u00e9partements frontaliers, o\u00f9 des points de passage routiers relient les deux pays et permettent de franchir les <strong>Pyr\u00e9n\u00e9es<\/strong>. Ce qui va se passer en Haute-Garonne.<\/p>\n<p>La France renforce \u00ab\u2009sans attendre\u2009\u00bb les contr\u00f4les \u00e0 la fronti\u00e8re<\/p>\n<p class=\" wall-content\">Alors que Ceuta fait face \u00e0 <a href=\"https:\/\/actu.fr\/monde\/ceuta-60-000-migrants-en-24h-des-dizaines-de-morts-reactions-le-point-sur-la-crise-migratoire-qui-ebranle-l-ue_64613295.html\" rel=\"nofollow noopener\" target=\"_blank\">un afflux in\u00e9dit de migrants \u2013 60\u2009000 en 24\u00a0heures selon le pr\u00e9sident de l\u2019enclave, dans des conditions terribles puisqu\u2019il y aurait d\u00e9j\u00e0 des dizaines de morts \u2013<\/a>, le pr\u00e9sident fran\u00e7ais Emmanuel Macron a demand\u00e9 au ministre de l\u2019Int\u00e9rieur de \u00ab\u2009renforcer les contr\u00f4les \u00e0 la fronti\u00e8re avec l\u2019Espagne\u2009\u00bb, a indiqu\u00e9 l\u2019AFP.<\/p>\n<p class=\" wall-content\">Le ministre de l\u2019Int\u00e9rieur <strong>Laurent Nu\u00f1ez<\/strong> a, lui, confirm\u00e9 sur X ce vendredi que \u00ab\u2009face \u00e0 la situation constat\u00e9e dans l\u2019enclave de Ceuta\u2009\u00bb, il avait \u00ab\u2009donn\u00e9 d\u00e8s hier soir [jeudi, N.D.L.R.] des instructions pour <strong>renforcer sans attendre les contr\u00f4les \u00e0 la fronti\u00e8re<\/strong> espagnole\u2009\u00bb, avant de pr\u00e9ciser qu\u2019il activait \u00ab\u2009la Force fronti\u00e8re d\u2019intervention rapide pour des contr\u00f4les en profondeur\u2009\u00bb.<\/p>\n<p class=\" wall-content\">\n<p>623\u00a0km de fronti\u00e8re et des dizaines de points de contr\u00f4le<\/p>\n<p class=\" wall-content\">Pour les habitants des vall\u00e9es pyr\u00e9n\u00e9ennes comme pour les usagers de ces axes transfrontaliers en pleines vacances d\u2019\u00e9t\u00e9, cela devrait se traduire par une <strong>pr\u00e9sence accrue<\/strong> des forces de l\u2019ordre et des <strong>contr\u00f4les<\/strong> plus fr\u00e9quents.<\/p>\n<p class=\" wall-content\">La mesure concerne l\u2019ensemble des points de passage situ\u00e9s le long des <strong>623\u00a0km de la fronti\u00e8re<\/strong> franco-espagnole. Et si les grands axes du <strong>Perthus<\/strong> (Pyr\u00e9n\u00e9es-Orientales) et de <strong>Biriatou<\/strong> (Pyr\u00e9n\u00e9es-Atlantiques) concentrent traditionnellement l\u2019essentiel des contr\u00f4les \u00e0 la fronti\u00e8re, il existe<strong> des dizaines de passages routiers<\/strong> entre les deux pays, dont certains en <strong>Haute-Garonne<\/strong>.<\/p>\n<p>Des contr\u00f4les d\u00e8s ce week-end en Haute-Garonne<\/p>\n<p class=\" wall-content\">Contact\u00e9e par Actu Toulouse, la pr\u00e9fecture confirme que les contr\u00f4les vont se renforcer <strong>\u00ab\u2009d\u00e8s ce week-end\u2009\u00bb<\/strong> dans le d\u00e9partement de la <strong>Haute-Garonne<\/strong>. \u00ab\u2009Tout est renforc\u00e9, aux postes fronti\u00e8res comme dans la profondeur\u2009\u00bb, indiquent simplement les services de l\u2019\u00c9tat, qui se refusent \u00e0 commenter les moyens d\u00e9ploy\u00e9s.<\/p>\n<p>Vid\u00e9os : en ce moment sur Actu<\/p>\n<p class=\" wall-content\">Du c\u00f4t\u00e9 de la gendarmerie, le lieutenant-colonel <strong>Jean Pasquier-Bernachot,<\/strong> commandant en second du groupement d\u00e9partemental, s\u2019\u00e9vertue \u00e0 r\u00e9organiser les forces en pr\u00e9sence pour mener cette op\u00e9ration, <a href=\"https:\/\/actu.fr\/occitanie\/toulouse_31555\/bouchons-et-drapeau-noir-les-pires-heures-a-eviter-sur-les-autoroutes-autour-de-toulouse-ce-week-end_64610408.html\" rel=\"nofollow noopener\" target=\"_blank\">en ce week-end estival d\u00e9j\u00e0 marqu\u00e9 par le pire chass\u00e9-crois\u00e9 de l\u2019ann\u00e9e sur les routes.<\/a><\/p>\n<p class=\" wall-content\">Car si en Haute-Garonne, \u00ab\u2009les flux ne sont pas les m\u00eames que sur les grands axes autoroutiers\u2009\u00bb menant \u00e0 l\u2019Espagne, les gendarmes seront bien <strong>sur le terrain.<\/strong><\/p>\n<p>Des gendarmes \u00e0 pied, \u00e0 moto tout-terrain et en h\u00e9licopt\u00e8re<\/p>\n<p class=\" wall-content\">D\u2019apr\u00e8s nos informations, des gendarmes seront mobilis\u00e9s \u00e0 <strong>pied,<\/strong> d\u2019autres \u00e0 <strong>moto tout-terrain<\/strong> et d\u2019autres encore <strong>en h\u00e9licopt\u00e8re<\/strong> dans le d\u00e9partement. O\u00f9 et quand\u2009? C\u2019est toute la question. La pr\u00e9fecture botte en touche, quand le lieutenant-colonel de la gendarmerie glisse simplement que \u00ab\u2009plusieurs op\u00e9rations sont pr\u00e9vues\u2009\u00bb dans le week-end et ce \u00ab\u2009d\u00e8s ce samedi 1er\u00a0ao\u00fbt\u2009\u00bb. Il relaie la ligne des services de l\u2019\u00c9tat\u2009: \u00ab\u2009Les contr\u00f4les seront accentu\u00e9s sur le secteur frontalier, tout en renfor\u00e7ant nos recherches habituelles sur la profondeur\u2009\u00bb.<\/p>\n<p class=\" wall-content\">Combien de temps cette action va durer\u2009? Et les gendarmes locaux recevront-ils <strong>des renforts<\/strong> \u00e0 cet effet\u2009? Interrog\u00e9e, la pr\u00e9fecture se refuse \u00e0 commenter les moyens d\u00e9ploy\u00e9s.<\/p>\n<p>Quels sont les points de passage en Haute-Garonne\u2009?<\/p>\n<p class=\" wall-content\">En Haute-Garonne, il existe <strong>deux points<\/strong> de <strong>franchissement routier<\/strong>\u00a0entre la France et l\u2019Espagne\u2009: celui du <strong>Pont du Roy<\/strong> sur la <strong>RN 125<\/strong> qui relie Melles \u00e0 la commune de Les, dans le Val d\u2019Aran, et le <strong>col du Portillon<\/strong>, sur la <strong>RD 618<\/strong>, reliant Luchon \u00e0 Boss\u00f2st.<\/p>\n<p>    <img   decoding=\"async\" loading=\"lazy\" src=\"https:\/\/www.europesays.com\/fr\/wp-content\/uploads\/2026\/08\/frontiere-haute-garonne-pyrenees-frontiere-espagne-ml-960x640.jpg\" alt=\"Il existe deux points de passage officiels entre les deux pays en Haute-Garonne, comme ici au Pont du Roy\" width=\"960\" height=\"640\"\/><br \/>\n    Il existe deux points de passage officiels entre les deux pays en Haute-Garonne, comme ici au Pont du Roy (\u00a9Archives \/ Mar\u00e9va Laville \/ Actu Toulouse)<\/p>\n<p class=\" wall-content\">Outre ces deux voies d\u2019acc\u00e8s officielles, il existe des <strong>chemins de randonn\u00e9e<\/strong> ou des <strong>pistes agricoles<\/strong> qui permettent de franchir la fronti\u00e8re. Parmi ces passages secondaires figure une liaison reliant Fos et Melles aux villages espagnols de Bausen et Canejan (en montant vers la vall\u00e9e du Toran), ainsi que les passages de cols entre Bourg-d\u2019Oueil et le Val d\u2019Aran sur la cr\u00eate fronti\u00e8re.<\/p>\n<p class=\" wall-content\">Personnalisez votre actualit\u00e9 en ajoutant vos villes et m\u00e9dias en favori avec <a href=\"https:\/\/moncompte.actu.fr\" title=\"D\u00e9couvez Mon Actu\" rel=\"nofollow noopener\" data-trk=\"{&quot;cta&quot;:{&quot;action&quot;:&quot;https:\\\/\\\/moncompte.actu.fr&quot;,&quot;category&quot;:&quot;mon compte&quot;,&quot;from&quot;:&quot;article footer&quot;,&quot;name&quot;:&quot;Mon actu&quot;,&quot;type&quot;:&quot;cta&quot;}}\" target=\"_blank\">Mon Actu<\/a>.<\/p>\n","protected":false},"excerpt":{"rendered":"Par Guillaume Laurens Publi\u00e9 le 31 juil. 2026 \u00e0 18h01 Apr\u00e8s l\u2019arriv\u00e9e massive de migrants en provenance du&hellip;\n","protected":false},"author":2,"featured_media":1102458,"comment_status":"","ping_status":"","sticky":false,"template":"","format":"standard","meta":{"footnotes":"","_share_on_mastodon":"0"},"categories":[2816],"tags":[1111,11,123,1777,674,1011,27,1061,12,2680,2723,25,104,2312],"class_list":["post-1102457","post","type-post","status-publish","format-standard","has-post-thumbnail","category-toulouse","tag-actu","tag-actualites","tag-espagne","tag-eu","tag-europe","tag-fr","tag-france","tag-immigration","tag-news","tag-occitanie","tag-pyrenees","tag-republique-francaise","tag-societe","tag-toulouse"],"share_on_mastodon":{"url":"https:\/\/pubeurope.com\/@fr\/117023867486843608","error":""},"_links":{"self":[{"href":"https:\/\/www.europesays.com\/fr\/wp-json\/wp\/v2\/posts\/1102457","targetHints":{"allow":["GET"]}}],"collection":[{"href":"https:\/\/www.europesays.com\/fr\/wp-json\/wp\/v2\/posts"}],"about":[{"href":"https:\/\/www.europesays.com\/fr\/wp-json\/wp\/v2\/types\/post"}],"author":[{"embeddable":true,"href":"https:\/\/www.europesays.com\/fr\/wp-json\/wp\/v2\/users\/2"}],"replies":[{"embeddable":true,"href":"https:\/\/www.europesays.com\/fr\/wp-json\/wp\/v2\/comments?post=1102457"}],"version-history":[{"count":0,"href":"https:\/\/www.europesays.com\/fr\/wp-json\/wp\/v2\/posts\/1102457\/revisions"}],"wp:featuredmedia":[{"embeddable":true,"href":"https:\/\/www.europesays.com\/fr\/wp-json\/wp\/v2\/media\/1102458"}],"wp:attachment":[{"href":"https:\/\/www.europesays.com\/fr\/wp-json\/wp\/v2\/media?parent=1102457"}],"wp:term":[{"taxonomy":"category","embeddable":true,"href":"https:\/\/www.europesays.com\/fr\/wp-json\/wp\/v2\/categories?post=1102457"},{"taxonomy":"post_tag","embeddable":true,"href":"https:\/\/www.europesays.com\/fr\/wp-json\/wp\/v2\/tags?post=1102457"}],"curies":[{"name":"wp","href":"https:\/\/api.w.org\/{rel}","templated":true}]}}