{"id":110267,"date":"2025-05-18T21:43:08","date_gmt":"2025-05-18T21:43:08","guid":{"rendered":"https:\/\/www.europesays.com\/fr\/110267\/"},"modified":"2025-05-18T21:43:08","modified_gmt":"2025-05-18T21:43:08","slug":"la-coalition-de-droite-sortante-remporte-les-elections-legislatives-liberation","status":"publish","type":"post","link":"https:\/\/www.europesays.com\/fr\/110267\/","title":{"rendered":"la coalition de droite sortante remporte les \u00e9lections l\u00e9gislatives \u2013 Lib\u00e9ration"},"content":{"rendered":"<p class=\"sc-ksZaOG ehjQrN text-element\">Une victoire en demi-teinte pour le Premier ministre sortant. Apr\u00e8s une ann\u00e9e au pouvoir, Luis Montenegro et sa coalition gouvernementale ont bien remport\u00e9 les \u00e9lections l\u00e9gislatives anticip\u00e9es, <a href=\"https:\/\/www.liberation.fr\/international\/europe\/legislatives-anticipees-au-portugal-les-electeurs-appeles-aux-urnes-dans-une-ambiance-de-lassitude-generalisee-20250518_JIXWO7LXNZGQZJGHV5K2CWUNRE\/\" target=\"_blank\" rel=\"nofollow noopener\" title=\"https:\/\/www.liberation.fr\/international\/europe\/legislatives-anticipees-au-portugal-les-electeurs-appeles-aux-urnes-dans-une-ambiance-de-lassitude-generalisee-20250518_JIXWO7LXNZGQZJGHV5K2CWUNRE\/\">mais auront du mal \u00e0 former une majorit\u00e9<\/a>, tandis que l\u2019extr\u00eame droite a atteint la barre de 20 % des voix et talonne l\u2019opposition socialiste, selon un sondage sortie des urnes de la t\u00e9l\u00e9vision publique RTP.<\/p>\n<p class=\"sc-ksZaOG ehjQrN text-element\">D\u2019apr\u00e8s cette enqu\u00eate, le camp du Premier ministre sortant Luis Montenegro aurait obtenu entre 29 et 34 % des suffrages, contre 21 \u00e0 26 % pour le Parti socialiste et 20 \u00e0 24 % pour le parti d\u2019extr\u00eame droite Chega (\u00abAssez\u00bb).<\/p>\n<p class=\"sc-ksZaOG ehjQrN text-element\">En termes de si\u00e8ges, la coalition sortante aurait remport\u00e9 85 \u00e0 96 si\u00e8ges sur un total de 230, ce qui reste en dessous du seuil de 116 \u00e9lus synonyme de majorit\u00e9 absolue, et devra trouver des partenaires au sein du Parlement pour pouvoir gouverner.<\/p>\n<p class=\"sc-ksZaOG ehjQrN text-element\">Avec plus de 20 %, le parti d\u2019extr\u00eame droite a fait bien mieux que son score aux l\u00e9gislatives de mars 2024 (18,88 %). La campagne de <a href=\"https:\/\/www.liberation.fr\/international\/europe\/legislatives-au-portugal-le-leader-de-lextreme-droite-contraint-de-se-mettre-en-retrait-apres-deux-malaises-en-48-heures-20250516_GH3PRRFJV5D3DJCVK4NGC64HFQ\/\" target=\"_blank\" rel=\"nofollow noopener\" title=\"https:\/\/www.liberation.fr\/international\/europe\/legislatives-au-portugal-le-leader-de-lextreme-droite-contraint-de-se-mettre-en-retrait-apres-deux-malaises-en-48-heures-20250516_GH3PRRFJV5D3DJCVK4NGC64HFQ\/\">son pr\u00e9sident Andr\u00e9 Ventura<\/a>, un ancien commentateur de football de 42 ans, a \u00e9t\u00e9 perturb\u00e9e par deux malaises dont il a \u00e9t\u00e9 victime devant les cam\u00e9ras de t\u00e9l\u00e9vision.<\/p>\n<p class=\"sc-ksZaOG ehjQrN text-element\">Avocat de 52 ans, Luis Montenegro \u00e9tait le personnage central de ces \u00e9lections, qu\u2019il a lui-m\u00eame provoqu\u00e9es <a href=\"https:\/\/www.liberation.fr\/international\/europe\/portugal-le-premier-ministre-sous-la-menace-dun-vote-de-defiance-ce-mardi-des-elections-anticipees-en-vue-20250311_CTCYKBPDKZA4FIJRHFFYCIYIVA\/\" target=\"_blank\" rel=\"nofollow noopener\" title=\"https:\/\/www.liberation.fr\/international\/europe\/portugal-le-premier-ministre-sous-la-menace-dun-vote-de-defiance-ce-mardi-des-elections-anticipees-en-vue-20250311_CTCYKBPDKZA4FIJRHFFYCIYIVA\/\">en d\u00e9missionnant en mars<\/a> sur fond de soup\u00e7ons de conflit d\u2019int\u00e9r\u00eats concernant les activit\u00e9s d\u2019une soci\u00e9t\u00e9 de conseil enregistr\u00e9e \u00e0 son domicile et au nom de ses enfants.<\/p>\n<p class=\"sc-ksZaOG ehjQrN text-element\">Mais les d\u00e9bats pendant la campagne ont port\u00e9 sur des <a href=\"https:\/\/www.liberation.fr\/international\/europe\/legislatives-anticipees-au-portugal-les-electeurs-appeles-aux-urnes-dans-une-ambiance-de-lassitude-generalisee-20250518_JIXWO7LXNZGQZJGHV5K2CWUNRE\/\" target=\"_blank\" rel=\"nofollow noopener\" title=\"https:\/\/www.liberation.fr\/international\/europe\/legislatives-anticipees-au-portugal-les-electeurs-appeles-aux-urnes-dans-une-ambiance-de-lassitude-generalisee-20250518_JIXWO7LXNZGQZJGHV5K2CWUNRE\/\">th\u00e8mes favorables \u00e0 la rh\u00e9torique d\u2019extr\u00eame droite<\/a>, comme l\u2019\u00e9thique des responsables politiques ou l\u2019immigration. Le Portugal a vu le nombre d\u2019\u00e9trangers quadrupler depuis 2017, atteignant d\u00e9sormais environ 15 % de la population, sur 10 millions d\u2019habitants au total, et l\u2019ex\u00e9cutif de Luis Montenegro a d\u00e9j\u00e0 durci la politique migratoire du pays, qui \u00e9tait une des plus souples d\u2019Europe sous le pr\u00e9c\u00e9dent gouvernement socialiste d\u2019Antonio Costa.<\/p>\n<p class=\"sc-ksZaOG ehjQrN text-element\"><b>Mis \u00e0 jour <\/b>\u00e0 23 h 23, avec davantage de pr\u00e9cisions.<\/p>\n","protected":false},"excerpt":{"rendered":"Une victoire en demi-teinte pour le Premier ministre sortant. Apr\u00e8s une ann\u00e9e au pouvoir, Luis Montenegro et sa&hellip;\n","protected":false},"author":2,"featured_media":110268,"comment_status":"","ping_status":"","sticky":false,"template":"","format":"standard","meta":{"footnotes":""},"categories":[5],"tags":[11,1011,27,14,12,6996,28],"class_list":{"0":"post-110267","1":"post","2":"type-post","3":"status-publish","4":"format-standard","5":"has-post-thumbnail","7":"category-international","8":"tag-actualites","9":"tag-fr","10":"tag-france","11":"tag-international","12":"tag-news","13":"tag-portugal","14":"tag-world"},"share_on_mastodon":{"url":"https:\/\/pubeurope.com\/@fr\/114531021901309472","error":""},"_links":{"self":[{"href":"https:\/\/www.europesays.com\/fr\/wp-json\/wp\/v2\/posts\/110267","targetHints":{"allow":["GET"]}}],"collection":[{"href":"https:\/\/www.europesays.com\/fr\/wp-json\/wp\/v2\/posts"}],"about":[{"href":"https:\/\/www.europesays.com\/fr\/wp-json\/wp\/v2\/types\/post"}],"author":[{"embeddable":true,"href":"https:\/\/www.europesays.com\/fr\/wp-json\/wp\/v2\/users\/2"}],"replies":[{"embeddable":true,"href":"https:\/\/www.europesays.com\/fr\/wp-json\/wp\/v2\/comments?post=110267"}],"version-history":[{"count":0,"href":"https:\/\/www.europesays.com\/fr\/wp-json\/wp\/v2\/posts\/110267\/revisions"}],"wp:featuredmedia":[{"embeddable":true,"href":"https:\/\/www.europesays.com\/fr\/wp-json\/wp\/v2\/media\/110268"}],"wp:attachment":[{"href":"https:\/\/www.europesays.com\/fr\/wp-json\/wp\/v2\/media?parent=110267"}],"wp:term":[{"taxonomy":"category","embeddable":true,"href":"https:\/\/www.europesays.com\/fr\/wp-json\/wp\/v2\/categories?post=110267"},{"taxonomy":"post_tag","embeddable":true,"href":"https:\/\/www.europesays.com\/fr\/wp-json\/wp\/v2\/tags?post=110267"}],"curies":[{"name":"wp","href":"https:\/\/api.w.org\/{rel}","templated":true}]}}