{"id":110277,"date":"2025-05-18T21:48:20","date_gmt":"2025-05-18T21:48:20","guid":{"rendered":"https:\/\/www.europesays.com\/fr\/110277\/"},"modified":"2025-05-18T21:48:20","modified_gmt":"2025-05-18T21:48:20","slug":"nancy-le-blue-music-festival-met-en-lumiere-la-creativite-des-personnes-autistes","status":"publish","type":"post","link":"https:\/\/www.europesays.com\/fr\/110277\/","title":{"rendered":"Nancy. Le Blue Music Festival met en lumi\u00e8re la cr\u00e9ativit\u00e9 des personnes autistes"},"content":{"rendered":"<p>Avant toute chose, Eve Martinetto, pr\u00e9sidente de l\u2019association \u00ab\u00a0Art\u2019Sperger\u00a0\u00bb tient \u00e0 remercier toutes celles et ceux qui ont, en 2024, apport\u00e9 leur soutien, qu\u2019il soit humain, logistique, financier ou artistique, ayant jou\u00e9 un r\u00f4le d\u00e9cisif dans la r\u00e9ussite de l\u2019\u00e9dition 2024 du Blue Music Festival.<\/p>\n<p>Cet \u00e9v\u00e9nement, port\u00e9 par l\u2019association \u00ab\u00a0Art\u2019Sperger\u00a0\u00bb, est consacr\u00e9 \u00e0 la neurodiversit\u00e9&#8230;<\/p>\n","protected":false},"excerpt":{"rendered":"Avant toute chose, Eve Martinetto, pr\u00e9sidente de l\u2019association \u00ab\u00a0Art\u2019Sperger\u00a0\u00bb tient \u00e0 remercier toutes celles et ceux qui ont,&hellip;\n","protected":false},"author":2,"featured_media":110278,"comment_status":"","ping_status":"","sticky":false,"template":"","format":"standard","meta":{"footnotes":""},"categories":[9635],"tags":[1111,11,1687,1704,1777,674,1011,27,775,1702,1703,12,25,3140],"class_list":{"0":"post-110277","1":"post","2":"type-post","3":"status-publish","4":"format-standard","5":"has-post-thumbnail","7":"category-nancy","8":"tag-actu","9":"tag-actualites","10":"tag-culture-loisirs","11":"tag-edition-nancy-et-agglomeration","12":"tag-eu","13":"tag-europe","14":"tag-fr","15":"tag-france","16":"tag-grand-est","17":"tag-nancy","18":"tag-nancy-ville-54b","19":"tag-news","20":"tag-republique-francaise","21":"tag-spectacle"},"share_on_mastodon":{"url":"https:\/\/pubeurope.com\/@fr\/114531041641861907","error":""},"_links":{"self":[{"href":"https:\/\/www.europesays.com\/fr\/wp-json\/wp\/v2\/posts\/110277","targetHints":{"allow":["GET"]}}],"collection":[{"href":"https:\/\/www.europesays.com\/fr\/wp-json\/wp\/v2\/posts"}],"about":[{"href":"https:\/\/www.europesays.com\/fr\/wp-json\/wp\/v2\/types\/post"}],"author":[{"embeddable":true,"href":"https:\/\/www.europesays.com\/fr\/wp-json\/wp\/v2\/users\/2"}],"replies":[{"embeddable":true,"href":"https:\/\/www.europesays.com\/fr\/wp-json\/wp\/v2\/comments?post=110277"}],"version-history":[{"count":0,"href":"https:\/\/www.europesays.com\/fr\/wp-json\/wp\/v2\/posts\/110277\/revisions"}],"wp:featuredmedia":[{"embeddable":true,"href":"https:\/\/www.europesays.com\/fr\/wp-json\/wp\/v2\/media\/110278"}],"wp:attachment":[{"href":"https:\/\/www.europesays.com\/fr\/wp-json\/wp\/v2\/media?parent=110277"}],"wp:term":[{"taxonomy":"category","embeddable":true,"href":"https:\/\/www.europesays.com\/fr\/wp-json\/wp\/v2\/categories?post=110277"},{"taxonomy":"post_tag","embeddable":true,"href":"https:\/\/www.europesays.com\/fr\/wp-json\/wp\/v2\/tags?post=110277"}],"curies":[{"name":"wp","href":"https:\/\/api.w.org\/{rel}","templated":true}]}}