{"id":1102831,"date":"2026-08-02T08:25:16","date_gmt":"2026-08-02T08:25:16","guid":{"rendered":"https:\/\/www.europesays.com\/fr\/1102831\/"},"modified":"2026-08-02T08:25:16","modified_gmt":"2026-08-02T08:25:16","slug":"sept-a-huit-tf1-qui-est-linvite-du-portrait-daudrey-crespo-2","status":"publish","type":"post","link":"https:\/\/www.europesays.com\/fr\/1102831\/","title":{"rendered":"Sept \u00e0 Huit (TF1) : qui est l\u2019invit\u00e9 du portrait d\u2019Audrey Crespo- &#8230;"},"content":{"rendered":"<ul class=\"en-bref-list\">\n<li>Ce 2 ao\u00fbt 2026 sur TF1, le magazine Sept \u00e0 Huit revient avec<br \/>\nportrait de la semaine men\u00e9 par H\u00e9l\u00e8ne Mannarino, signature<br \/>\nd&rsquo;Audrey Crespo-Mara.<\/li>\n<li>L&rsquo;identit\u00e9 de l&rsquo;invit\u00e9 du portrait reste volontairement<br \/>\nsecr\u00e8te, TF1 ne livrant que la promesse d&rsquo;une \u00ab histoire forte \u00bb<br \/>\npour ce nouveau t\u00eate-\u00e0-t\u00eate.<\/li>\n<li>Ce myst\u00e8re alimente sp\u00e9culations des fid\u00e8les de la Une et<br \/>\nlaisse pr\u00e9sager un t\u00e9moignage intense, capable de marquer l&rsquo;\u00e9t\u00e9<br \/>\n2026 de Sept \u00e0 Huit.<\/li>\n<li>Ce r\u00e9sum\u00e9 g\u00e9n\u00e9r\u00e9 par IA a \u00e9t\u00e9 valid\u00e9 par les journalistes de la<br \/>\nr\u00e9daction.<\/li>\n<\/ul>\n<p>L&rsquo;image en clair-obscur de la grande interview de fin de<br \/>\nweek-end reviendra ce dimanche 2 ao\u00fbt 2026 sur<br \/>\n<strong>TF1<\/strong>. Comme chaque semaine, le magazine<br \/>\nd&rsquo;information <strong>Sept \u00e0 Huit<\/strong> fermera la soir\u00e9e avec<br \/>\nson portrait de la semaine, devenu un rendez-vous incontournable.<br \/>\nMais, \u00e0 l&rsquo;approche de cette nouvelle \u00e9dition, une question reste<br \/>\nenti\u00e8re pour les fid\u00e8les de la Une : qui s&rsquo;installera dans le<br \/>\nfauteuil face \u00e0 H\u00e9l\u00e8ne Mannarino ?<\/p>\n<p>Car si le portrait porte toujours la signature d&rsquo;<strong>Audrey<br \/>\nCrespo-Mara<\/strong>, c&rsquo;est bien sa joker estivale qui m\u00e8ne le<br \/>\nface-\u00e0-face \u00e0 l&rsquo;\u00e9cran. Apr\u00e8s Tony Parker, Pascal Obispo ou encore<br \/>\nAudrey Fleurot, ce nouveau num\u00e9ro fait beaucoup parler. La question<br \/>\nde savoir qui est l&rsquo;invit\u00e9 du portrait d&rsquo;Audrey Crespo-Mara ce 2<br \/>\nao\u00fbt 2026 agite d\u00e9j\u00e0 les r\u00e9seaux sociaux.<\/p>\n<p>Sept \u00e0 Huit ce 2 ao\u00fbt : le rendez-vous dominical sur TF1<\/p>\n<p>Ce dimanche, la case info de TF1 s&rsquo;ouvrira en fin d&rsquo;apr\u00e8s-midi<br \/>\navec Grands reportages, avant de basculer \u00e0 17h20 sur Sept \u00e0 Huit<br \/>\nLife, consacr\u00e9 aux histoires de Fran\u00e7ais. \u00c0 partir d&rsquo;environ 18h10,<br \/>\nplace au magazine Sept \u00e0 Huit pr\u00e9sent\u00e9 par Harry Roselmack, qui<br \/>\nencha\u00eenera plusieurs reportages d&rsquo;actualit\u00e9 internationale,<br \/>\npolitique ou soci\u00e9tale.<\/p>\n<p>Comme toujours, le portrait de la semaine arrivera en fin<br \/>\nd&rsquo;\u00e9mission. C&rsquo;est dans ce bloc que se d\u00e9roulera le long entretien<br \/>\nsign\u00e9 Audrey Crespo-Mara, mais incarn\u00e9 \u00e0 l&rsquo;antenne par <a href=\"https:\/\/www.telestar.fr\/people\/audrey-crespo-mara-absente-de-sept-a-huit-sa-remplacante-helene-mannarino-evoque-lappel-de-la-veuve-de-thierry-ardisson-1732019\" rel=\"nofollow noopener\" target=\"_blank\"><br \/>\nla journaliste H\u00e9l\u00e8ne Mannarino<\/a> pour tout l&rsquo;\u00e9t\u00e9 2026. Un<br \/>\nt\u00eate-\u00e0-t\u00eate tourn\u00e9 en clair-obscur, pens\u00e9 pour laisser le temps aux<br \/>\nconfidences.<\/p>\n<p>Un invit\u00e9 gard\u00e9 secret : H\u00e9l\u00e8ne Mannarino face \u00e0 un nouveau<br \/>\ndestin<\/p>\n<p>\u00c0 la date de r\u00e9daction de ces lignes, aucune grille ni synopsis<br \/>\nd\u00e9taill\u00e9 ne r\u00e9v\u00e8le encore l&rsquo;identit\u00e9 de l&rsquo;invit\u00e9 du portrait du 2<br \/>\nao\u00fbt 2026. Une strat\u00e9gie d\u00e9j\u00e0 observ\u00e9e pour les num\u00e9ros des 5 et 26<br \/>\njuillet. En effet, seule la promesse d&rsquo;une histoire forte figurait<br \/>\ndans les bandes-annonces et les r\u00e9sum\u00e9s de l&rsquo;\u00e9mission \u00e0 voir<br \/>\n<a href=\"https:\/\/www.tf1.fr\/tf1\/sept-a-huit\" rel=\"nofollow noopener\" target=\"_blank\">sur la cha\u00eene et le<br \/>\nsite TF1<\/a>.<\/p>\n<p>Depuis le d\u00e9but de la saison, Sept \u00e0 Huit alterne personnalit\u00e9s<br \/>\ntr\u00e8s connues et t\u00e9moins anonymes. Le portrait a ainsi re\u00e7u Pascal<br \/>\nObispo, Alex Lutz, Audrey Fleurot ou Tony Parker, mais aussi<br \/>\nJuliette Poggioli, m\u00e8re d&rsquo;un enfant atteint d&rsquo;une leuc\u00e9mie T.<br \/>\nChaque fois, l&rsquo;invit\u00e9 est annonc\u00e9 comme une personnalit\u00e9 ou un<br \/>\nt\u00e9moin au parcours marquant, sans d\u00e9tails suppl\u00e9mentaires.<\/p>\n<p>Le portrait de la semaine : Audrey<br \/>\nCrespo-Mara et H\u00e9l\u00e8ne Mannarino en tandem<\/p>\n<p>Devenu la marque de fabrique de Sept \u00e0 Huit, le portrait a<br \/>\nd&rsquo;abord \u00e9t\u00e9 port\u00e9 par Thierry Demaizi\u00e8re. Ensuite, il a \u00e9t\u00e9<br \/>\npr\u00e9sent\u00e9 par St\u00e9phanie Davoigneau, avant d&rsquo;\u00eatre confi\u00e9 en 2020 \u00e0<br \/>\nAudrey Crespo-Mara <a href=\"https:\/\/www.telestar.fr\/actu_tv\/jt-de-20h-sur-tf1-audrey-crespo-mara-au-sommet-son-premier-week-end-estival-face-a-laurent-delahousse-defie-les-attentes-1774162\" rel=\"nofollow noopener\" target=\"_blank\"><br \/>\nqui est rest\u00e9e au sommet<\/a>. Depuis, la journaliste du JT de<br \/>\nweek-end impose sa patte dans cette interview au long cours, m\u00ealant<br \/>\nactualit\u00e9 et confidences personnelles.<\/p>\n<p>Pour la deuxi\u00e8me saison d&rsquo;\u00e9t\u00e9, Audrey Crespo-Mara laisse<br \/>\ncependant son portrait \u00e0 H\u00e9l\u00e8ne Mannarino. Apr\u00e8s plusieurs num\u00e9ros<br \/>\nr\u00e9ussis en 2025, la pr\u00e9sentatrice de C&rsquo;est Canteloup m\u00e8ne de<br \/>\nnouveau les entretiens, comme celui consacr\u00e9 \u00e0 Tony Parker en juin<br \/>\n2026. Passionn\u00e9e, elle assume admirer ce format : \u00ab\u00a0J&rsquo;ai grandi<br \/>\navec les interviews [et la voix de Thierry Demaizi\u00e8re]. Je r\u00eavais \u00e0<br \/>\nce moment-l\u00e0 de pouvoir faire le portrait de &lsquo;Sept \u00e0 Huit&rsquo;. On pose<br \/>\nles choses, on prend du temps\u00a0\u00bb, avait-elle confi\u00e9 en juillet<br \/>\n2025 \u00e0 \u00ab\u00a020 Minutes\u00a0\u00bb. Avant d&rsquo;ajouter : \u00ab\u00a0Quand on me l&rsquo;a propos\u00e9<br \/>\npour remplacer Audrey [Crespo-Mara], c&rsquo;\u00e9tait un grand moment<br \/>\nd&rsquo;\u00e9motion. Pour moi, c&rsquo;est le graal absolu.\u00a0\u00bb<\/p>\n","protected":false},"excerpt":{"rendered":"Ce 2 ao\u00fbt 2026 sur TF1, le magazine Sept \u00e0 Huit revient avec portrait de la semaine men\u00e9&hellip;\n","protected":false},"author":2,"featured_media":1102832,"comment_status":"","ping_status":"","sticky":false,"template":"","format":"standard","meta":{"footnotes":"","_share_on_mastodon":"0"},"categories":[1356],"tags":[58,2889,59,1011,27,17978,252,1364],"class_list":["post-1102831","post","type-post","status-publish","format-standard","has-post-thumbnail","category-television","tag-divertissement","tag-emission","tag-entertainment","tag-fr","tag-france","tag-sept-a-huit","tag-television","tag-tv"],"share_on_mastodon":{"url":"","error":""},"_links":{"self":[{"href":"https:\/\/www.europesays.com\/fr\/wp-json\/wp\/v2\/posts\/1102831","targetHints":{"allow":["GET"]}}],"collection":[{"href":"https:\/\/www.europesays.com\/fr\/wp-json\/wp\/v2\/posts"}],"about":[{"href":"https:\/\/www.europesays.com\/fr\/wp-json\/wp\/v2\/types\/post"}],"author":[{"embeddable":true,"href":"https:\/\/www.europesays.com\/fr\/wp-json\/wp\/v2\/users\/2"}],"replies":[{"embeddable":true,"href":"https:\/\/www.europesays.com\/fr\/wp-json\/wp\/v2\/comments?post=1102831"}],"version-history":[{"count":0,"href":"https:\/\/www.europesays.com\/fr\/wp-json\/wp\/v2\/posts\/1102831\/revisions"}],"wp:featuredmedia":[{"embeddable":true,"href":"https:\/\/www.europesays.com\/fr\/wp-json\/wp\/v2\/media\/1102832"}],"wp:attachment":[{"href":"https:\/\/www.europesays.com\/fr\/wp-json\/wp\/v2\/media?parent=1102831"}],"wp:term":[{"taxonomy":"category","embeddable":true,"href":"https:\/\/www.europesays.com\/fr\/wp-json\/wp\/v2\/categories?post=1102831"},{"taxonomy":"post_tag","embeddable":true,"href":"https:\/\/www.europesays.com\/fr\/wp-json\/wp\/v2\/tags?post=1102831"}],"curies":[{"name":"wp","href":"https:\/\/api.w.org\/{rel}","templated":true}]}}