{"id":1102853,"date":"2026-08-02T08:41:26","date_gmt":"2026-08-02T08:41:26","guid":{"rendered":"https:\/\/www.europesays.com\/fr\/1102853\/"},"modified":"2026-08-02T08:41:26","modified_gmt":"2026-08-02T08:41:26","slug":"football-ligue-2-le-dfco-boucle-sa-preparation-par-un-match-nul-a-nancy","status":"publish","type":"post","link":"https:\/\/www.europesays.com\/fr\/1102853\/","title":{"rendered":"Football \u2013 Ligue 2. Le DFCO boucle sa pr\u00e9paration par un match nul \u00e0 Nancy"},"content":{"rendered":"<p>\u00c0 une semaine du d\u00e9but de la saison de Ligue 2, le DFCO a livr\u00e9 un match anim\u00e9 au stade Marcel-Picot de Nancy (2-2). Les joueurs de Baptiste Ridira, face \u00e0 des Lorrains qu\u2019ils retrouveront en championnat cette saison, ont vu Jordan Mari\u00e9 et Tyris Dong \u00e9galiser \u00e0 deux reprises. Les Dijonnais terminent leur pr\u00e9paration en \u00e9tant invaincus (5 victoires, 2 nuls).<\/p>\n","protected":false},"excerpt":{"rendered":"\u00c0 une semaine du d\u00e9but de la saison de Ligue 2, le DFCO a livr\u00e9 un match anim\u00e9&hellip;\n","protected":false},"author":2,"featured_media":1102854,"comment_status":"","ping_status":"","sticky":false,"template":"","format":"standard","meta":{"footnotes":"","_share_on_mastodon":"0"},"categories":[9635],"tags":[1111,11,2931,24879,2930,8588,1777,674,107,63,1011,27,2798,9540,775,1702,12,25,517],"class_list":["post-1102853","post","type-post","status-publish","format-standard","has-post-thumbnail","category-nancy","tag-actu","tag-actualites","tag-cote-dor","tag-dfco-dijon-football-cote-dor","tag-dijon","tag-edition-dijon-et-son-agglomeration","tag-eu","tag-europe","tag-fil-info","tag-football","tag-fr","tag-france","tag-galerie-photo","tag-galerie-sport","tag-grand-est","tag-nancy","tag-news","tag-republique-francaise","tag-sport"],"share_on_mastodon":{"url":"https:\/\/pubeurope.com\/@fr\/117025025996932721","error":""},"_links":{"self":[{"href":"https:\/\/www.europesays.com\/fr\/wp-json\/wp\/v2\/posts\/1102853","targetHints":{"allow":["GET"]}}],"collection":[{"href":"https:\/\/www.europesays.com\/fr\/wp-json\/wp\/v2\/posts"}],"about":[{"href":"https:\/\/www.europesays.com\/fr\/wp-json\/wp\/v2\/types\/post"}],"author":[{"embeddable":true,"href":"https:\/\/www.europesays.com\/fr\/wp-json\/wp\/v2\/users\/2"}],"replies":[{"embeddable":true,"href":"https:\/\/www.europesays.com\/fr\/wp-json\/wp\/v2\/comments?post=1102853"}],"version-history":[{"count":0,"href":"https:\/\/www.europesays.com\/fr\/wp-json\/wp\/v2\/posts\/1102853\/revisions"}],"wp:featuredmedia":[{"embeddable":true,"href":"https:\/\/www.europesays.com\/fr\/wp-json\/wp\/v2\/media\/1102854"}],"wp:attachment":[{"href":"https:\/\/www.europesays.com\/fr\/wp-json\/wp\/v2\/media?parent=1102853"}],"wp:term":[{"taxonomy":"category","embeddable":true,"href":"https:\/\/www.europesays.com\/fr\/wp-json\/wp\/v2\/categories?post=1102853"},{"taxonomy":"post_tag","embeddable":true,"href":"https:\/\/www.europesays.com\/fr\/wp-json\/wp\/v2\/tags?post=1102853"}],"curies":[{"name":"wp","href":"https:\/\/api.w.org\/{rel}","templated":true}]}}