{"id":1102876,"date":"2026-08-02T09:04:14","date_gmt":"2026-08-02T09:04:14","guid":{"rendered":"https:\/\/www.europesays.com\/fr\/1102876\/"},"modified":"2026-08-02T09:04:14","modified_gmt":"2026-08-02T09:04:14","slug":"vente-du-fc-nantes-le-president-du-club-denonce-une-rumeur-totalement-infondee","status":"publish","type":"post","link":"https:\/\/www.europesays.com\/fr\/1102876\/","title":{"rendered":"Vente du FC Nantes : Le pr\u00e9sident du club d\u00e9nonce \u00ab une rumeur totalement infond\u00e9e \u00bb"},"content":{"rendered":"<p>Tandis que le club reprend en Ligue 2, avec l\u2019espoir de s\u2019en extraire, une vente reste d\u2019actualit\u00e9 en coulisses. M\u00eame si Waldemar Kita d\u00e9ment tout accord.<\/p>\n<p>Il l\u2019exprimerait sans doute diff\u00e9remment, mais Waldemar Kita, dont le flair d\u2019entrepreneur ne peut \u00eatre contest\u00e9, n\u2019a pas tout bien senti la saison pass\u00e9e avec le <a href=\"https:\/\/www.google.com\/url?client=internal-element-cse&amp;cx=7224492ce357c42ad&amp;q=https:\/\/www.latribune.fr\/article\/la-tribune-dimanche\/sports\/1044450029535714\/les-filles-s-eclatent-a-l-entrainement-au-fc-nantes-lequipe-feminine-vit-une-saison-historique&amp;sa=U&amp;ved=2ahUKEwiH9IfH4_-VAxUJU6QEHSNmDPIQFnoECAcQAg&amp;usg=AOvVaw2bg3bmTAmOAsb2ubUfT8ck&amp;fexp=121575042,121575040\" target=\"_self\" rel=\"nofollow noopener\">FC Nantes<\/a>. Cens\u00e9 b\u00e2tir une nouvelle identit\u00e9 de jeu, Luis Castro, qui venait d\u2019enchanter Dunkerque (Ligue 2), a \u00e9t\u00e9 cong\u00e9di\u00e9 avant l\u2019arriv\u00e9e de l\u2019hiver. \u00ab\u202fCe coach va faire descendre deux clubs dans la m\u00eame ann\u00e9e\u202f\u00bb, pressentait ensuite le pr\u00e9sident fin avril, dans un entretien \u00e0 Eurosport.<\/p>\n<p>Sauf que Levante, nouveau point de chute du Portugais, s\u2019est maintenu en Liga. Tandis que les Canaris, eux, ont bien quitt\u00e9 le nid de la Ligue\u202f1. En consommant les 22e et 23e\u202fentra\u00eeneurs (le n\u00e9ophyte Ahmed Kantari puis le totem Vahid\u202fHalilhodzic) de l\u2019\u00e8re Kita, d\u00e9but\u00e9e \u00e0 l\u2019\u00e9t\u00e9 2007. \u00c0 l\u2019\u00e9poque de son rachat, pour une somme estim\u00e9e \u00e0 10\u202fmillions d\u2019euros, le club venait justement de conna\u00eetre sa premi\u00e8re rel\u00e9gation, apr\u00e8s quarante-quatre ans de pr\u00e9sence dans l\u2019\u00e9lite, jalonn\u00e9e de huit titres de champion.<\/p>\n<p><a target=\"_self\" href=\"https:\/\/www.latribune.fr\/article\/idees\/14816948196816\/opinion-coupe-du-monde-2026-et-si-le-football-n-etait-plus-seulement-du-soft-power\" rel=\"nofollow noopener\"><\/p>\n<p class=\"text-[12px] mb-[12px] font-bold ltd:leading-[16px]\">A LIRE AUSSI<\/p>\n<p class=\"text-[20px] ac:text-[18px] leading-[120%] ac:leading-[130%] text-lt-primary-dark ac:text-ac-primary font-slab font-bold ltd:font-semibold ltd:tracking-[-0.4px] ac:font-ac-slab ltd:font-ltd-slab\">OPINION. \u00ab\u2009Coupe du monde 2026 : et si le football n\u2019\u00e9tait plus seulement du soft power ?\u2009\u00bb<\/p>\n<p><\/a><\/p>\n<p>Michel Der\u202fZakarian, artisan de la remont\u00e9e imm\u00e9diate \u2013\u202fet d\u2019une autre en 2013\u202f\u2013, a \u00e9t\u00e9 rappel\u00e9 cet \u00e9t\u00e9 pour refaire le coup. Mais Waldemar Kita sera-t-il encore l\u00e0, vingt ans apr\u00e8s, si cela devait se produire\u2009? La question peut se poser, car les discussions autour d\u2019une vente, sujet r\u00e9guli\u00e8rement \u00e9voqu\u00e9 sur les bords de l\u2019Erdre, ont, selon nos informations, pris une nouvelle tournure. Au point de d\u00e9boucher, il y a environ trois semaines, sur un protocole d\u2019accord avec un groupe d\u2019investisseurs, aux fonds d\u2019origine britannique. Et cela apr\u00e8s qu\u2019un audit externe a \u00e9t\u00e9 effectu\u00e9.<\/p>\n","protected":false},"excerpt":{"rendered":"Tandis que le club reprend en Ligue 2, avec l\u2019espoir de s\u2019en extraire, une vente reste d\u2019actualit\u00e9 en&hellip;\n","protected":false},"author":2,"featured_media":1102877,"comment_status":"","ping_status":"","sticky":false,"template":"","format":"standard","meta":{"footnotes":"","_share_on_mastodon":"0"},"categories":[2818],"tags":[5734,1111,11,1777,674,1011,27,3102,766,12,2636,25,113513],"class_list":["post-1102876","post","type-post","status-publish","format-standard","has-post-thumbnail","category-nantes","tag-5734","tag-actu","tag-actualites","tag-eu","tag-europe","tag-fr","tag-france","tag-la-tribune-dimanche","tag-nantes","tag-news","tag-pays-de-la-loire","tag-republique-francaise","tag-vente-du-fc-nantes-le-president-du-club-denonce-une-rumeur-totalement-infondee"],"share_on_mastodon":{"url":"https:\/\/pubeurope.com\/@fr\/117025116409356401","error":""},"_links":{"self":[{"href":"https:\/\/www.europesays.com\/fr\/wp-json\/wp\/v2\/posts\/1102876","targetHints":{"allow":["GET"]}}],"collection":[{"href":"https:\/\/www.europesays.com\/fr\/wp-json\/wp\/v2\/posts"}],"about":[{"href":"https:\/\/www.europesays.com\/fr\/wp-json\/wp\/v2\/types\/post"}],"author":[{"embeddable":true,"href":"https:\/\/www.europesays.com\/fr\/wp-json\/wp\/v2\/users\/2"}],"replies":[{"embeddable":true,"href":"https:\/\/www.europesays.com\/fr\/wp-json\/wp\/v2\/comments?post=1102876"}],"version-history":[{"count":0,"href":"https:\/\/www.europesays.com\/fr\/wp-json\/wp\/v2\/posts\/1102876\/revisions"}],"wp:featuredmedia":[{"embeddable":true,"href":"https:\/\/www.europesays.com\/fr\/wp-json\/wp\/v2\/media\/1102877"}],"wp:attachment":[{"href":"https:\/\/www.europesays.com\/fr\/wp-json\/wp\/v2\/media?parent=1102876"}],"wp:term":[{"taxonomy":"category","embeddable":true,"href":"https:\/\/www.europesays.com\/fr\/wp-json\/wp\/v2\/categories?post=1102876"},{"taxonomy":"post_tag","embeddable":true,"href":"https:\/\/www.europesays.com\/fr\/wp-json\/wp\/v2\/tags?post=1102876"}],"curies":[{"name":"wp","href":"https:\/\/api.w.org\/{rel}","templated":true}]}}