{"id":110294,"date":"2025-05-18T22:01:37","date_gmt":"2025-05-18T22:01:37","guid":{"rendered":"https:\/\/www.europesays.com\/fr\/110294\/"},"modified":"2025-05-18T22:01:37","modified_gmt":"2025-05-18T22:01:37","slug":"a-strasbourg-m-pokora-tombe-la-carapace","status":"publish","type":"post","link":"https:\/\/www.europesays.com\/fr\/110294\/","title":{"rendered":"\u00e0 Strasbourg, M.\u00a0Pokora tombe la carapace"},"content":{"rendered":"<p>\u00ab\u00a0Je ne suis pas en retard\u00a0? Non\u00a0? Un bon Alsacien, hein\u00a0!\u00a0\u00bb d\u00e9marre M. Pokora, 39 ans, qui vient \u00e0 la rencontre avec son p\u00e8re. Il s\u2019excuse pour sa voix un peu enrou\u00e9e\u00a0: il a pouss\u00e9 la chansonnette au gala de l\u2019\u00e9cole de ses enfants. Il vit d\u00e9sormais \u00e0 Paris mais garde un lien fort avec sa ville d\u2019origine, entre sa famille et maintenant son implication dans la SIG.<\/p>\n<blockquote class=\"question\"><p>Marine Leseigneur\u00a0: sur la sc\u00e8ne du Z\u00e9nith de Strasbourg ou de la Foire aux vins de Colmar, que ressentez-vous lorsque vous chantez \u00e0 la maison\u00a0?<\/p><\/blockquote>\n<p>\u00ab\u00a0Quand je monte sur sc\u00e8ne, je mets ma carapace \u201cM. Pokora\u201d. C\u2019est un peu comme si j\u2019enfilais une cape et que je prot\u00e9geais un peu Matthieu Tota. En Alsace, c\u2019est l\u2019endroit\u00a0o\u00f9 je ne le ressens pas parce que il y a trop de choses et de gens autour qui me ram\u00e8nent \u00e0 ma premi\u00e8re vie, avant de devenir chanteur. C\u2019est toujours tr\u00e8s fort en \u00e9motion.\u00a0\u00bb<\/p>\n<blockquote class=\"question\"><p>Lauriane Schmitt\u00a0: <a href=\"https:\/\/www.dna.fr\/videos\/matt-pokora-en-showcase-a-colmar-un-shot-d-adrenaline-xzpr5pr\" target=\"_blank\" rel=\"nofollow noopener\">Adr\u00e9naline \u00a0est votre 10e  album<\/a>\u00a0; quelle a \u00e9t\u00e9 votre source d\u2019inspiration\u00a0?<\/p><\/blockquote>\n<p>\u00ab\u00a0La source d\u2019inspiration a \u00e9t\u00e9 plus musicale. Contrairement \u00e0 \u00c9picentre \u2013 qui arrivait \u00e0 un moment o\u00f9 beaucoup de choses ont chang\u00e9 dans ma vie, je venais d\u2019avoir mes enfants, j\u2019avais des choses \u00e0 raconter \u2013 sur cet album, les th\u00e8mes sont plus l\u00e9gers, moins c\u00e9r\u00e9braux. C\u2019est juste l\u2019envie de m\u2019\u00e9clater musicalement en me r\u00e9f\u00e9rant \u00e0 ces influences anglo-saxonnes comme Micka\u00ebl Jackson, Prince ou Dire Straits, qui m\u2019ont amen\u00e9 \u00e0 la musique.\u00a0\u00bb<\/p>\n<blockquote class=\"question\"><p>Lucie Ferraz\u00a0: avez-vous un rituel avant de monter sur sc\u00e8ne\u00a0?<\/p><\/blockquote>\n<p>\u00ab\u00a0J\u2019aime me retrouver avec mes \u00e9quipes, connecter les \u00e9nergies. Et j\u2019ai toujours un petit discours qui est fonction de chaque concert, de chaque ville et des \u00e9v\u00e9nements, m\u00eame personnels, qui impactent la vie de notre \u201cfamille\u00a0\u201d en tourn\u00e9e. Mais sinon, je ne suis pas superstitieux, je n\u2019ai pas de cale\u00e7on ou de chaussettes f\u00e9tiches (rire). Je fais n\u00e9anmoins un petit \u00e9chauffement vocal et musculaire pour \u00eatre pr\u00eat sur sc\u00e8ne \u00e0 20h45. Et j\u2019essaye d\u2019\u00eatre toujours \u00e0 l\u2019heure.\u00a0\u00bb<\/p>\n<blockquote class=\"question\"><p>Florence Morin\u00a0: dans votre univers \u00e9clectique et multiculturel, que conservez-vous de vos racines et valeurs alsaciennes\u00a0?<\/p><\/blockquote>\n<p>\u00ab\u00a0La rigueur. Je le vois avec la SIG et son directoire o\u00f9 je c\u00f4toie d\u2019autres gens. Il y a une esp\u00e8ce de bon sens en Alsace, on ne s\u2019emballe pas, on est pragmatique, terre \u00e0 terre. Mes valeurs alsaciennes me d\u00e9finissent bien dans ma mani\u00e8re d\u2019aborder la vie en me r\u00e9f\u00e9rant \u00e0 ces figures r\u00e9gionales qui ont un peu cette m\u00eame \u201ccolonne vert\u00e9brale\u00a0\u201d. Je pense \u00e0 Ars\u00e8ne Wenger ou Marc Keller.\u00a0\u00bb<\/p>\n<blockquote class=\"question\"><p>Maelyn Grosson\u00a0: comment arrivez-vous \u00e0 concilier votre vie de famille et d\u2019artiste\u00a0?<\/p><\/blockquote>\n<p>\u00ab\u00a0C\u2019est rock\u2019n\u2019roll. J\u2019ai une femme qui est am\u00e9ricaine (la com\u00e9dienne Christina Milian, N.D.L.R.), qui doit bosser l\u00e0-bas, donc des fois ce n\u2019est pas facile. Quand je suis \u00e0 deux &#8211; trois heures de Paris, apr\u00e8s le concert, je rentre direct, comme \u00e7a, je peux passer une ou deux heures le matin avec les enfants avant de repartir. J\u2019organise aussi mon temps en studio. L\u2019album, je l\u2019ai fait entre 9h du matin et 18h, alors que normalement, on est plus des oiseaux de nuit. L\u00e0 je d\u00e9posais les petits \u00e0 l\u2018\u00e9cole et j\u2019encha\u00eenais direct.\u00a0\u00bb<\/p>\n<p class=\"txt\">Un duo ? Avec Chris Martin de Coldplay<\/p>\n<p class=\"nom\">M. Pokora<\/p>\n<blockquote class=\"question\"><p>Cynthia Schaeffer\u00a0: quels artistes figurent sur votre playlist\u00a0?<\/p><\/blockquote>\n<p>\u00ab\u00a0Beaucoup\u00a0: Youssoupha, la chanson gospel \u201cBelieve for it\u201d, l\u2019album de \u201cDirty Dancing\u201d, Toto, \u201cPurple Rain\u201d de Prince, Lionel Richie\u2026 J\u2019\u00e9coute trop de choses. C\u2019est pour cela que ma musique part un peu dans tous les sens.\u00a0\u00bb<\/p>\n<blockquote class=\"question\"><p>Tiffany Heiwy\u00a0: avec quel chanteur ou chanteuse aimerais-tu chanter en duo\u00a0?<\/p><\/blockquote>\n<p>\u00ab\u00a0Avec Coldplay, Chris Martin, si vous me suivez ce n\u2019est un secret pour personne. Je n\u2019ai rat\u00e9 aucun de leurs concerts depuis les ann\u00e9es 2000.\u00a0\u00bb<\/p>\n<blockquote class=\"question\"><p>H\u00e9l\u00e8ne Denni\u00a0: Louane d\u00e9fendra samedi soir les couleurs de la France \u00e0 l\u2019Eurovision. Que pensez-vous de sa prestation\u00a0?<\/p><\/blockquote>\n<p>\u00ab\u00a0Je ne l\u2019ai pas vue en entier. Le sens de sa chanson Maman est tr\u00e8s beau. Louane, je la connais depuis ses d\u00e9buts, on a fait ensemble les voix du dessin anim\u00e9 les Trolls et nos enfants sont dans la m\u00eame classe. Je lui souhaite vraiment de s\u2019\u00e9clater. Let\u2019s go Loulou\u00a0!\u00a0\u00bb<\/p>\n<p class=\"txt\">Je suis de tout c\u0153ur derri\u00e8re la SIG o\u00f9 un travail de fond est entrepris.<\/p>\n<p class=\"nom\">M. Pokora<\/p>\n<blockquote class=\"question\"><p>Florence Morin\u00a0: <a href=\"https:\/\/www.dna.fr\/sport\/2025\/05\/16\/une-drole-de-der-pour-la-sig\" target=\"_blank\" rel=\"nofollow noopener\">la SIG re\u00e7oit samedi Gravelines-Dunkerque<\/a>, serez-vous au Rhenus pour l\u2019encourager\u00a0?<\/p><\/blockquote>\n<p>\u00ab\u00a0Je ne peux pas rester \u00e0 Strasbourg. Mon emploi du temps est tr\u00e8s charg\u00e9 dans les prochains temps et il faut que je consacre un peu de temps \u00e0 mes enfants. Mais je suis de tout c\u0153ur derri\u00e8re la SIG o\u00f9 un travail de fond est entrepris. Il y a une nouvelle direction et je suis au directoire. Mon job cette ann\u00e9e a notamment \u00e9t\u00e9 le changement de logo, le merchandising ou le travail sur le jeu de lumi\u00e8res. On est dans le ventre mou du classement mais la salle est pleine. Cette mobilisation du public strasbourgeois, c\u2019est beau \u00e0 voir.\u00a0\u00bb<\/p>\n<blockquote class=\"question\"><p>Marine Leseigneur\u00a0: <a href=\"https:\/\/www.dna.fr\/sport\/2025\/05\/16\/juste-une-derniere-danse\" target=\"_blank\" rel=\"nofollow noopener\">un pronostic pour Racing Strasbourg-Le Havre samedi<\/a> ?<\/p><\/blockquote>\n<p>\u00ab\u00a0\u00c7a va \u00eatre la guerre parce que Le\u00a0Havre joue le maintien et le Racing joue une place en Europe. Ce n\u2019est pas parce qu\u2019il y a un grand \u00e9cart au classement que \u00e7a va \u00eatre une victoire assur\u00e9e ou facile. \u00c9videmment, je souhaite que le Racing l\u2019emporte et qu\u2019on retrouve l\u2019Europe. Mais \u00e7a ne va pas \u00eatre facile. Moi je vois un 2-1.\u00a0\u00bb<\/p>\n<blockquote class=\"question\"><p>Tiffany Heiwy\u00a0: quelle place tient le sport dans votre vie\u00a0?<\/p><\/blockquote>\n<p>\u00ab\u00a0C\u2019est mon \u00e9chappatoire. Avec mon r\u00f4le \u00e0 la SIG, cela accentue mes \u00e9motions. Le sport me permet de faire la bascule, \u201cswitcher\u201d apr\u00e8s les concerts. Dans la vie courante, je ne parle pas beaucoup de musique mais je suis tr\u00e8s bavard sur le sport. Cela vient de mon \u00e9ducation avec un papa footballeur. Le sport est une b\u00e9quille dans ma carri\u00e8re. J\u2019en ai besoin pour mon m\u00e9tier, dans ma cat\u00e9gorie de \u201cperformer\u201d qui implique discipline et hygi\u00e8ne de vie.\u00a0\u00bb<\/p>\n<blockquote class=\"question\"><p>Manon Himber\u00a0: vous avez tourn\u00e9 dans le t\u00e9l\u00e9film Le premier oubli\u00e9. Est-ce que le cin\u00e9ma vous fait des appels du pied\u00a0?<\/p><\/blockquote>\n<p>\u00ab\u00a0I\u2019m back (rire). Je tourne en juillet un film sur lequel on travaille depuis 5 ans. C\u2019est un fait historique en rapport avec l\u2019histoire de France. Mais je ne peux pas vous en dire plus sinon je vais me faire engueuler (rire).\u00a0\u00bb<\/p>\n<blockquote class=\"question\"><p>Cynthia Schaefer\u00a0: qu\u2019est-ce qui vous a le plus marqu\u00e9 dans votre carri\u00e8re\u00a0?<\/p><\/blockquote>\n<p>\u00ab\u00a0Le public. C\u2019est ce lien, c\u2019est le plus dur \u00e0 avoir. Tu peux faire toutes les musiques du monde, le plus important c\u2019est de trouver ton public. Depuis tout ce temps, d\u2018\u00eatre encore des milliers dans chaque salle, chaque tourn\u00e9e, chaque projet. C\u2019est ce dont j\u2019ai r\u00eav\u00e9 en \u00e9tant gamin, c\u2019est d\u2018\u00eatre sur sc\u00e8ne avec beaucoup de monde devant. \u00c7a a toujours \u00e9t\u00e9 \u00e7a. Cette fid\u00e9lit\u00e9, ces gens qui viennent co\u00fbte que co\u00fbte, peu importe le premier single, l\u2019album\u2026 C\u2019est ce dont je suis le plus fier. La dur\u00e9e, c\u2019est la plus belle des r\u00e9compenses.\u00a0\u00bb<\/p>\n<p class=\"txt\">La connexion avec le public, c\u2019est ce qui me motive.<\/p>\n<p class=\"nom\">M. Pokora<\/p>\n<blockquote class=\"question\"><p>Laura Dubreuil\u00a0: si vous pouviez parler au Matthieu de 17 ans, que lui diriez-vous\u00a0?<\/p><\/blockquote>\n<p>\u00ab\u00a017 ans, c\u2019\u00e9tait juste avant que je fasse Popstars. Je lui dirais\u00a0: tu as toutes les cartes en main. L\u2019\u00e9ducation, les valeurs\u2026 Les bases tu les as. \u00c0 l\u2019\u00e9cole je n\u2019\u00e9tais pas vraiment une tronche. C\u2019\u00e9tait OK en fran\u00e7ais, en histoire. Mais plus dur en mati\u00e8res scientifiques. J\u2019ajouterais \u00a0: maintenant, ce qui compte, c\u2019est le travail, la remise en question. Mais je lui dirais aussi que tout va bien se passer et qu\u2019il n\u2019y a rien de plus beau que de divertir les gens. La connexion avec le public, c\u2019est ce qui me motive. \u00c0 17 ans, j\u2019aurais aussi pu \u00e9voluer dans le foot ou dans la vente. Dans tous les cas j\u2019\u00e9tais en mission.\u00a0\u00bb<\/p>\n<blockquote class=\"question\"><p>H\u00e9l\u00e8ne Denni\u00a0: tu es un fid\u00e8le de la bande des Enfoir\u00e9s, que repr\u00e9sente ce rendez-vous annuel\u00a0?<\/p><\/blockquote>\n<p>\u00ab\u00a0C\u2019est un truc qui n\u2019existe nulle part ailleurs. Tu as des gens de tous les univers qui se retrouvent, c\u2019est un vrai bonheur interg\u00e9n\u00e9rationnel. Tant que ce spectacle g\u00e9n\u00e9rera ce qu\u2019il g\u00e9n\u00e8re pour les Restos du c\u0153ur\u00a0et que \u00e7a profite \u00e0 ceux dans le besoin, on le fera.\u00a0\u00bb<\/p>\n<blockquote class=\"question\"><p>Lauriane Schmitt\u00a0: d\u00e9fendez-vous d\u2019autres causes\u00a0?<\/p><\/blockquote>\n<p>\u00ab\u00a0Il y a la lutte contre la maladie d\u2019Alzheimer et le Fonds pour la Recherche M\u00e9dicale (FRM) dont la campagne de collecte se fait en septembre. Et ce sujet me touche personnellement\u2026\u00a0\u00bb<\/p>\n","protected":false},"excerpt":{"rendered":"\u00ab\u00a0Je ne suis pas en retard\u00a0? Non\u00a0? Un bon Alsacien, hein\u00a0!\u00a0\u00bb d\u00e9marre M. Pokora, 39 ans, qui vient&hellip;\n","protected":false},"author":2,"featured_media":110295,"comment_status":"","ping_status":"","sticky":false,"template":"","format":"standard","meta":{"footnotes":""},"categories":[2820],"tags":[1111,11,2389,1687,2880,1777,674,107,1011,27,2798,775,873,12,25,640,2879],"class_list":{"0":"post-110294","1":"post","2":"type-post","3":"status-publish","4":"format-standard","5":"has-post-thumbnail","7":"category-strasbourg","8":"tag-actu","9":"tag-actualites","10":"tag-alsace","11":"tag-culture-loisirs","12":"tag-edition-strasbourg","13":"tag-eu","14":"tag-europe","15":"tag-fil-info","16":"tag-fr","17":"tag-france","18":"tag-galerie-photo","19":"tag-grand-est","20":"tag-musique","21":"tag-news","22":"tag-republique-francaise","23":"tag-strasbourg","24":"tag-strasbourg-ville"},"share_on_mastodon":{"url":"https:\/\/pubeurope.com\/@fr\/114531092592999292","error":""},"_links":{"self":[{"href":"https:\/\/www.europesays.com\/fr\/wp-json\/wp\/v2\/posts\/110294","targetHints":{"allow":["GET"]}}],"collection":[{"href":"https:\/\/www.europesays.com\/fr\/wp-json\/wp\/v2\/posts"}],"about":[{"href":"https:\/\/www.europesays.com\/fr\/wp-json\/wp\/v2\/types\/post"}],"author":[{"embeddable":true,"href":"https:\/\/www.europesays.com\/fr\/wp-json\/wp\/v2\/users\/2"}],"replies":[{"embeddable":true,"href":"https:\/\/www.europesays.com\/fr\/wp-json\/wp\/v2\/comments?post=110294"}],"version-history":[{"count":0,"href":"https:\/\/www.europesays.com\/fr\/wp-json\/wp\/v2\/posts\/110294\/revisions"}],"wp:featuredmedia":[{"embeddable":true,"href":"https:\/\/www.europesays.com\/fr\/wp-json\/wp\/v2\/media\/110295"}],"wp:attachment":[{"href":"https:\/\/www.europesays.com\/fr\/wp-json\/wp\/v2\/media?parent=110294"}],"wp:term":[{"taxonomy":"category","embeddable":true,"href":"https:\/\/www.europesays.com\/fr\/wp-json\/wp\/v2\/categories?post=110294"},{"taxonomy":"post_tag","embeddable":true,"href":"https:\/\/www.europesays.com\/fr\/wp-json\/wp\/v2\/tags?post=110294"}],"curies":[{"name":"wp","href":"https:\/\/api.w.org\/{rel}","templated":true}]}}