{"id":1102949,"date":"2026-08-02T09:51:18","date_gmt":"2026-08-02T09:51:18","guid":{"rendered":"https:\/\/www.europesays.com\/fr\/1102949\/"},"modified":"2026-08-02T09:51:18","modified_gmt":"2026-08-02T09:51:18","slug":"il-rend-sa-tesla-model-3-apres-quatre-ans-de-leasing-et-recoit-une-facture-de-13-700-e","status":"publish","type":"post","link":"https:\/\/www.europesays.com\/fr\/1102949\/","title":{"rendered":"Il rend sa Tesla Model 3 apr\u00e8s quatre ans de leasing et re\u00e7oit une facture de 13 700 \u20ac"},"content":{"rendered":"<p itemprop=\"description\">En rendant sa Tesla Model 3 au terme de<br \/>\nson contrat de leasing, ce propri\u00e9taire ne s&rsquo;attendait certainement<br \/>\npas \u00e0 recevoir une facture de pr\u00e8s de 14 000 euros.<\/p>\n<p>En 2020, Dennis a pris possession d&rsquo;une <a href=\"https:\/\/www.autoplus.fr\/pratique\/entretien-fiabilite\/tesla-model-3-quelles-sont-les-pannes-les-plus-frequentes-1454944.html\" target=\"_blank\" rel=\"noopener nofollow\">Tesla Model 3<\/a> Performance. Apr\u00e8s<br \/>\nquatre ann\u00e9es de conduite sans probl\u00e8me, son contrat de leasing<br \/>\narrive \u00e0 \u00e9ch\u00e9ance en juillet 2024. Cependant, la restitution du<br \/>\nv\u00e9hicule \u00e0 la soci\u00e9t\u00e9 de leasing a r\u00e9v\u00e9l\u00e9 une mauvaise<br \/>\nsurprise.<\/p>\n<p>Difficult\u00e9s lors de la restitution d&rsquo;une Tesla Model 3<\/p>\n<p>Lors de la restitution de la <a href=\"https:\/\/www.autoplus.fr\/marque\/tesla\" target=\"_blank\" rel=\"noopener nofollow\">Tesla<\/a>, <strong>l&rsquo;entreprise T\u00dcV S\u00dcD<\/strong> a<br \/>\nidentifi\u00e9 plusieurs soucis. Les <strong>jantes<\/strong> \u00e9taient<br \/>\nab\u00eem\u00e9es, les <strong>points de levage<\/strong> du v\u00e9hicule<br \/>\npr\u00e9sentaient des signes de <strong>porosit\u00e9 et de<br \/>\nfissures<\/strong>, et le <strong>bo\u00eetier de la <a href=\"https:\/\/www.autoplus.fr\/environnement\/voiture-electrique\/kia-e-niro-hyundai-kona-tesla-model-3-les-batteries-qui-vieillissent-le-mieux-apres-100-000-km-1457640.html\" target=\"_blank\" rel=\"noopener nofollow\">batterie<\/a><\/strong> n\u00e9cessitait un<br \/>\nremplacement. Le co\u00fbt total des r\u00e9parations s&rsquo;\u00e9l\u00e8ve \u00e0 <strong>13<br \/>\n700 euros<\/strong>, d&rsquo;apr\u00e8s le rapport de T\u00dcV S\u00dcD. Dennis ne<br \/>\ns&rsquo;attendait pas du tout \u00e0 recevoir une telle facture.<\/p>\n<p>Malheureusement, ce n&rsquo;est pas un cas isol\u00e9. En<br \/>\n<strong>2022<\/strong>, un autre propri\u00e9taire de Tesla a rencontr\u00e9<br \/>\nune situation similaire. Tesla avait <strong>minimis\u00e9 la gravit\u00e9<br \/>\ndes dommages.<\/strong> Cependant, les fissures aux points de levage<br \/>\nsont pr\u00e9occupantes car elles permettent \u00e0 l&rsquo;humidit\u00e9 et au sel<br \/>\nd&rsquo;atteindre la zone proche de la batterie, surtout en hiver. De<br \/>\nplus, ces d\u00e9fauts pourraient causer d&rsquo;autres probl\u00e8mes lors de<br \/>\nl&rsquo;\u00e9l\u00e9vation d&rsquo;une Tesla Model 3 sur un pont \u00e9l\u00e9vateur, ce qui peut<br \/>\nposer un risque lors des entretiens r\u00e9guliers.<\/p>\n<p><img loading=\"lazy\" decoding=\"async\" aria-describedby=\"caption-attachment-1342075\" itemprop=\"thumbnailUrl\" class=\"size-full wp-image-1342075 img-responsive\" src=\"https:\/\/www.europesays.com\/fr\/wp-content\/uploads\/2026\/08\/fissures-tesla-model-3.jpg\" alt=\"Des fissures de Tesla\" width=\"935\" height=\"526\"  \/> \u00a9 chip.de<\/p>\n<p id=\"caption-attachment-1342075\" class=\"wp-caption-text\">Voici le<br \/>\ntype de fissures qui se forment \u00e0 l&rsquo;endroit o\u00f9 le cric doit se<br \/>\nplacer.<\/p>\n<p>Pour l&rsquo;instant, Tesla n&rsquo;a pas encore r\u00e9agi \u00e0 ces all\u00e9gations. En<br \/>\n<strong>2021<\/strong>, un client a not\u00e9 sur sa facture que \u00ab\u00a0le<br \/>\nprocessus de fabrication a \u00e9t\u00e9 am\u00e9lior\u00e9 le 26 avril 2021\u00a0\u00bb, ce qui<br \/>\nlaisse entendre que ce <strong>probl\u00e8me pourrait \u00eatre courant pour<br \/>\ncette s\u00e9rie.<\/strong><\/p>\n<p>Un souci r\u00e9current sur les mod\u00e8les produits entre 2020 et<br \/>\n2021<\/p>\n<p>Ainsi, de nombreux exemplaires de Tesla Model 3 fabriqu\u00e9s<br \/>\n<strong>entre 2020 et 2021<\/strong> pourraient pr\u00e9senter ces<br \/>\nfissures aux points de levage. Comme Dennis, d&rsquo;autres utilisateurs<br \/>\nde Tesla Model 3 pourraient se retrouver avec une facture \u00e9lev\u00e9e<br \/>\nlorsqu&rsquo;ils rendront leur v\u00e9hicule cette ann\u00e9e.<\/p>\n<p>Il est donc conseill\u00e9 aux conducteurs ayant lou\u00e9 une Tesla Model<br \/>\n3 durant cette p\u00e9riode de <strong>rester vigilants.<\/strong><br \/>\nL&rsquo;avocat Christoph Lindner recommande aux clients concern\u00e9s de<br \/>\n<strong>ne pas c\u00e9der.<\/strong> Il sugg\u00e8re d&rsquo;abord de<br \/>\n<strong>contester les r\u00e9clamations<\/strong>, puis de notifier au<br \/>\nloueur que les dommages aux points de levage ne sont pas de leur<br \/>\nresponsabilit\u00e9. Pour \u00e9viter de telles situations, les clients<br \/>\ndevraient envisager de consulter un avocat.<\/p>\n<p>Pour ne pas avoir \u00e0 payer pr\u00e8s de <strong>14 000 euros<\/strong><br \/>\nlors de la restitution de votre Tesla Model 3, il est crucial de<br \/>\n<strong>bien examiner le v\u00e9hicule avant de le prendre en<br \/>\ncharge.<\/strong> Que ce soit pour la carrosserie ou sous la<br \/>\nvoiture, chaque d\u00e9tail compte.<\/p>\n","protected":false},"excerpt":{"rendered":"En rendant sa Tesla Model 3 au terme de son contrat de leasing, ce propri\u00e9taire ne s&rsquo;attendait certainement&hellip;\n","protected":false},"author":2,"featured_media":1102950,"comment_status":"","ping_status":"","sticky":false,"template":"","format":"standard","meta":{"footnotes":"","_share_on_mastodon":"0"},"categories":[6],"tags":[35,33,34,1011,27,6055],"class_list":["post-1102949","post","type-post","status-publish","format-standard","has-post-thumbnail","category-economie","tag-business","tag-economie","tag-economy","tag-fr","tag-france","tag-republishing"],"share_on_mastodon":{"url":"https:\/\/pubeurope.com\/@fr\/117025302784538483","error":""},"_links":{"self":[{"href":"https:\/\/www.europesays.com\/fr\/wp-json\/wp\/v2\/posts\/1102949","targetHints":{"allow":["GET"]}}],"collection":[{"href":"https:\/\/www.europesays.com\/fr\/wp-json\/wp\/v2\/posts"}],"about":[{"href":"https:\/\/www.europesays.com\/fr\/wp-json\/wp\/v2\/types\/post"}],"author":[{"embeddable":true,"href":"https:\/\/www.europesays.com\/fr\/wp-json\/wp\/v2\/users\/2"}],"replies":[{"embeddable":true,"href":"https:\/\/www.europesays.com\/fr\/wp-json\/wp\/v2\/comments?post=1102949"}],"version-history":[{"count":0,"href":"https:\/\/www.europesays.com\/fr\/wp-json\/wp\/v2\/posts\/1102949\/revisions"}],"wp:featuredmedia":[{"embeddable":true,"href":"https:\/\/www.europesays.com\/fr\/wp-json\/wp\/v2\/media\/1102950"}],"wp:attachment":[{"href":"https:\/\/www.europesays.com\/fr\/wp-json\/wp\/v2\/media?parent=1102949"}],"wp:term":[{"taxonomy":"category","embeddable":true,"href":"https:\/\/www.europesays.com\/fr\/wp-json\/wp\/v2\/categories?post=1102949"},{"taxonomy":"post_tag","embeddable":true,"href":"https:\/\/www.europesays.com\/fr\/wp-json\/wp\/v2\/tags?post=1102949"}],"curies":[{"name":"wp","href":"https:\/\/api.w.org\/{rel}","templated":true}]}}