{"id":1103021,"date":"2026-08-02T10:39:17","date_gmt":"2026-08-02T10:39:17","guid":{"rendered":"https:\/\/www.europesays.com\/fr\/1103021\/"},"modified":"2026-08-02T10:39:17","modified_gmt":"2026-08-02T10:39:17","slug":"royaume-uni-andy-burnham-plaide-pour-une-constitution-ecrite-actualites","status":"publish","type":"post","link":"https:\/\/www.europesays.com\/fr\/1103021\/","title":{"rendered":"Royaume-Uni : Andy Burnham plaide pour une constitution \u00e9crite : Actualit\u00e9s"},"content":{"rendered":"<p class=\"lead \">Le nouveau Premier ministre britannique Andy Burnham s&rsquo;est d\u00e9clar\u00e9 favorable \u00e0 l&rsquo;adoption d&rsquo;une constitution \u00e9crite au Royaume-Uni, qui, contrairement \u00e0 la plupart des pays, ne dispose pas d&rsquo;un texte unique faisant autorit\u00e9.<\/p>\n<p class=\"lead \">Depuis son entr\u00e9e en fonction il y a tout juste deux semaines, l&rsquo;ancien maire du Grand Manchester a fait de la d\u00e9centralisation des pouvoirs au profit des autorit\u00e9s r\u00e9gionales une priorit\u00e9 de son gouvernement.<\/p>\n<p class=\"lead \">\u00ab\u00a0En fin de compte, je pense que cela ouvre la voie \u00e0 un nouvel accord constitutionnel\u00a0\u00bb, a d\u00e9clar\u00e9 M. Burnham ce week-end \u00e0 propos de ses projets de d\u00e9centralisation.<\/p>\n<p class=\"lead \">Appelant \u00e0 \u00ab\u00a0un nouvel ensemble de principes clairs sur la mani\u00e8re dont ce pays devrait \u00eatre dirig\u00e9\u00a0\u00bb, le Premier ministre a soulign\u00e9 la n\u00e9cessit\u00e9 d&rsquo;une constitution \u00e9crite, une r\u00e9forme qu&rsquo;il d\u00e9fendait d\u00e9j\u00e0 avant son arriv\u00e9e \u00e0 Downing Street.<\/p>\n<p class=\"lead \">\u00ab\u00a0Il est anormal que des gens en soient r\u00e9duits \u00e0 devoir d\u00e9fendre des choses qui sont simplement fondamentales (&#8230;) et l&rsquo;absence de constitution prive les territoires de moyens d&rsquo;action\u00a0\u00bb, a estim\u00e9 M. Burnham.<\/p>\n<p class=\"lead \">Le Royaume-Uni est r\u00e9gi par un ensemble h\u00e9t\u00e9roclite de lois, de d\u00e9cisions de justice fond\u00e9es sur la common law et de trait\u00e9s.<\/p>\n<p class=\"lead \">L&rsquo;id\u00e9e d&rsquo;une constitution \u00e9crite est relativement r\u00e9cente au Royaume-Uni. L&rsquo;ancien Premier ministre travailliste Gordon Brown (2007-2010), dont Andy Burnham a \u00e9t\u00e9 l&rsquo;un des ministres, a \u00e9t\u00e9 l&rsquo;un des premiers \u00e0 d\u00e9fendre une telle r\u00e9forme.<\/p>\n<p class=\"lead \">Une commission parlementaire s&rsquo;est pench\u00e9e sur les diff\u00e9rentes options de codification de la Constitution dans le cadre d&rsquo;un examen de cinq ans, qui a conclu en 2015 \u00e0 l&rsquo;absence de consensus clair sur le sujet.<\/p>\n<p class=\"lead \">Toute tentative de codifier la Constitution men\u00e9e par Andy Burnham n\u00e9cessiterait probablement plusieurs ann\u00e9es de travaux, ainsi qu&rsquo;une vaste enqu\u00eate publique et des consultations.<\/p>\n<p class=\"lead \">Vendredi, Andy Burnham a annonc\u00e9 vouloir permettre aux maires r\u00e9gionaux anglais de conserver une partie des imp\u00f4ts collect\u00e9es sur leur territoire, dans le cadre de son projet de transfert de pouvoirs depuis la capitale de ce pays fortement centralis\u00e9.<\/p>\n<p class=\"lead \">Le Royaume-Uni &#8211; compos\u00e9 de l&rsquo;Angleterre, de l&rsquo;\u00c9cosse, du pays de Galles et de l&rsquo;Irlande du Nord &#8211; a engag\u00e9 d&rsquo;importantes r\u00e9formes constitutionnelles \u00e0 la fin des ann\u00e9es 1990, qui ont conduit \u00e0 la naissance de parlements dot\u00e9s de pouvoirs d\u00e9volus \u00e0 \u00c9dimbourg, Cardiff et Belfast.<\/p>\n<p class=\"lead \">Mais l&rsquo;Angleterre demeure l&rsquo;un des pays les plus centralis\u00e9s d&rsquo;Europe, malgr\u00e9 la cr\u00e9ation de plusieurs mairies r\u00e9gionales et d&rsquo;autres instances au cours de la derni\u00e8re d\u00e9cennie, selon les experts.<\/p>\n<p class=\"small font-weight-bold text-gray3 \"> publi\u00e9 le 2 ao\u00fbt \u00e0 12h23, AFP<\/p>\n<p>                             Partager<\/p>\n","protected":false},"excerpt":{"rendered":"Le nouveau Premier ministre britannique Andy Burnham s&rsquo;est d\u00e9clar\u00e9 favorable \u00e0 l&rsquo;adoption d&rsquo;une constitution \u00e9crite au Royaume-Uni, qui,&hellip;\n","protected":false},"author":2,"featured_media":1103022,"comment_status":"","ping_status":"","sticky":false,"template":"","format":"standard","meta":{"footnotes":"","_share_on_mastodon":"0"},"categories":[1588],"tags":[11,76,1777,674,6228,421,12,316,473,1853,1851,1850,1852],"class_list":["post-1103021","post","type-post","status-publish","format-standard","has-post-thumbnail","category-royaume-uni","tag-actualites","tag-constitution","tag-eu","tag-europe","tag-gb","tag-lois","tag-news","tag-politique","tag-royaume-uni","tag-royaume-uni-de-grande-bretagne-et-dirlande-du-nord","tag-uk","tag-united-kingdom","tag-united-kingdom-of-great-britain-and-northern-ireland"],"share_on_mastodon":{"url":"https:\/\/pubeurope.com\/@fr\/117025489777710495","error":""},"_links":{"self":[{"href":"https:\/\/www.europesays.com\/fr\/wp-json\/wp\/v2\/posts\/1103021","targetHints":{"allow":["GET"]}}],"collection":[{"href":"https:\/\/www.europesays.com\/fr\/wp-json\/wp\/v2\/posts"}],"about":[{"href":"https:\/\/www.europesays.com\/fr\/wp-json\/wp\/v2\/types\/post"}],"author":[{"embeddable":true,"href":"https:\/\/www.europesays.com\/fr\/wp-json\/wp\/v2\/users\/2"}],"replies":[{"embeddable":true,"href":"https:\/\/www.europesays.com\/fr\/wp-json\/wp\/v2\/comments?post=1103021"}],"version-history":[{"count":0,"href":"https:\/\/www.europesays.com\/fr\/wp-json\/wp\/v2\/posts\/1103021\/revisions"}],"wp:featuredmedia":[{"embeddable":true,"href":"https:\/\/www.europesays.com\/fr\/wp-json\/wp\/v2\/media\/1103022"}],"wp:attachment":[{"href":"https:\/\/www.europesays.com\/fr\/wp-json\/wp\/v2\/media?parent=1103021"}],"wp:term":[{"taxonomy":"category","embeddable":true,"href":"https:\/\/www.europesays.com\/fr\/wp-json\/wp\/v2\/categories?post=1103021"},{"taxonomy":"post_tag","embeddable":true,"href":"https:\/\/www.europesays.com\/fr\/wp-json\/wp\/v2\/tags?post=1103021"}],"curies":[{"name":"wp","href":"https:\/\/api.w.org\/{rel}","templated":true}]}}