{"id":110315,"date":"2025-05-18T22:13:08","date_gmt":"2025-05-18T22:13:08","guid":{"rendered":"https:\/\/www.europesays.com\/fr\/110315\/"},"modified":"2025-05-18T22:13:08","modified_gmt":"2025-05-18T22:13:08","slug":"des-centaines-de-controles-sur-la-cote-marseillaise-ce-week-end","status":"publish","type":"post","link":"https:\/\/www.europesays.com\/fr\/110315\/","title":{"rendered":"Des centaines de contr\u00f4les sur la c\u00f4te marseillaise ce week-end"},"content":{"rendered":"<p>On dit qu\u2019un bateau rend heureux deux fois. Quand on l\u2019ach\u00e8te. Et quand on le revend. Ce dimanche apr\u00e8s-midi, Anthony, qui navigue en famille au large de la Pointe-Rouge, est ainsi entre deux sentiments lorsqu\u2019il est abord\u00e9 par une vedette de la police nationale. \u00ab\u00a0C\u2019est juste un contr\u00f4le\u00a0\u00bb, rassure d\u2019abord le major Foyer, le chef de la brigade nautique, qui finit par le verbaliser apr\u00e8s avoir examin\u00e9 les papiers du bateau, aux anomalies suspectes.<\/p>\n<p>Les nombreux services de l\u2019\u00c9tat qui interviennent sur le littoral le savent bien, \u00e0 <a href=\"https:\/\/www.laprovence.com\/bouches-du-rhone\/marseille-13055\" target=\"_blank\" rel=\"nofollow noopener\">Marseille<\/a>, la d\u00e9linquance et les combines sont parfaitement solubles dans l\u2019eau de mer. Comme sur terre, les vols, le travail dissimul\u00e9, les locations douteuses et autres infractions foisonnent au large et dans les ports. Des ph\u00e9nom\u00e8nes auxquels s\u2019ajoutent les manquements aux r\u00e8gles de s\u00e9curit\u00e9 et \u00ab\u00a0conflits d\u2019usage\u00a0\u00bb qui se traduisent r\u00e9guli\u00e8rement par des drames.<\/p>\n<p>\u00ab\u00a0L\u2019an dernier nous avons d\u00e9plor\u00e9 46 morts sur la fa\u00e7ade de la M\u00e9diterran\u00e9e et coordonn\u00e9 3300 op\u00e9rations de sauvetage\u00a0\u00bb, \u00e9gr\u00e8ne le commissaire g\u00e9n\u00e9ral Thierry de La Burgade, l\u2019adjoint du pr\u00e9fet maritime de M\u00e9diterran\u00e9e, rappelant que des gilets de sauvetage manquants ou des fus\u00e9es de d\u00e9tresse p\u00e9rim\u00e9es peuvent contribuer \u00e0 des drames.<\/p>\n<p>\u00ab\u00a0Les gens ne sont pas des poissons\u00a0\u00bb<\/p>\n<p>D\u2019o\u00f9 l\u2019initiative, partag\u00e9e par la pr\u00e9fecture de police des Bouches-du-Rh\u00f4ne, d\u2019organiser des contr\u00f4les coordonn\u00e9s, tant sur terre que sur mer, \u00e0 l\u2019approche de la saison estivale. L\u2019op\u00e9ration, sobrement intitul\u00e9e \u00ab\u00a0Overlord\u00a0\u00bb lors de sa pr\u00e9paration, a d\u00e9marr\u00e9 le 16\u00a0mai par plus d\u2019un millier de contr\u00f4les tous azimuts sur le littoral entre <a href=\"https:\/\/www.laprovence.com\/bouches-du-rhone\/martigues-13056\" target=\"_blank\" rel=\"nofollow noopener\">Martigues<\/a> et Cassis, effectu\u00e9s tant par la police et les gendarmes que par l\u2019Urssaf ou encore les douanes.<\/p>\n<p>Ce dimanche, quatre administrations et la police municipale de Marseille \u00e9taient encore sur l\u2019eau avec une dizaine de bateaux pour pousser encore les contr\u00f4les, jusqu\u2019au-del\u00e0 de la bande des 300 m\u00e8tres. Un embarquement plus qu\u2019un d\u00e9barquement mis en \u0153uvre dans un premier temps dans un esprit de pr\u00e9vention, m\u00eame si certaines infractions graves ont \u00e9t\u00e9 verbalis\u00e9es et des bateaux en stationnement abusif sur remorque, mis en fourri\u00e8re.<\/p>\n<p>\u00ab\u00a0Je vous demande de rappeler aux gens qu\u2019ils ne sont pas des poissons\u00a0\u00bb, r\u00e9sume Thierry de La Burgade face \u00e0 pr\u00e8s d\u2019une centaine de policiers, gendarmes et autres fonctionnaires engag\u00e9s ce dimanche, en insistant encore sur les manquements aux r\u00e8gles de s\u00e9curit\u00e9. \u00ab\u00a0Aujourd\u2019hui on est sur de la pr\u00e9vention, mais d\u2019ici peu, ce sera tol\u00e9rance z\u00e9ro\u00a0\u00bb, pointe la pr\u00e9f\u00e8te de police d\u00e9l\u00e9gu\u00e9e, Corinne Simon, dont les services d\u00e9ploieront un dispositif de s\u00e9curit\u00e9 adapt\u00e9 \u00e0 la saison estivale d\u00e8s le mois prochain.<\/p>\n","protected":false},"excerpt":{"rendered":"On dit qu\u2019un bateau rend heureux deux fois. Quand on l\u2019ach\u00e8te. Et quand on le revend. Ce dimanche&hellip;\n","protected":false},"author":2,"featured_media":110316,"comment_status":"","ping_status":"","sticky":false,"template":"","format":"standard","meta":{"footnotes":""},"categories":[2814],"tags":[17,1111,11,15326,10787,3136,154,1777,674,274,1011,27,11989,884,12,882,25,3356,4064],"class_list":{"0":"post-110315","1":"post","2":"type-post","3":"status-publish","4":"format-standard","5":"has-post-thumbnail","7":"category-marseille","8":"tag-17","9":"tag-actu","10":"tag-actualites","11":"tag-centaines","12":"tag-controles","13":"tag-cote","14":"tag-des","15":"tag-eu","16":"tag-europe","17":"tag-faits-divers-justice","18":"tag-fr","19":"tag-france","20":"tag-marseillaise","21":"tag-marseille","22":"tag-news","23":"tag-provence-alpes-cote-dazur","24":"tag-republique-francaise","25":"tag-sur","26":"tag-week-end"},"share_on_mastodon":{"url":"https:\/\/pubeurope.com\/@fr\/114531139844292042","error":""},"_links":{"self":[{"href":"https:\/\/www.europesays.com\/fr\/wp-json\/wp\/v2\/posts\/110315","targetHints":{"allow":["GET"]}}],"collection":[{"href":"https:\/\/www.europesays.com\/fr\/wp-json\/wp\/v2\/posts"}],"about":[{"href":"https:\/\/www.europesays.com\/fr\/wp-json\/wp\/v2\/types\/post"}],"author":[{"embeddable":true,"href":"https:\/\/www.europesays.com\/fr\/wp-json\/wp\/v2\/users\/2"}],"replies":[{"embeddable":true,"href":"https:\/\/www.europesays.com\/fr\/wp-json\/wp\/v2\/comments?post=110315"}],"version-history":[{"count":0,"href":"https:\/\/www.europesays.com\/fr\/wp-json\/wp\/v2\/posts\/110315\/revisions"}],"wp:featuredmedia":[{"embeddable":true,"href":"https:\/\/www.europesays.com\/fr\/wp-json\/wp\/v2\/media\/110316"}],"wp:attachment":[{"href":"https:\/\/www.europesays.com\/fr\/wp-json\/wp\/v2\/media?parent=110315"}],"wp:term":[{"taxonomy":"category","embeddable":true,"href":"https:\/\/www.europesays.com\/fr\/wp-json\/wp\/v2\/categories?post=110315"},{"taxonomy":"post_tag","embeddable":true,"href":"https:\/\/www.europesays.com\/fr\/wp-json\/wp\/v2\/tags?post=110315"}],"curies":[{"name":"wp","href":"https:\/\/api.w.org\/{rel}","templated":true}]}}