{"id":110349,"date":"2025-05-18T22:32:09","date_gmt":"2025-05-18T22:32:09","guid":{"rendered":"https:\/\/www.europesays.com\/fr\/110349\/"},"modified":"2025-05-18T22:32:09","modified_gmt":"2025-05-18T22:32:09","slug":"france-le-droit-a-laide-a-mourir-un-sujet-sensible-qui-divise-soignants-patients-et-proches","status":"publish","type":"post","link":"https:\/\/www.europesays.com\/fr\/110349\/","title":{"rendered":"France: le \u00abdroit \u00e0 l&rsquo;aide \u00e0 mourir\u00bb, un sujet sensible qui divise soignants, patients et proches"},"content":{"rendered":"<p>\n                                                En France, le d\u00e9bat parlementaire se poursuit sur la d\u00e9licate question de la fin de vie. Les d\u00e9put\u00e9s ont approuv\u00e9, samedi 17 mai, la cr\u00e9ation d&rsquo;un \u00ab droit \u00e0 l&rsquo;aide \u00e0 mourir \u00bb, dans une version qui pr\u00e9voit que les patients devront s&rsquo;auto-administrer la substance l\u00e9tale s&rsquo;ils en ont la capacit\u00e9. Le texte sur l\u2019aide active \u00e0 mourir divise puisqu&rsquo;il pose aussi la question de l&rsquo;ouverture \u00e0 l&rsquo;euthanasie. Un geste qui implique aussi le corps m\u00e9dical. RFI a tendu son micro aux proches d&rsquo;un patient qui en a b\u00e9n\u00e9fici\u00e9, mais aussi \u00e0 un m\u00e9decin fran\u00e7ais qui y est oppos\u00e9.                    <\/p>\n<p>\u00ab Je m&rsquo;adresse \u00e0 vous en tant que futur d\u00e9funt, au terme d&rsquo;un long parcours de soins li\u00e9s \u00e0 une maladie mortelle et incurable. \u00bb Atteint d&rsquo;une tumeur au cerveau, Nicolas Menet est mort \u00e0 44 ans, le 4 f\u00e9vrier 2023, \u00e0 l&rsquo;h\u00f4pital. Dans cette vid\u00e9o posthume, on voit marcher ce colosse dans la campagne ard\u00e9choise, un b\u00e2ton de montagnard guide ses pas. Il s&rsquo;adresse aux parlementaires qui d\u00e9battent actuellement sur la fin de vie : \u00ab\u00a0Je ne veux pas qu\u00e9mander l&rsquo;autorisation de mourir aupr\u00e8s des m\u00e9decins. Je ne veux pas souffrir inutilement. Je veux choisir le moment, le lieu et l&rsquo;endroit. Personne ne peut juger s&rsquo;il est trop t\u00f4t pour moi ou trop tard, si je suis encore en bon \u00e9tat ou pas. Je dois \u00eatre le seul \u00e0 pouvoir juger de mes souffrances psychiques si j&rsquo;en ai encore la possibilit\u00e9 cognitive. \u00bb<\/p>\n<p>Nicolas Menet militait pour la libert\u00e9 de choisir l&rsquo;euthanasie, autrement dit que le m\u00e9decin ait le droit d&rsquo;administrer la substance l\u00e9tale. Le texte pr\u00e9voit pour le moment cette possibilit\u00e9, \u00e0 condition que la d\u00e9cision soit coll\u00e9giale et que le praticien soit volontaire.<\/p>\n<p>Chef de service d&rsquo;une unit\u00e9 de soins palliatifs pendant 25 ans, Claude Grange, lui, est contre l&rsquo;euthanasie. \u00ab\u00a0Ma seule comp\u00e9tence, ma seule l\u00e9gitimit\u00e9, c&rsquo;est d&rsquo;avoir accompagn\u00e9 4 000 personnes en fin de vie. Dans ces 4 000 personnes, il y en a que trois qui, malgr\u00e9 tous les bons soins, ont voulu aller en <a href=\"https:\/\/www.rfi.fr\/fr\/tag\/suisse\/\" target=\"_self\" rel=\"noopener\"><strong>Suisse<\/strong><\/a>. Il y a plein de personnes qui peuvent \u00eatre au d\u00e9part dans une demande. Mais \u00e0 partir du moment o\u00f9 on les soulage, on les entoure et on fait des choses qui ont du sens pour eux, ils ne nous demandent plus de mourir. Personne n&rsquo;a envie de mourir. M\u00eame les grands malades. Ce sont les conditions du mourir qui font qu&rsquo;on a envie de mourir. Quelque part, l\u00e0, on va r\u00e9introduire la possibilit\u00e9 de donner la mort de la main des soignants. C&rsquo;est catastrophique\u00a0\u00bb, explique-t-il, estimant que ce n&rsquo;est pas au m\u00e9decin de donner la mort.<\/p>\n<p>Jacques Buffi\u00e8res, qui a accompagn\u00e9 son mari Nicolas en fin de vie, r\u00e9pond \u00e0 Claude Grange : \u00ab\u00a0C&rsquo;est la position de ce m\u00e9decin. Ce n&rsquo;est pas la position de tous les m\u00e9decins. On peut avoir des clauses de conscience. Cela me para\u00eet l\u00e9gitime qu&rsquo;un m\u00e9decin qui ne veut pas faire cela ne le fasse pas. Je rappelle quand m\u00eame que, dans la <a href=\"https:\/\/www.rfi.fr\/fr\/france\/\" target=\"_self\" rel=\"noopener\"><strong>France<\/strong><\/a> enti\u00e8re actuellement, des m\u00e9decins, sans le dire, avec l&rsquo;accord de la famille, osent cet acte. Comme avant 1974, des m\u00e9decins pratiquaient des avortements sur des femmes. C&rsquo;est cette hypocrisie, qu&rsquo;on a connue sur l&rsquo;avortement, \u00e0 laquelle il faut mettre fin d\u00e9sormais. \u00bb<\/p>\n<p>Comme pour l&rsquo;avortement, certains malades d\u00e9cident d&rsquo;aller \u00e0 l&rsquo;\u00e9tranger, dans des pays o\u00f9 cette pratique est autoris\u00e9e. Un choix r\u00e9serv\u00e9 \u00e0 ceux qui en ont les moyens.<\/p>\n<p class=\"a-read-more\">\u00c0 lire aussi<a href=\"https:\/\/www.rfi.fr\/fr\/france\/20250518-fin-de-vie-les-d\u00e9put\u00e9s-fran\u00e7ais-approuvent-un-article-cr\u00e9ant-un-droit-\u00e0-l-aide-\u00e0-mourir\" target=\"_self\" class=\"a-read-more__link\" rel=\"noopener\">Fin de vie: les d\u00e9put\u00e9s fran\u00e7ais approuvent un article cr\u00e9ant un droit \u00e0 l&rsquo;aide \u00e0 mourir<\/a><\/p>\n","protected":false},"excerpt":{"rendered":"En France, le d\u00e9bat parlementaire se poursuit sur la d\u00e9licate question de la fin de vie. Les d\u00e9put\u00e9s&hellip;\n","protected":false},"author":2,"featured_media":110350,"comment_status":"","ping_status":"","sticky":false,"template":"","format":"standard","meta":{"footnotes":""},"categories":[4],"tags":[11,1011,27,12,5920,25,2362,104],"class_list":{"0":"post-110349","1":"post","2":"type-post","3":"status-publish","4":"format-standard","5":"has-post-thumbnail","7":"category-france","8":"tag-actualites","9":"tag-fr","10":"tag-france","11":"tag-news","12":"tag-reportage-france","13":"tag-republique-francaise","14":"tag-sante-et-medecine","15":"tag-societe"},"share_on_mastodon":{"url":"https:\/\/pubeurope.com\/@fr\/114531214479060100","error":""},"_links":{"self":[{"href":"https:\/\/www.europesays.com\/fr\/wp-json\/wp\/v2\/posts\/110349","targetHints":{"allow":["GET"]}}],"collection":[{"href":"https:\/\/www.europesays.com\/fr\/wp-json\/wp\/v2\/posts"}],"about":[{"href":"https:\/\/www.europesays.com\/fr\/wp-json\/wp\/v2\/types\/post"}],"author":[{"embeddable":true,"href":"https:\/\/www.europesays.com\/fr\/wp-json\/wp\/v2\/users\/2"}],"replies":[{"embeddable":true,"href":"https:\/\/www.europesays.com\/fr\/wp-json\/wp\/v2\/comments?post=110349"}],"version-history":[{"count":0,"href":"https:\/\/www.europesays.com\/fr\/wp-json\/wp\/v2\/posts\/110349\/revisions"}],"wp:featuredmedia":[{"embeddable":true,"href":"https:\/\/www.europesays.com\/fr\/wp-json\/wp\/v2\/media\/110350"}],"wp:attachment":[{"href":"https:\/\/www.europesays.com\/fr\/wp-json\/wp\/v2\/media?parent=110349"}],"wp:term":[{"taxonomy":"category","embeddable":true,"href":"https:\/\/www.europesays.com\/fr\/wp-json\/wp\/v2\/categories?post=110349"},{"taxonomy":"post_tag","embeddable":true,"href":"https:\/\/www.europesays.com\/fr\/wp-json\/wp\/v2\/tags?post=110349"}],"curies":[{"name":"wp","href":"https:\/\/api.w.org\/{rel}","templated":true}]}}