{"id":110360,"date":"2025-05-18T22:41:08","date_gmt":"2025-05-18T22:41:08","guid":{"rendered":"https:\/\/www.europesays.com\/fr\/110360\/"},"modified":"2025-05-18T22:41:08","modified_gmt":"2025-05-18T22:41:08","slug":"une-parade-sur-les-champs-elysees-en-cas-de-sacre-en-c1","status":"publish","type":"post","link":"https:\/\/www.europesays.com\/fr\/110360\/","title":{"rendered":"Une parade sur les Champs-\u00c9lys\u00e9es en cas de sacre en C1 ? &#8211;"},"content":{"rendered":"<p>Le samedi 31 mai, le PSG affronte l\u2019Inter Milan en finale de<br \/>\nla Ligue des champions \u00e0 l\u2019Allianz Arena de Munich. En cas de<br \/>\nsucc\u00e8s, le PSG aimerait d\u00e9filer sur les Champs-\u00c9lys\u00e9es.<\/p>\n<p>Apr\u00e8s d\u00e8s d\u00e9buts difficiles en <strong>Ligue des<br \/>\nchampions<\/strong>, avec une qualification pour les barrages lors<br \/>\nde la derni\u00e8re journ\u00e9e de la phase de ligue, le<br \/>\n<strong>PSG<\/strong> a surclass\u00e9 <strong>Brest<\/strong> (10-0 au<br \/>\ncumul\u00e9) \u00e0 ce stade de la comp\u00e9tition avant d\u2019\u00e9liminer<br \/>\n<strong>Liverpool<\/strong> en huiti\u00e8mes de finale, <strong>Aston<br \/>\nVilla<\/strong> en quart et <strong>Arsenal<\/strong> en demi-finale.<br \/>\nEn <a href=\"https:\/\/canal-supporters.com\/ldc-la-repartition-officielle-des-places-pour-la-finale-entre-le-psg-et-linter-milan-a-lallianz-arena\/\" title=\"\" rel=\"nofollow noopener\" target=\"_blank\">finale<\/a>, les Parisiens affronteront l\u2019<strong>Inter<br \/>\nMilan<\/strong> le 31 mai prochain (21 heures, Canal Plus, M6). Pour<br \/>\nleur deuxi\u00e8me finale de C1, apr\u00e8s celle perdue contre le<br \/>\n<strong>Bayern Munich<\/strong> en 2020 (1-0), les Parisiens<br \/>\nesp\u00e9reront cette fois-ci soulever la Coupe aux grandes<br \/>\noreilles.\u00a0<\/p>\n<p>A voir aussi : <a href=\"https:\/\/canal-supporters.com\/ldc-le-psg-avec-son-maillot-domicile-en-finale-face-a-linter-milan\/\" title=\"\" rel=\"nofollow noopener\" target=\"_blank\">LdC : Le PSG avec son maillot domicile en finale face \u00e0<br \/>\nl\u2019Inter Milan<\/a><\/p>\n<p><a href=\"https:\/\/x.com\/CanalSupporters\" target=\"_blank\" rel=\"noopener nofollow\" title=\"\">canalsupporters.com<\/a><\/p>\n<p>Les autorit\u00e9s<br \/>\npas forc\u00e9ment favorables \u00e0 \u00e7a<\/p>\n<p>Si le <strong>PSG<\/strong> arrive \u00e0 battre l\u2019<strong>Inter<br \/>\nMilan<\/strong> et \u00e0 remporter sa premi\u00e8re <strong>Ligue des<br \/>\nchampions<\/strong>, les dirigeants parisiens aimeraient faire une<br \/>\nparade sur les <strong>Champs-\u00c9lys\u00e9es<\/strong> le 1er juin. Selon<br \/>\nles informations du <a href=\"https:\/\/www.leparisien.fr\/sports\/football\/ligue-des-champions\/ligue-des-champions-le-psg-souhaite-une-parade-dimanche-1er-juin-sur-les-champs-elysees-en-cas-de-sacre-17-05-2025-473EMKSTTJFT5MTU2ICVWD2YGA.php\" target=\"_blank\" rel=\"noopener nofollow\" title=\"\">Parisien<\/a>, des<br \/>\nd\u00e9marches en ce sens ont m\u00eame \u00e9t\u00e9 lanc\u00e9es. Le <strong>Paris<br \/>\nSaint-Germain<\/strong> doit pr\u00e9senter lundi son plan \u00e0 la<br \/>\npr\u00e9fecture de police. \u00ab\u00a0Et en cas de<br \/>\nvictoire\u00a0d\u2019<strong>Ousmane Demb\u00e9l\u00e9<\/strong> et ses partenaires<br \/>\nsur l\u2019<strong>Inter Milan<\/strong>\u00a0le samedi 31 mai \u00e0<br \/>\nl\u2019<strong><a href=\"https:\/\/canal-supporters.com\/ldc-la-mise-en-garde-de-luefa-pour-la-billetterie-de-la-finale\/\" title=\"\" rel=\"nofollow noopener\" target=\"_blank\">Allianz Arena<\/a><\/strong> de <strong>Munich<\/strong>, il<br \/>\nsouhaite les voir d\u00e9filer le lendemain apr\u00e8s-midi sur les<br \/>\n<strong>Champs-\u00c9lys\u00e9es<\/strong>. Contact\u00e9, le <strong>PSG<\/strong><br \/>\nn\u2019a pas souhait\u00e9 r\u00e9agir ni confirmer ce projet.\u00a0\u00bb Mais<br \/>\ncette solution n\u2019a, pour l\u2019heure, pas les faveurs des autorit\u00e9s.<br \/>\nCelles-ci redoutent d\u2019importants d\u00e9bordements la veille sur<br \/>\nl\u2019avenue, quelle que soit l\u2019issue de la rencontre en<br \/>\n<strong>Bavi\u00e8re<\/strong>, encore davantage qu\u2019apr\u00e8s la demi-finale<br \/>\nretour contre <strong>Arsenal<\/strong>. Et rechignent \u00e0 assurer la<br \/>\ns\u00e9curit\u00e9 d\u2019un \u00e9v\u00e9nement d\u2019une telle ampleur quelques heures plus<br \/>\ntard, avance le quotidien francilien. \u00ab\u00a0Si les contours du<br \/>\ndimanche risquent de faire l\u2019objet d\u2019un d\u00e9saccord entre le club et<br \/>\nla pr\u00e9fecture de police, ceux du samedi soir devraient davantage<br \/>\nfaire l\u2019unanimit\u00e9. Comme pressenti, le <strong>Paris<br \/>\nSaint-Germain<\/strong> souhaite organiser une diffusion de la<br \/>\nrencontre sur \u00e9cran g\u00e9ant au <strong>Parc des<br \/>\nPrinces<\/strong>.\u00a0\u00bb Le club de la capitale devrait faire<br \/>\npayer l\u2019acc\u00e8s au stade, o\u00f9 les supporters pourraient ensuite f\u00eater<br \/>\nun \u00e9ventuel sacre europ\u00e9en.\u00a0Si la municipalit\u00e9 souhaite<br \/>\ninstaller un \u00e9cran g\u00e9ant en ext\u00e9rieur,\u00a0la pr\u00e9fecture de police<br \/>\nprivil\u00e9gie \u00ab des fan-zones dans des lieux ferm\u00e9s, s\u00e9curisables<br \/>\net pas sur l\u2019espace public \u00bb, a insist\u00e9 jeudi <strong>Laurent<br \/>\nNu\u00f1ez<\/strong> sur CNews, conclut Le<br \/>\nParisien.<\/p><\/p>\n","protected":false},"excerpt":{"rendered":"Le samedi 31 mai, le PSG affronte l\u2019Inter Milan en finale de la Ligue des champions \u00e0 l\u2019Allianz&hellip;\n","protected":false},"author":2,"featured_media":110361,"comment_status":"","ping_status":"","sticky":false,"template":"","format":"standard","meta":{"footnotes":""},"categories":[1410],"tags":[786,81,448,6984,63,1011,27,789,447,18277,626,91,92,93,60,96],"class_list":{"0":"post-110360","1":"post","2":"type-post","3":"status-publish","4":"format-standard","5":"has-post-thumbnail","7":"category-football","8":"tag-c1","9":"tag-canal-supporters","10":"tag-champions-league","11":"tag-champs-elysees","12":"tag-football","13":"tag-fr","14":"tag-france","15":"tag-ldc","16":"tag-ligue-des-champions","17":"tag-parade","18":"tag-paris","19":"tag-paris-saint-germain","20":"tag-paris-sg","21":"tag-psg","22":"tag-sports","23":"tag-une"},"share_on_mastodon":{"url":"https:\/\/pubeurope.com\/@fr\/114531250022283885","error":""},"_links":{"self":[{"href":"https:\/\/www.europesays.com\/fr\/wp-json\/wp\/v2\/posts\/110360","targetHints":{"allow":["GET"]}}],"collection":[{"href":"https:\/\/www.europesays.com\/fr\/wp-json\/wp\/v2\/posts"}],"about":[{"href":"https:\/\/www.europesays.com\/fr\/wp-json\/wp\/v2\/types\/post"}],"author":[{"embeddable":true,"href":"https:\/\/www.europesays.com\/fr\/wp-json\/wp\/v2\/users\/2"}],"replies":[{"embeddable":true,"href":"https:\/\/www.europesays.com\/fr\/wp-json\/wp\/v2\/comments?post=110360"}],"version-history":[{"count":0,"href":"https:\/\/www.europesays.com\/fr\/wp-json\/wp\/v2\/posts\/110360\/revisions"}],"wp:featuredmedia":[{"embeddable":true,"href":"https:\/\/www.europesays.com\/fr\/wp-json\/wp\/v2\/media\/110361"}],"wp:attachment":[{"href":"https:\/\/www.europesays.com\/fr\/wp-json\/wp\/v2\/media?parent=110360"}],"wp:term":[{"taxonomy":"category","embeddable":true,"href":"https:\/\/www.europesays.com\/fr\/wp-json\/wp\/v2\/categories?post=110360"},{"taxonomy":"post_tag","embeddable":true,"href":"https:\/\/www.europesays.com\/fr\/wp-json\/wp\/v2\/tags?post=110360"}],"curies":[{"name":"wp","href":"https:\/\/api.w.org\/{rel}","templated":true}]}}