{"id":110364,"date":"2025-05-18T22:43:12","date_gmt":"2025-05-18T22:43:12","guid":{"rendered":"https:\/\/www.europesays.com\/fr\/110364\/"},"modified":"2025-05-18T22:43:12","modified_gmt":"2025-05-18T22:43:12","slug":"cliche-de-zef-plenitude-printaniere-a-plouarzel","status":"publish","type":"post","link":"https:\/\/www.europesays.com\/fr\/110364\/","title":{"rendered":"Clich\u00e9 de Zef\u00a0: pl\u00e9nitude printani\u00e8re \u00e0 Plouarzel"},"content":{"rendered":"<p>\u00ab\u00a0Le printemps \u00e0 Plouarzel\u00a0! Profusion de fleurs et de couleurs\u00a0!\u00a0\u00bb, nous \u00e9crit Christine Lunven, de Saint-Renan. Merci \u00e0 elle pour le partage de cette paisible image.<\/p>\n<p>Si vous souhaitez, vous aussi, contribuer \u00e0 cette rubrique, adressez vos images, en haute r\u00e9solution et imp\u00e9rativement en format paysage (\u00e9vitez le mode panoramique), \u00e0 l\u2019adresse courriel cliches.brest@letelegramme.fr. Portraits, paysages, sc\u00e8nes de la vie quotidienne, insolite\u2026 Tout est permis\u00a0! L\u2019envoi de vos prises de vue vaut autorisation gratuite de les publier dans Le T\u00e9l\u00e9gramme, sur letelegramme.fr ainsi que sur les r\u00e9seaux sociaux.<\/p>\n","protected":false},"excerpt":{"rendered":"\u00ab\u00a0Le printemps \u00e0 Plouarzel\u00a0! Profusion de fleurs et de couleurs\u00a0!\u00a0\u00bb, nous \u00e9crit Christine Lunven, de Saint-Renan. Merci \u00e0&hellip;\n","protected":false},"author":2,"featured_media":110365,"comment_status":"","ping_status":"","sticky":false,"template":"","format":"standard","meta":{"footnotes":""},"categories":[1358],"tags":[1348,1384,1385,3450,22873,1386,58,59,1011,27,1756,22872],"class_list":{"0":"post-110364","1":"post","2":"type-post","3":"status-publish","4":"format-standard","5":"has-post-thumbnail","7":"category-arts-et-design","8":"tag-arts","9":"tag-arts-and-design","10":"tag-arts-et-design","11":"tag-brest","12":"tag-cliche-de-zef","13":"tag-design","14":"tag-divertissement","15":"tag-entertainment","16":"tag-fr","17":"tag-france","18":"tag-photographie","19":"tag-plouarzel"},"share_on_mastodon":{"url":"https:\/\/pubeurope.com\/@fr\/114531257879171239","error":""},"_links":{"self":[{"href":"https:\/\/www.europesays.com\/fr\/wp-json\/wp\/v2\/posts\/110364","targetHints":{"allow":["GET"]}}],"collection":[{"href":"https:\/\/www.europesays.com\/fr\/wp-json\/wp\/v2\/posts"}],"about":[{"href":"https:\/\/www.europesays.com\/fr\/wp-json\/wp\/v2\/types\/post"}],"author":[{"embeddable":true,"href":"https:\/\/www.europesays.com\/fr\/wp-json\/wp\/v2\/users\/2"}],"replies":[{"embeddable":true,"href":"https:\/\/www.europesays.com\/fr\/wp-json\/wp\/v2\/comments?post=110364"}],"version-history":[{"count":0,"href":"https:\/\/www.europesays.com\/fr\/wp-json\/wp\/v2\/posts\/110364\/revisions"}],"wp:featuredmedia":[{"embeddable":true,"href":"https:\/\/www.europesays.com\/fr\/wp-json\/wp\/v2\/media\/110365"}],"wp:attachment":[{"href":"https:\/\/www.europesays.com\/fr\/wp-json\/wp\/v2\/media?parent=110364"}],"wp:term":[{"taxonomy":"category","embeddable":true,"href":"https:\/\/www.europesays.com\/fr\/wp-json\/wp\/v2\/categories?post=110364"},{"taxonomy":"post_tag","embeddable":true,"href":"https:\/\/www.europesays.com\/fr\/wp-json\/wp\/v2\/tags?post=110364"}],"curies":[{"name":"wp","href":"https:\/\/api.w.org\/{rel}","templated":true}]}}