{"id":110369,"date":"2025-05-18T22:46:09","date_gmt":"2025-05-18T22:46:09","guid":{"rendered":"https:\/\/www.europesays.com\/fr\/110369\/"},"modified":"2025-05-18T22:46:09","modified_gmt":"2025-05-18T22:46:09","slug":"coeur-maladroit-marine-star-academy-devoile-la-date-de-sortie-de-son-nouveau-single","status":"publish","type":"post","link":"https:\/\/www.europesays.com\/fr\/110369\/","title":{"rendered":"\u00ab\u00a0Coeur Maladroit\u00a0\u00bb, Marine (Star Academy) d\u00e9voile la date de sortie de son nouveau single"},"content":{"rendered":"<p>Marine <a href=\"https:\/\/www.public.fr\/marine-star-academy-chute-en-plein-concert-et-part-en-fou-rire\" target=\"_blank\" rel=\"noopener\">n\u2019en finit plus <strong>de surprendre<\/strong><\/a>. En pleine tourn\u00e9e \u00e0 travers la France avec ses camarades de la Star Academy, la gagnante 2024 trouve encore le temps <strong>de faire vibrer ses fans<\/strong>.<\/p>\n<p>Ce dimanche 19 mai, elle a annonc\u00e9 <strong>une grande nouvelle<\/strong> sur Instagram : la sortie imminente de son nouveau single, C\u0153ur maladroit. Un projet tr\u00e8s attendu qui confirme une chose : Marine a d\u00e9cid\u00e9 de <strong>tracer sa route<\/strong>, et elle y met tout son c\u0153ur.<\/p>\n<p>Marine (Star Academy) : une annonce qui fait r\u00e9agir Instagram<\/p>\n<p>Sur son compte Instagram, Marine a offert <strong>un joli cadeau<\/strong> \u00e0 sa communaut\u00e9. Une vid\u00e9o courte, mais pleine de sens : \u00ab\u00a0Mon nouveau single <strong>sort ce vendredi<\/strong>\u00ab\u00a0. Depuis, les fans sont en boucle, <strong>multipliant les messages d\u2019encouragement<\/strong> et les r\u00e9actions enthousiastes.<\/p>\n<p>Il faut dire que C\u0153ur maladroit arrive \u00e0 point nomm\u00e9. Apr\u00e8s le joli succ\u00e8s de Ma Faute, ses abonn\u00e9s <strong>esp\u00e9raient une suite<\/strong>. Marine semble bien d\u00e9cid\u00e9e \u00e0 r\u00e9pondre \u00e0 leurs attentes et m\u00eame \u00e0 les d\u00e9passer avec un titre qui, selon elle, <strong>lui ressemble encore plus<\/strong>.<\/p>\n<p>Tourn\u00e9e, studios, projets : Marine en pleine \u00e9bullition<\/p>\n<p>Entre deux concerts avec Franck, Emma, Ulysse ou encore Ma\u00efa, la jeune chanteuse lilloise <strong>continue d\u2019avancer<\/strong>. Le rythme est intense, mais Marine tient bon, <strong>bien entour\u00e9e<\/strong> par l\u2019\u00e9quipe de la Star Academy.<\/p>\n<p>Dans les loges ou \u00e0 l\u2019h\u00f4tel, elle travaille encore et toujours. Micro, instruments, sessions d\u2019\u00e9criture : <strong>rien n\u2019est laiss\u00e9 au hasard<\/strong>. Marine s\u2019investit totalement dans ce qu\u2019elle appelle <strong>\u00ab\u00a0son vrai d\u00e9but\u00a0\u00bb<\/strong>, et les fans, eux, <strong>r\u00e9pondent pr\u00e9sents<\/strong> \u00e0 chaque annonce.<\/p>\n<p>Vers un album apr\u00e8s C\u0153ur maladroit ?<\/p>\n<p>Son nouveau single C\u0153ur maladroit, <strong>sortira officiellement le 23 mai 2025<\/strong>. En parall\u00e8le, Marine laisse filtrer quelques indices <strong>sur un \u00e9ventuel album<\/strong>. Entre stories myst\u00e9rieuses et vid\u00e9os de musiciens en studio, la chanteuse laisse planer le doute.<\/p>\n<p>Apr\u00e8s Pierre Garnier, Marine pourrait bien <strong>marquer l\u2019\u00e9t\u00e9 2025<\/strong>. Avec ce nouveau titre, elle d\u00e9voile une facette <strong>plus personnelle<\/strong> de son univers musical. En tout cas, <strong>de beaux projets<\/strong> arrivent pour Marine et ses fans.<\/p>\n<p>      Mentionn\u00e9s dans cet article<\/p>\n<p>\u00c0 lire aussi<\/p>\n","protected":false},"excerpt":{"rendered":"Marine n\u2019en finit plus de surprendre. En pleine tourn\u00e9e \u00e0 travers la France avec ses camarades de la&hellip;\n","protected":false},"author":2,"featured_media":110370,"comment_status":"","ping_status":"","sticky":false,"template":"","format":"standard","meta":{"footnotes":""},"categories":[1355],"tags":[58,59,1011,27,2440,8520,1361,873,10598,9536],"class_list":{"0":"post-110369","1":"post","2":"type-post","3":"status-publish","4":"format-standard","5":"has-post-thumbnail","7":"category-musique","8":"tag-divertissement","9":"tag-entertainment","10":"tag-fr","11":"tag-france","12":"tag-instagram","13":"tag-marine-delplace","14":"tag-music","15":"tag-musique","16":"tag-musique-francaise","17":"tag-single"},"share_on_mastodon":{"url":"https:\/\/pubeurope.com\/@fr\/114531269705827094","error":""},"_links":{"self":[{"href":"https:\/\/www.europesays.com\/fr\/wp-json\/wp\/v2\/posts\/110369","targetHints":{"allow":["GET"]}}],"collection":[{"href":"https:\/\/www.europesays.com\/fr\/wp-json\/wp\/v2\/posts"}],"about":[{"href":"https:\/\/www.europesays.com\/fr\/wp-json\/wp\/v2\/types\/post"}],"author":[{"embeddable":true,"href":"https:\/\/www.europesays.com\/fr\/wp-json\/wp\/v2\/users\/2"}],"replies":[{"embeddable":true,"href":"https:\/\/www.europesays.com\/fr\/wp-json\/wp\/v2\/comments?post=110369"}],"version-history":[{"count":0,"href":"https:\/\/www.europesays.com\/fr\/wp-json\/wp\/v2\/posts\/110369\/revisions"}],"wp:featuredmedia":[{"embeddable":true,"href":"https:\/\/www.europesays.com\/fr\/wp-json\/wp\/v2\/media\/110370"}],"wp:attachment":[{"href":"https:\/\/www.europesays.com\/fr\/wp-json\/wp\/v2\/media?parent=110369"}],"wp:term":[{"taxonomy":"category","embeddable":true,"href":"https:\/\/www.europesays.com\/fr\/wp-json\/wp\/v2\/categories?post=110369"},{"taxonomy":"post_tag","embeddable":true,"href":"https:\/\/www.europesays.com\/fr\/wp-json\/wp\/v2\/tags?post=110369"}],"curies":[{"name":"wp","href":"https:\/\/api.w.org\/{rel}","templated":true}]}}