{"id":110379,"date":"2025-05-18T22:52:13","date_gmt":"2025-05-18T22:52:13","guid":{"rendered":"https:\/\/www.europesays.com\/fr\/110379\/"},"modified":"2025-05-18T22:52:13","modified_gmt":"2025-05-18T22:52:13","slug":"amazon-va-investir-plus-de-300-millions-deuros-en-france","status":"publish","type":"post","link":"https:\/\/www.europesays.com\/fr\/110379\/","title":{"rendered":"Amazon va investir plus de 300 millions d\u2019euros en France"},"content":{"rendered":"<p>\u00c0 l\u2019occasion de Choose France, le g\u00e9ant de l\u2019e-commerce annonce la construction de nouveaux entrep\u00f4ts en r\u00e9gion Centre-Val-de-Loire et en Auvergne-Rh\u00f4ne-Alpes. 1500 emplois devraient \u00eatre cr\u00e9\u00e9s.<\/p>\n<p class=\"fig-paragraph\">Amazon s\u2019ancre encore un peu plus dans l\u2019hexagone. \u00c0 l\u2019occasion de l\u2019ouverture du\u00a0<a href=\"http:\/\/www.lefigaro.fr\/conjoncture\/plus-de-20-milliards-d-euros-d-investissements-attendus-au-sommet-choose-france-annonce-macron-20250516\" data-fig-type=\"NewsFlash\" data-gtm-custom-categorie=\"navigation\" data-gtm-custom-action=\"crossclick\" data-gtm-custom-label=\"Contextuel\" data-gtm-event=\"customEventSPE\" data-fig-domain=\"LEFIGARO\" target=\"_blank\" rel=\"noopener\">sommet Choose France<\/a>\u00a0qui d\u00e9bute ce lundi, le g\u00e9ant de l\u2019e-commerce annonce plus de 300 millions d\u2019euros d\u2019investissements dans de nouvelles infrastructures. Concr\u00e8tement, la plateforme de vente \u00e0 distance va construire un entrep\u00f4t logistique en Centre-Val-de-Loire ainsi qu\u2019un site de livraison du dernier kilom\u00e8tre en Auvergne-Rh\u00f4ne-Alpes. Par ailleurs, Amazon veut aussi transformer le centre logistique de Boves pour en faire l\u2019un de ses entrep\u00f4ts les plus avanc\u00e9s technologiquement. Ces projets devraient g\u00e9n\u00e9rer pr\u00e8s de 1500 nouveaux emplois en CDI selon la firme am\u00e9ricaine.<\/p>\n<p class=\"fig-body-link\">\n            \u00c0 lire aussi<br \/>\n        <a class=\"fig-body-link__link\" href=\"http:\/\/www.lefigaro.fr\/secteur\/high-tech\/amazon-investit-4-milliards-de-dollars-de-plus-dans-la-start-up-d-intelligence-artificielle-anthropic-20241122\" data-fig-type=\"NewsFlash\" data-gtm-custom-categorie=\"navigation\" data-gtm-custom-action=\"crossclick\" data-gtm-custom-label=\"Contextuel\" data-gtm-event=\"customEventSPE\" data-fig-domain=\"LEFIGARO\" target=\"_blank\" rel=\"noopener\">Amazon investit 4 milliards de dollars de plus dans la start-up d\u2019intelligence artificielle Anthropic<br \/>\n    <\/a>\n<\/p>\n<p class=\"fig-paragraph\">Depuis 2010, Amazon a investi plus de 25 milliards d\u2019euros dans l\u2019\u00e9conomie fran\u00e7aise, notamment dans ses infrastructures logistiques, bureaux et centres de donn\u00e9es. \u00ab Gr\u00e2ce \u00e0 ces investissements, Amazon est devenu le premier cr\u00e9ateur net d\u2019emplois en France sur la p\u00e9riode\u00a0\u00bb, indique le g\u00e9ant am\u00e9ricain dans un communiqu\u00e9, s\u2019appuyant sur l\u2019Observatoire de l\u2019Emploi et de l\u2019Investissement en France.<\/p>\n<p>\u00abBien plus qu\u2019une boutique en ligne\u00bb<\/p>\n<p class=\"fig-paragraph\">Lors de l\u2019\u00e9dition 2024 de Choose France, un peu plus de 1,2 milliard d\u2019euros d\u2019investissement et plus de 3 000 cr\u00e9ations d\u2019emplois avaient \u00e9t\u00e9 annonc\u00e9es. \u00abAmazon choisit la France depuis plus de vingt-cinq ans, rappelle Fr\u00e9d\u00e9ric Duval, directeur g\u00e9n\u00e9ral d\u2019Amazon.fr. Au fil des ann\u00e9es, nous sommes devenus bien plus qu\u2019une boutique en ligne, en stimulant la croissance de l\u2019\u00e9conomie et des entreprises fran\u00e7aises, en soutenant la cr\u00e9ation d\u2019emplois au c\u0153ur des territoires et en apportant une contribution utile au quotidien des clients.\u00a0\u00bb<\/p>\n<p class=\"fig-paragraph\">Amazon exploite aujourd\u2019hui plus de 35 installations logistiques en France et revendique pr\u00e8s de 25.000 salari\u00e9s en CDI, ainsi que 43.000 emplois indirects.<\/p>\n","protected":false},"excerpt":{"rendered":"\u00c0 l\u2019occasion de Choose France, le g\u00e9ant de l\u2019e-commerce annonce la construction de nouveaux entrep\u00f4ts en r\u00e9gion Centre-Val-de-Loire&hellip;\n","protected":false},"author":2,"featured_media":110380,"comment_status":"","ping_status":"","sticky":false,"template":"","format":"standard","meta":{"footnotes":""},"categories":[6],"tags":[1111,47,11,4239,1117,1109,35,1112,636,33,34,341,257,632,1108,107,1106,1107,1119,1011,27,1116,1110,1114,500,12,1113,1118,137,401,1115],"class_list":{"0":"post-110379","1":"post","2":"type-post","3":"status-publish","4":"format-standard","5":"has-post-thumbnail","7":"category-economie","8":"tag-actu","9":"tag-actualite","10":"tag-actualites","11":"tag-amazon","12":"tag-assurance","13":"tag-breves","14":"tag-business","15":"tag-depeches","16":"tag-devises","17":"tag-economie","18":"tag-economy","19":"tag-emploi","20":"tag-entreprise","21":"tag-fcp","22":"tag-fil","23":"tag-fil-info","24":"tag-flash","25":"tag-flash-actu","26":"tag-formation","27":"tag-fr","28":"tag-france","29":"tag-immobilier","30":"tag-informations","31":"tag-infos","32":"tag-medias","33":"tag-news","34":"tag-nouvelles","35":"tag-placement","36":"tag-retraite","37":"tag-sicav","38":"tag-taux"},"share_on_mastodon":{"url":"https:\/\/pubeurope.com\/@fr\/114531293156110296","error":""},"_links":{"self":[{"href":"https:\/\/www.europesays.com\/fr\/wp-json\/wp\/v2\/posts\/110379","targetHints":{"allow":["GET"]}}],"collection":[{"href":"https:\/\/www.europesays.com\/fr\/wp-json\/wp\/v2\/posts"}],"about":[{"href":"https:\/\/www.europesays.com\/fr\/wp-json\/wp\/v2\/types\/post"}],"author":[{"embeddable":true,"href":"https:\/\/www.europesays.com\/fr\/wp-json\/wp\/v2\/users\/2"}],"replies":[{"embeddable":true,"href":"https:\/\/www.europesays.com\/fr\/wp-json\/wp\/v2\/comments?post=110379"}],"version-history":[{"count":0,"href":"https:\/\/www.europesays.com\/fr\/wp-json\/wp\/v2\/posts\/110379\/revisions"}],"wp:featuredmedia":[{"embeddable":true,"href":"https:\/\/www.europesays.com\/fr\/wp-json\/wp\/v2\/media\/110380"}],"wp:attachment":[{"href":"https:\/\/www.europesays.com\/fr\/wp-json\/wp\/v2\/media?parent=110379"}],"wp:term":[{"taxonomy":"category","embeddable":true,"href":"https:\/\/www.europesays.com\/fr\/wp-json\/wp\/v2\/categories?post=110379"},{"taxonomy":"post_tag","embeddable":true,"href":"https:\/\/www.europesays.com\/fr\/wp-json\/wp\/v2\/tags?post=110379"}],"curies":[{"name":"wp","href":"https:\/\/api.w.org\/{rel}","templated":true}]}}