{"id":11039,"date":"2025-04-08T20:06:09","date_gmt":"2025-04-08T20:06:09","guid":{"rendered":"https:\/\/www.europesays.com\/fr\/11039\/"},"modified":"2025-04-08T20:06:09","modified_gmt":"2025-04-08T20:06:09","slug":"arsenal-real-madrid-en-direct-courtois-le-heros-fait-un-double-arret-miraculeux","status":"publish","type":"post","link":"https:\/\/www.europesays.com\/fr\/11039\/","title":{"rendered":"Arsenal &#8211; Real Madrid EN DIRECT: Courtois le h\u00e9ros fait un double arr\u00eat miraculeux"},"content":{"rendered":"<p>\n    44&rsquo;COURTOIS SUR SA LIGNE<\/p>\n<p>Quelle s\u00e9quence de Thibaut Courtois ! Le Belge plonge et \u00e9carte une t\u00eate de Declan Rice, il se remet debout imm\u00e9diatement et arr\u00eate, par r\u00e9flexe, la reprise de Martinelli. La \u00ab\u00a0pieuvre\u00a0\u00bb m\u00e9rite bien son surnom.\u00a0<\/p>\n<p>37&rsquo;Quelle occasion !<\/p>\n<p>Saka fait tout le travail et parvient \u00e0 adresser un centre qui trompe toute la d\u00e9fense de Madrid, ainsi que Thibaut Courtois. Le ballon longe la ligne, il ne reste qu&rsquo;\u00e0 le pousser doucement dans le but, mais aucun Gunners n&rsquo;est \u00e0 la r\u00e9ception.<\/p>\n<p>30&rsquo;Tac au tac<\/p>\n<p>Mbapp\u00e9 se cr\u00e9e une superbe occasion, capt\u00e9e par Raya. Arsenal part \u00e0 100 km\/h et se retrouve devant Courtois. Le Belge capte le cuir \u00e0 son tour.\u00a0<\/p>\n<p>24&rsquo;Alerte \u00e0 Arsenal<\/p>\n<p>Timber s&rsquo;est retrouv\u00e9 au sol avec un besoin d&rsquo;une intervention du staff m\u00e9dical. Il a d\u00fb sortir du terrain avant de pouvoir y remonter. Plus de peur que de mal.<\/p>\n<p>20&rsquo;Rester vigilant<\/p>\n<p>Le Real est un peu moins dangereux, mais vient de prouver qu&rsquo;il ne faut surtout pas oublier ses atouts offensifs. Vinicius obtient un ballon de Mbapp\u00e9 et se cr\u00e9e une demi-occasion. Son tir n&rsquo;est pas cadr\u00e9, mais la d\u00e9fense anglaise a \u00e9t\u00e9 mise sous pression.<\/p>\n<p>14&rsquo;Penalty ?<\/p>\n<p>Dans la confusion de l&rsquo;action pr\u00e9c\u00e9dente, un tir a atteri sur la main d&rsquo;Ascencio. Le VAR a v\u00e9rifi\u00e9, mais pas de penalty.\u00a0On continue de jouer !<\/p>\n<p>\u00a0<\/p>\n<blockquote class=\"twitter-tweet\">\n<p dir=\"ltr\" lang=\"fr\">La blague si y a pas le bras du d\u00e9fenseur le ballon file au but mais bon c\u2019est le real logique <a href=\"https:\/\/twitter.com\/hashtag\/ARSRMA?src=hash&amp;ref_src=twsrc%5Etfw\" rel=\"nofollow noopener\" target=\"_blank\">#ARSRMA<\/a><\/p>\n<p>\u2014 Polo \u00a0(@El_Latinos) <a href=\"https:\/\/twitter.com\/El_Latinos\/status\/1909686825297310033?ref_src=twsrc%5Etfw\" rel=\"nofollow noopener\" target=\"_blank\">April 8, 2025<\/a><\/p><\/blockquote>\n<blockquote class=\"twitter-tweet\">\n<p dir=\"ltr\" lang=\"fr\">C\u2019est le real y\u2019a penalty tous les jours hein<\/p>\n<p>\u2014 le kyks (@RekiOnceAgain) <a href=\"https:\/\/twitter.com\/RekiOnceAgain\/status\/1909686835808239820?ref_src=twsrc%5Etfw\" rel=\"nofollow noopener\" target=\"_blank\">April 8, 2025<\/a><\/p><\/blockquote>\n<blockquote class=\"twitter-tweet\">\n<p dir=\"ltr\" lang=\"fr\">Le r\u00e9al \u00e7a commence\u2026..<\/p>\n<p>\u2014 wyach144 (@chswya) <a href=\"https:\/\/twitter.com\/chswya\/status\/1909686858935943484?ref_src=twsrc%5Etfw\" rel=\"nofollow noopener\" target=\"_blank\">April 8, 2025<\/a><\/p><\/blockquote>\n<blockquote class=\"twitter-tweet\">\n<p dir=\"ltr\" lang=\"fr\">Mais l\u00e0 c\u2019est penalty pour Arsenal normalement<\/p>\n<p>\u2014 Leonardo (@SalimBnmd) <a href=\"https:\/\/twitter.com\/SalimBnmd\/status\/1909686850249179170?ref_src=twsrc%5Etfw\" rel=\"nofollow noopener\" target=\"_blank\">April 8, 2025<\/a><\/p><\/blockquote>\n<p>\u00a0<\/p>\n<p>11&rsquo;\u00c7a chauffe dr\u00f4lement pour Courtois<\/p>\n<p>Quelle action des Gunners ! Apr\u00e8s une rapide infiltration, le ballon est remis en arri\u00e8re et frapp\u00e9 ras du sol. Courtois s&rsquo;interpose et capte le ballon en deux temps.<\/p>\n<p>6&rsquo;Courtois s&rsquo;illustre<\/p>\n<p>Sur le corner, le Belge se d\u00e9tend et \u00e9carte le danger. Le d\u00e9but de match est tr\u00e8s rythm\u00e9, les deux \u00e9quipes en veulent et il n&rsquo;est pas question de round d&rsquo;observation.\u00a0<\/p>\n<p>\u00a0<\/p>\n<blockquote class=\"twitter-tweet\">\n<p dir=\"ltr\" lang=\"fr\">Le r\u00e9al qui met le bus<\/p>\n<p>\u2014 DMC BABY (@AmadouAboc7069) <a href=\"https:\/\/twitter.com\/AmadouAboc7069\/status\/1909685376026898696?ref_src=twsrc%5Etfw\" rel=\"nofollow noopener\" target=\"_blank\">April 8, 2025<\/a><\/p><\/blockquote>\n<p>5&rsquo;Le Real fr\u00f4le la catastrophe<\/p>\n<p>Une relance aproximative de R\u00fcdiger rebondit sur Camavinga et file en corner en passant \u00e0 quelques centim\u00e8tres des filets d\u00e9fendus par Courtois. Pour le m\u00eame prix, c&rsquo;est auto-but !<\/p>\n<p>3&rsquo;La fus\u00e9e Vini<\/p>\n<p>Dans la foul\u00e9e du coup-franc, Vinicius part comme une fl\u00e8che en contre-attaque, se pr\u00e9sente face au gardien, mais sa frappe manque de puissance. Le match commence fort !<\/p>\n<p>2&rsquo;Premi\u00e8re occasion<\/p>\n<p>Arsenal obtient d\u00e9j\u00e0 un tr\u00e8s beau coup-franc \u00e0 l&rsquo;entr\u00e9e du rectangle madril\u00e8ne apr\u00e8s une faute sur Saka. Mais il ne donne rien.<\/p>\n<p>0&rsquo;C&rsquo;est parti !<\/p>\n<p>Tout le monde est pr\u00eat, l&rsquo;arbitre donne le coup d&rsquo;envoi.\u00a0<\/p>\n<p>20h57Les stars sont sur la pelouse<\/p>\n<p>Tous les acteurs sont l\u00e0, les choses s\u00e9rieuses commencent !<\/p>\n<p>20h47Les supporters sont chauds<\/p>\n<p>Sur les r\u00e9seaux sociaux, les fans se lancent dans le jeu toujours p\u00e9rilleux des pronostics.\u00a0<\/p>\n<p>\u00a0<\/p>\n<blockquote class=\"twitter-tweet\">\n<p dir=\"ltr\" lang=\"fr\">On esp\u00e8re la d\u00e9faite du r\u00e9al ce soir pour bien finir la soir\u00e9e<\/p>\n<p>\u2014 KC adess (@adess974) <a href=\"https:\/\/twitter.com\/adess974\/status\/1909679239785300237?ref_src=twsrc%5Etfw\" rel=\"nofollow noopener\" target=\"_blank\">April 8, 2025<\/a><\/p><\/blockquote>\n<p>\u00a0<\/p>\n<blockquote class=\"twitter-tweet\">\n<p dir=\"ltr\" lang=\"fr\">Victoire facile du r\u00e9al ce soir<\/p>\n<p>\u2014 12 \u00a0(@toufiik75) <a href=\"https:\/\/twitter.com\/toufiik75\/status\/1909679258194026674?ref_src=twsrc%5Etfw\" rel=\"nofollow noopener\" target=\"_blank\">April 8, 2025<\/a><\/p><\/blockquote>\n<p>\u00a0<\/p>\n<blockquote class=\"twitter-tweet\">\n<p dir=\"ltr\" lang=\"fr\">Aujourd\u2019hui j\u2019y crois tellement pas mdrrr peut \u00eatre que Arsenal va le faire<\/p>\n<p>\u2014 Bebeto (@BebetoDeuxFois) <a href=\"https:\/\/twitter.com\/BebetoDeuxFois\/status\/1909680850197004440?ref_src=twsrc%5Etfw\" rel=\"nofollow noopener\" target=\"_blank\">April 8, 2025<\/a><\/p><\/blockquote>\n<p>20h16Les compositions<\/p>\n<p>L&rsquo;entra\u00eeneur du Real Madrid, Carlo Ancelotti, a d\u00e9cal\u00e9 David Alaba au poste de lat\u00e9ral gauche pour tenter de contenir l&rsquo;ailier d&rsquo;Arsenal Bukayo Saka, titulaire pour la premi\u00e8re fois en trois mois et demi, mardi en quart de finale aller de Ligue des champions.<\/p>\n<p>Real Madrid :\u00a0Courtois &#8211; Valverde, Asencio, R\u00fcdiger, Alaba &#8211; Modric (cap.), Camavinga, Bellingham &#8211; Rodrygo, Mbapp\u00e9, Vinicius<\/p>\n<p>Arsenal : Raya &#8211; Timber, Saliba, Kiwior, Lewis-Skelly &#8211; Odegaard (cap.), Partey, Rice &#8211; Saka, Merino, Martinelli<\/p>\n<p>Bless\u00e9 depuis quelques semaines, Thibaut Courtois est r\u00e9tabli et reprend sa place de titulaire dans les cages du Real Madrid. Les Madril\u00e8nes sont \u00e0 Londres ce soir pour d\u00e9fier Arsenal en match aller des quarts de finale de la Ligue des champions. La rencontre sera bien \u00e9videmment \u00e0 suivre sur RTL club et RTL play \u00e0 partir de 20h10.<\/p>\n<p><script async src=\"https:\/\/platform.twitter.com\/widgets.js\" charset=\"utf-8\"><\/script><\/p>\n","protected":false},"excerpt":{"rendered":"44&rsquo;COURTOIS SUR SA LIGNE Quelle s\u00e9quence de Thibaut Courtois ! Le Belge plonge et \u00e9carte une t\u00eate de&hellip;\n","protected":false},"author":2,"featured_media":11040,"comment_status":"","ping_status":"","sticky":false,"template":"","format":"standard","meta":{"footnotes":""},"categories":[1586],"tags":[11,5357,5359,1777,674,1779,1011,27,447,5358,12,4790,25,1778,364],"class_list":{"0":"post-11039","1":"post","2":"type-post","3":"status-publish","4":"format-standard","5":"has-post-thumbnail","7":"category-europe","8":"tag-actualites","9":"tag-arsenal","10":"tag-courtois","11":"tag-eu","12":"tag-europe","13":"tag-european-union","14":"tag-fr","15":"tag-france","16":"tag-ligue-des-champions","17":"tag-mbappe","18":"tag-news","19":"tag-real-madrid","20":"tag-republique-francaise","21":"tag-ue","22":"tag-union-europeenne"},"share_on_mastodon":{"url":"","error":""},"_links":{"self":[{"href":"https:\/\/www.europesays.com\/fr\/wp-json\/wp\/v2\/posts\/11039","targetHints":{"allow":["GET"]}}],"collection":[{"href":"https:\/\/www.europesays.com\/fr\/wp-json\/wp\/v2\/posts"}],"about":[{"href":"https:\/\/www.europesays.com\/fr\/wp-json\/wp\/v2\/types\/post"}],"author":[{"embeddable":true,"href":"https:\/\/www.europesays.com\/fr\/wp-json\/wp\/v2\/users\/2"}],"replies":[{"embeddable":true,"href":"https:\/\/www.europesays.com\/fr\/wp-json\/wp\/v2\/comments?post=11039"}],"version-history":[{"count":0,"href":"https:\/\/www.europesays.com\/fr\/wp-json\/wp\/v2\/posts\/11039\/revisions"}],"wp:featuredmedia":[{"embeddable":true,"href":"https:\/\/www.europesays.com\/fr\/wp-json\/wp\/v2\/media\/11040"}],"wp:attachment":[{"href":"https:\/\/www.europesays.com\/fr\/wp-json\/wp\/v2\/media?parent=11039"}],"wp:term":[{"taxonomy":"category","embeddable":true,"href":"https:\/\/www.europesays.com\/fr\/wp-json\/wp\/v2\/categories?post=11039"},{"taxonomy":"post_tag","embeddable":true,"href":"https:\/\/www.europesays.com\/fr\/wp-json\/wp\/v2\/tags?post=11039"}],"curies":[{"name":"wp","href":"https:\/\/api.w.org\/{rel}","templated":true}]}}