{"id":110391,"date":"2025-05-18T22:58:14","date_gmt":"2025-05-18T22:58:14","guid":{"rendered":"https:\/\/www.europesays.com\/fr\/110391\/"},"modified":"2025-05-18T22:58:14","modified_gmt":"2025-05-18T22:58:14","slug":"meurthe-et-moselle-le-musee-du-cinema-et-de-la-photographie-de-saint-nicolas-de-port-le-plus-grand-de-france-est-contraint-de-fermer-ses-portes-mais-espere-un-repreneur","status":"publish","type":"post","link":"https:\/\/www.europesays.com\/fr\/110391\/","title":{"rendered":"Meurthe-et-Moselle Le Mus\u00e9e du Cin\u00e9ma et de la photographie de Saint-Nicolas-de-Port, le plus grand de France, est contraint de fermer ses portes mais esp\u00e8re un repreneur"},"content":{"rendered":"<p>Sera-ce la derni\u00e8re s\u00e9ance\u00a0? Eddy Mitchell pourrait le fredonner. Mais nul, ici, n\u2019a le c\u0153ur \u00e0 chanter. Le temps est d\u00e9sormais compt\u00e9\u00a0: au soir du dimanche 25\u00a0mai \u00e0 18\u00a0h\u00a030, le Mus\u00e9e du Cin\u00e9ma et de la Photographie, sis \u00e0 Saint-Nicolas-de-Port, fermera ses portes au public. D\u00e9finitivement.<\/p>\n<p>Cause\u00a0: il y a p\u00e9ril en la demeure. L\u00e9zardes et fissures, joints de fortune et v\u00e9g\u00e9tation intrusive venue s\u2019immiscer de l\u2019ext\u00e9rieur par les interstices et trous b\u00e9ants\u2026 l\u2019ancien casernement de 1870, reconverti en mus\u00e9e depuis 1998, ne fait aucun myst\u00e8re de sa vuln\u00e9rabilit\u00e9. Install\u00e9 sur d\u2019anciennes mines de sel, il menace de s\u2019effondrer. Et la mairie, propri\u00e9taire des lieux, s\u2019est r\u00e9solue \u00e0 en tirer les cons\u00e9quences\u00a0: le mus\u00e9e&#8230;<\/p>\n","protected":false},"excerpt":{"rendered":"Sera-ce la derni\u00e8re s\u00e9ance\u00a0? Eddy Mitchell pourrait le fredonner. Mais nul, ici, n\u2019a le c\u0153ur \u00e0 chanter. Le&hellip;\n","protected":false},"author":2,"featured_media":110392,"comment_status":"","ping_status":"","sticky":false,"template":"","format":"standard","meta":{"footnotes":""},"categories":[9635],"tags":[1111,11,9652,650,1687,1704,1777,674,1011,27,775,1702,12,2661,25,9651],"class_list":{"0":"post-110391","1":"post","2":"type-post","3":"status-publish","4":"format-standard","5":"has-post-thumbnail","7":"category-nancy","8":"tag-actu","9":"tag-actualites","10":"tag-cc-des-pays-du-sel-et-du-vermois-54b","11":"tag-cinema","12":"tag-culture-loisirs","13":"tag-edition-nancy-et-agglomeration","14":"tag-eu","15":"tag-europe","16":"tag-fr","17":"tag-france","18":"tag-grand-est","19":"tag-nancy","20":"tag-news","21":"tag-patrimoine-culturel","22":"tag-republique-francaise","23":"tag-saint-nicolas-de-port"},"share_on_mastodon":{"url":"https:\/\/pubeurope.com\/@fr\/114531316800142936","error":""},"_links":{"self":[{"href":"https:\/\/www.europesays.com\/fr\/wp-json\/wp\/v2\/posts\/110391","targetHints":{"allow":["GET"]}}],"collection":[{"href":"https:\/\/www.europesays.com\/fr\/wp-json\/wp\/v2\/posts"}],"about":[{"href":"https:\/\/www.europesays.com\/fr\/wp-json\/wp\/v2\/types\/post"}],"author":[{"embeddable":true,"href":"https:\/\/www.europesays.com\/fr\/wp-json\/wp\/v2\/users\/2"}],"replies":[{"embeddable":true,"href":"https:\/\/www.europesays.com\/fr\/wp-json\/wp\/v2\/comments?post=110391"}],"version-history":[{"count":0,"href":"https:\/\/www.europesays.com\/fr\/wp-json\/wp\/v2\/posts\/110391\/revisions"}],"wp:featuredmedia":[{"embeddable":true,"href":"https:\/\/www.europesays.com\/fr\/wp-json\/wp\/v2\/media\/110392"}],"wp:attachment":[{"href":"https:\/\/www.europesays.com\/fr\/wp-json\/wp\/v2\/media?parent=110391"}],"wp:term":[{"taxonomy":"category","embeddable":true,"href":"https:\/\/www.europesays.com\/fr\/wp-json\/wp\/v2\/categories?post=110391"},{"taxonomy":"post_tag","embeddable":true,"href":"https:\/\/www.europesays.com\/fr\/wp-json\/wp\/v2\/tags?post=110391"}],"curies":[{"name":"wp","href":"https:\/\/api.w.org\/{rel}","templated":true}]}}