{"id":110393,"date":"2025-05-18T22:59:46","date_gmt":"2025-05-18T22:59:46","guid":{"rendered":"https:\/\/www.europesays.com\/fr\/110393\/"},"modified":"2025-05-18T22:59:46","modified_gmt":"2025-05-18T22:59:46","slug":"nationale-2-f-le-vntc-heroique-a-rully-le-well-nancy-manque-lessai-du-maintien","status":"publish","type":"post","link":"https:\/\/www.europesays.com\/fr\/110393\/","title":{"rendered":"Nationale 2 (F). Le VNTC h\u00e9ro\u00efque \u00e0 Rully, le Well Nancy manque l\u2019essai du maintien"},"content":{"rendered":"<p> Rully &#8211; VNTC 2-4 <\/p>\n<p>On aurait pu imaginer que le d\u00e9placement du VNTC \u00e0 Rully allait s\u2019apparenter \u00e0 une v\u00e9ritable partir de plaisir. Lanterne rouge au classement (3 matchs, 3 d\u00e9faites), la formation de l\u2019Oise ne s\u2019\u00e9tait m\u00eame pas d\u00e9plac\u00e9e le week-end dernier \u00e0 Nogaro. Un forfait qui condamnait les Nordistes \u00e0 la rel\u00e9gation avant m\u00eame les deux derni\u00e8res lev\u00e9es. \u00ab\u00a0Qu\u2019elle a \u00e9t\u00e9 ma surprise de d\u00e9couvrir ce matin \u00e0 l\u2019\u00e9chauffement que Rully alignait les Belges Otzipka (n\u00b050) et Mareen (-2\/6)\u00a0!\u00a0\u00bb, s\u2019\u00e9trangle L\u00e9o-Paul Watelet. \u00ab\u00a0La premi\u00e8re n\u2019avait pas encore disput\u00e9 le moindre match depuis le d\u00e9but des interclubs. Quant \u00e0 la seconde, elle n\u2019a pas cess\u00e9 de poster, la veille, sur les r\u00e9seaux sociaux des images de sa pr\u00e9sence \u00e0 un festival de musique \u00e0 Bruxelles\u00a0! \u00a0\u00bb<\/p>\n<p>De quoi mettre en p\u00e9tard le coach du VNTC, d\u2019autant que les deux Belges se montraient totalement injouables sur surface dure. \u00ab\u00a0Margaux (Maquet) et Magali (Goesel) n\u2019ont absolument rien pu faire face \u00e0 des joueuses qui n\u2019ont pas arr\u00eat\u00e9&#8230;<\/p>\n","protected":false},"excerpt":{"rendered":"Rully &#8211; VNTC 2-4 On aurait pu imaginer que le d\u00e9placement du VNTC \u00e0 Rully allait s\u2019apparenter \u00e0&hellip;\n","protected":false},"author":2,"featured_media":110394,"comment_status":"","ping_status":"","sticky":false,"template":"","format":"standard","meta":{"footnotes":""},"categories":[9635],"tags":[1111,11,1704,1777,674,1011,27,775,1702,1703,12,25,517,1700,1467],"class_list":{"0":"post-110393","1":"post","2":"type-post","3":"status-publish","4":"format-standard","5":"has-post-thumbnail","7":"category-nancy","8":"tag-actu","9":"tag-actualites","10":"tag-edition-nancy-et-agglomeration","11":"tag-eu","12":"tag-europe","13":"tag-fr","14":"tag-france","15":"tag-grand-est","16":"tag-nancy","17":"tag-nancy-ville-54b","18":"tag-news","19":"tag-republique-francaise","20":"tag-sport","21":"tag-sport-lorrain","22":"tag-tennis"},"share_on_mastodon":{"url":"https:\/\/pubeurope.com\/@fr\/114531320743459148","error":""},"_links":{"self":[{"href":"https:\/\/www.europesays.com\/fr\/wp-json\/wp\/v2\/posts\/110393","targetHints":{"allow":["GET"]}}],"collection":[{"href":"https:\/\/www.europesays.com\/fr\/wp-json\/wp\/v2\/posts"}],"about":[{"href":"https:\/\/www.europesays.com\/fr\/wp-json\/wp\/v2\/types\/post"}],"author":[{"embeddable":true,"href":"https:\/\/www.europesays.com\/fr\/wp-json\/wp\/v2\/users\/2"}],"replies":[{"embeddable":true,"href":"https:\/\/www.europesays.com\/fr\/wp-json\/wp\/v2\/comments?post=110393"}],"version-history":[{"count":0,"href":"https:\/\/www.europesays.com\/fr\/wp-json\/wp\/v2\/posts\/110393\/revisions"}],"wp:featuredmedia":[{"embeddable":true,"href":"https:\/\/www.europesays.com\/fr\/wp-json\/wp\/v2\/media\/110394"}],"wp:attachment":[{"href":"https:\/\/www.europesays.com\/fr\/wp-json\/wp\/v2\/media?parent=110393"}],"wp:term":[{"taxonomy":"category","embeddable":true,"href":"https:\/\/www.europesays.com\/fr\/wp-json\/wp\/v2\/categories?post=110393"},{"taxonomy":"post_tag","embeddable":true,"href":"https:\/\/www.europesays.com\/fr\/wp-json\/wp\/v2\/tags?post=110393"}],"curies":[{"name":"wp","href":"https:\/\/api.w.org\/{rel}","templated":true}]}}