{"id":110411,"date":"2025-05-18T23:12:09","date_gmt":"2025-05-18T23:12:09","guid":{"rendered":"https:\/\/www.europesays.com\/fr\/110411\/"},"modified":"2025-05-18T23:12:09","modified_gmt":"2025-05-18T23:12:09","slug":"previsions-du-lundi-19-mai-2025-2","status":"publish","type":"post","link":"https:\/\/www.europesays.com\/fr\/110411\/","title":{"rendered":"pr\u00e9visions du lundi 19 mai 2025"},"content":{"rendered":"<p>Aujourd&rsquo;hui, les temp\u00e9ratures seront comprises entre 7 et 23\u00b0C \u00e0 Strasbourg. Un l\u00e9ger vent de nord-est soufflera. Le matin, les Strasbourgeois vont pouvoir profiter d&rsquo;un soleil radieux. Le thermom\u00e8tre affichera 16\u00b0C en moyenne. Le ciel sera toujours couvert l&rsquo;apr\u00e8s-midi avec des nuages. En revanche, la m\u00e9t\u00e9o va se r\u00e9chauffer avec une hausse de plusieurs degr\u00e9s. Les valeurs seront de 21\u00b0C au minimum et de 23\u00b0C au plus haut. Une nuit claire vous attendra entre lundi et mardi.<\/p>\n<p>Pour Strasbourg, une m\u00e9t\u00e9o plus chaude est pr\u00e9vue demain puisque les temp\u00e9ratures vont enregistrer une augmentation. Les valeurs s&rsquo;\u00e9chelonneront entre 11 et 21\u00b0C. Une modeste brise de nord-est sera ressentie par les habitants. Le matin, des nuages ne voudront pas laisser leur place au soleil. Il faudra pr\u00e9voir son parapluie pour s&rsquo;abriter des pluies \u00e9parses. Les valeurs avoisineront les 14\u00b0C. Demain apr\u00e8s-midi, le soleil va progressivement se substituer aux nuages. C&rsquo;est une hausse de plusieurs degr\u00e9s que vont conna\u00eetre les temp\u00e9ratures. Ces valeurs afficheront entre 18 et 21\u00b0C. Il va faire environ 17\u00b0C, demain soir.<\/p>\n<p>Une m\u00e9t\u00e9o instable est attendue les jours qui suivent. Une am\u00e9lioration est annonc\u00e9e jeudi, alors que la journ\u00e9e de mercredi aura \u00e9t\u00e9 pluvieuse.<\/p>\n<p><\/p>\n","protected":false},"excerpt":{"rendered":"Aujourd&rsquo;hui, les temp\u00e9ratures seront comprises entre 7 et 23\u00b0C \u00e0 Strasbourg. Un l\u00e9ger vent de nord-est soufflera. Le&hellip;\n","protected":false},"author":2,"featured_media":110412,"comment_status":"","ping_status":"","sticky":false,"template":"","format":"standard","meta":{"footnotes":""},"categories":[2820],"tags":[1111,11,2389,2649,1777,674,1011,27,775,12,2119,25,640],"class_list":{"0":"post-110411","1":"post","2":"type-post","3":"status-publish","4":"format-standard","5":"has-post-thumbnail","7":"category-strasbourg","8":"tag-actu","9":"tag-actualites","10":"tag-alsace","11":"tag-bas-rhin","12":"tag-eu","13":"tag-europe","14":"tag-fr","15":"tag-france","16":"tag-grand-est","17":"tag-news","18":"tag-previsions-meteo","19":"tag-republique-francaise","20":"tag-strasbourg"},"share_on_mastodon":{"url":"https:\/\/pubeurope.com\/@fr\/114531371782377418","error":""},"_links":{"self":[{"href":"https:\/\/www.europesays.com\/fr\/wp-json\/wp\/v2\/posts\/110411","targetHints":{"allow":["GET"]}}],"collection":[{"href":"https:\/\/www.europesays.com\/fr\/wp-json\/wp\/v2\/posts"}],"about":[{"href":"https:\/\/www.europesays.com\/fr\/wp-json\/wp\/v2\/types\/post"}],"author":[{"embeddable":true,"href":"https:\/\/www.europesays.com\/fr\/wp-json\/wp\/v2\/users\/2"}],"replies":[{"embeddable":true,"href":"https:\/\/www.europesays.com\/fr\/wp-json\/wp\/v2\/comments?post=110411"}],"version-history":[{"count":0,"href":"https:\/\/www.europesays.com\/fr\/wp-json\/wp\/v2\/posts\/110411\/revisions"}],"wp:featuredmedia":[{"embeddable":true,"href":"https:\/\/www.europesays.com\/fr\/wp-json\/wp\/v2\/media\/110412"}],"wp:attachment":[{"href":"https:\/\/www.europesays.com\/fr\/wp-json\/wp\/v2\/media?parent=110411"}],"wp:term":[{"taxonomy":"category","embeddable":true,"href":"https:\/\/www.europesays.com\/fr\/wp-json\/wp\/v2\/categories?post=110411"},{"taxonomy":"post_tag","embeddable":true,"href":"https:\/\/www.europesays.com\/fr\/wp-json\/wp\/v2\/tags?post=110411"}],"curies":[{"name":"wp","href":"https:\/\/api.w.org\/{rel}","templated":true}]}}