{"id":110419,"date":"2025-05-18T23:16:08","date_gmt":"2025-05-18T23:16:08","guid":{"rendered":"https:\/\/www.europesays.com\/fr\/110419\/"},"modified":"2025-05-18T23:16:08","modified_gmt":"2025-05-18T23:16:08","slug":"previsions-du-lundi-19-mai-2025-4","status":"publish","type":"post","link":"https:\/\/www.europesays.com\/fr\/110419\/","title":{"rendered":"pr\u00e9visions du lundi 19 mai 2025"},"content":{"rendered":"<p>\u00c0 Nantes, les valeurs afficheront entre 10\u00b0C et 22\u00b0C dans la journ\u00e9e. Un vent de nord-est soufflera un peu, avec 16 km\/h. Le ciel va s&rsquo;\u00e9claircir dans la matin\u00e9e. Le mercure affichera 15\u00b0C en moyenne. Les nuages dans le ciel de l&rsquo;apr\u00e8s-midi retardent l&rsquo;apparition du soleil. Du mauvais temps est \u00e0 pr\u00e9voir. Des pluies \u00e9parses vont tomber. D&rsquo;un autre c\u00f4t\u00e9, les temp\u00e9ratures vont enregistrer une augmentation de plusieurs degr\u00e9s. Les valeurs seront comprises entre 20 et 22\u00b0C. La soir\u00e9e sera marqu\u00e9e par des pluies \u00e9parses. Les temp\u00e9ratures tourneront autour des 17\u00b0C. On passera de lundi \u00e0 mardi par une nuit claire.<\/p>\n<p>Demain, un grand soleil rayonnera sur Nantes. Les valeurs s&rsquo;\u00e9chelonneront entre 10 et 22\u00b0C. Un modeste vent de nord sera ressenti par les habitants. Les temp\u00e9ratures vont conna\u00eetre une hausse de plusieurs degr\u00e9s durant l&rsquo;apr\u00e8s-midi. Les valeurs afficheront entre 20 et 22\u00b0C. Les valeurs tourneront autour des 16\u00b0C au cours de la soir\u00e9e.<\/p>\n<p>Le temps sera assez instable les jours qui suivent. \u00c0 la suite d&rsquo;une journ\u00e9e pluvieuse mercredi, on pr\u00e9voit une am\u00e9lioration jeudi.<\/p>\n<p><\/p>\n","protected":false},"excerpt":{"rendered":"\u00c0 Nantes, les valeurs afficheront entre 10\u00b0C et 22\u00b0C dans la journ\u00e9e. Un vent de nord-est soufflera un&hellip;\n","protected":false},"author":2,"featured_media":110420,"comment_status":"","ping_status":"","sticky":false,"template":"","format":"standard","meta":{"footnotes":""},"categories":[2818],"tags":[1111,11,1777,674,1011,27,3047,766,12,2636,2119,25],"class_list":{"0":"post-110419","1":"post","2":"type-post","3":"status-publish","4":"format-standard","5":"has-post-thumbnail","7":"category-nantes","8":"tag-actu","9":"tag-actualites","10":"tag-eu","11":"tag-europe","12":"tag-fr","13":"tag-france","14":"tag-loire-atlantique","15":"tag-nantes","16":"tag-news","17":"tag-pays-de-la-loire","18":"tag-previsions-meteo","19":"tag-republique-francaise"},"share_on_mastodon":{"url":"https:\/\/pubeurope.com\/@fr\/114531387506588177","error":""},"_links":{"self":[{"href":"https:\/\/www.europesays.com\/fr\/wp-json\/wp\/v2\/posts\/110419","targetHints":{"allow":["GET"]}}],"collection":[{"href":"https:\/\/www.europesays.com\/fr\/wp-json\/wp\/v2\/posts"}],"about":[{"href":"https:\/\/www.europesays.com\/fr\/wp-json\/wp\/v2\/types\/post"}],"author":[{"embeddable":true,"href":"https:\/\/www.europesays.com\/fr\/wp-json\/wp\/v2\/users\/2"}],"replies":[{"embeddable":true,"href":"https:\/\/www.europesays.com\/fr\/wp-json\/wp\/v2\/comments?post=110419"}],"version-history":[{"count":0,"href":"https:\/\/www.europesays.com\/fr\/wp-json\/wp\/v2\/posts\/110419\/revisions"}],"wp:featuredmedia":[{"embeddable":true,"href":"https:\/\/www.europesays.com\/fr\/wp-json\/wp\/v2\/media\/110420"}],"wp:attachment":[{"href":"https:\/\/www.europesays.com\/fr\/wp-json\/wp\/v2\/media?parent=110419"}],"wp:term":[{"taxonomy":"category","embeddable":true,"href":"https:\/\/www.europesays.com\/fr\/wp-json\/wp\/v2\/categories?post=110419"},{"taxonomy":"post_tag","embeddable":true,"href":"https:\/\/www.europesays.com\/fr\/wp-json\/wp\/v2\/tags?post=110419"}],"curies":[{"name":"wp","href":"https:\/\/api.w.org\/{rel}","templated":true}]}}