{"id":11043,"date":"2025-04-08T20:08:14","date_gmt":"2025-04-08T20:08:14","guid":{"rendered":"https:\/\/www.europesays.com\/fr\/11043\/"},"modified":"2025-04-08T20:08:14","modified_gmt":"2025-04-08T20:08:14","slug":"champions-cup-plus-de-peur-que-de-mal-pour-capuozzo-apres-sa-blessure-lors-de-toulouse","status":"publish","type":"post","link":"https:\/\/www.europesays.com\/fr\/11043\/","title":{"rendered":"Champions Cup. Plus de peur que de mal pour Capuozzo apr\u00e8s sa blessure lors de Toulouse"},"content":{"rendered":"<p>            Par<br \/>\n        <strong><br \/>\n            <a href=\"https:\/\/actu.fr\/auteur\/thomas-corbet-actu-fr\" title=\"Consulter tous les articles de Thomas Corbet\" rel=\"nofollow noopener\" target=\"_blank\">Thomas Corbet<\/a><br \/>\n        <\/strong><\/p>\n<p>        Publi\u00e9 le<\/p>\n<p>            7 avr. 2025 \u00e0 10h39        <\/p>\n<p><strong>Touch\u00e9 \u00e0 la jambe droite<\/strong> lors de la qualification de Toulouse contre Sale pour <a href=\"https:\/\/actu.fr\/sports\/rugby\/coupe-deurope\/champions-cup-les-resultats-des-8es-de-finale-les-affiches-des-1-4-et-les-potentielles-demi-finales_62472086.html\" rel=\"nofollow noopener\" target=\"_blank\">les quarts de finale<\/a> de Champions Cup, <strong>Ange Capuozz<\/strong>o avait \u00e9t\u00e9 contraint de sortir sur civi\u00e8re. Alors qu\u2019<a href=\"https:\/\/actu.fr\/occitanie\/toulouse_31555\/rugby-pourquoi-la-blessure-d-ange-capuozzo-est-la-pire-chose-qui-pouvait-arriver-a-toulouse_62474091.html\" rel=\"nofollow noopener\" target=\"_blank\">une grave blessure \u00e9tait d\u2019abord redout\u00e9e<\/a>, elle pourrait \u00eatre <strong>moins terrible que ce qui \u00e9tait craint<\/strong> selon les informations d\u2019Actu Rugby.<\/p>\n<p>La blessure de Capuozzo moins grave que pr\u00e9vu ?<\/p>\n<p class=\" wall-content\">Ange Capuozzo a cass\u00e9 un certain nombre de chevilles lors de ses prises de balle contre Sale en 8e de finale de Champions Cup. Avec, en point d\u2019orgue, un raid en solitaire qui finissait d\u2019assurer la qualification du Stade Toulousain pour le tour suivant.\u00a0<\/p>\n<p class=\" wall-content\">\n<p class=\" wall-content\">Malheureusement, il y laissait aussi une des siennes sur cette action. La droite pour \u00eatre pr\u00e9cis. Apr\u00e8s la rencontre, certains de ses partenaires \u00e9taient plut\u00f4t pessimistes \u00e0 la sortie des vestiaires, estimant que le virevoltant ailier souffrait tr\u00e8s probablement d\u2019une fracture qui mettrait un terme \u00e0 sa sublime saison.<\/p>\n<p>Une entorse et un retour fin mai ?<\/p>\n<p class=\" wall-content\">Selon nos informations, Ange Capuozzo pourrait toutefois \u00e9viter le pire ! Et c\u2019est bien l\u00e0 tout ce que l\u2019on peut lui souhaiter, lui qui a souvent \u00e9t\u00e9 ralenti par des petits p\u00e9pins et qui donnait cette saison la pleine mesure de son talent dans les rangs rouges et noirs.<\/p>\n<p class=\" wall-content\">D\u2019apr\u00e8s nos sources proches du joueur, il pourrait ne souffrir que d\u2019une entorse de la cheville droite et \u00eatre contraint \u00e0 3 semaines d\u2019arr\u00eat complet \u00e0 porter une \u00ab\u00a0botte\u00a0\u00bb. Rugbyrama rapporte m\u00eame que les examens pass\u00e9s apr\u00e8s la rencontre n\u2019ont pas r\u00e9v\u00e9l\u00e9 de fracture.<\/p>\n<p>Vid\u00e9os : en ce moment sur Actu<\/p>\n<p class=\" wall-content\">Le cas \u00e9ch\u00e9ant, l\u2019absence totale de Capuozzo serait de 6 \u00e0 8 semaines et un retour \u00e0 la fin du mois de mai serait esp\u00e9r\u00e9.\u00a0<\/p>\n<p class=\" wall-content\">Suivez toute l\u2019actualit\u00e9 de vos villes et m\u00e9dias favoris en vous inscrivant \u00e0 <a href=\"https:\/\/moncompte.actu.fr\" title=\"D\u00e9couvez Mon Actu\" rel=\"nofollow noopener\" data-trk=\"{&quot;cta&quot;:{&quot;action&quot;:&quot;https:\\\/\\\/moncompte.actu.fr&quot;,&quot;category&quot;:&quot;mon compte&quot;,&quot;from&quot;:&quot;article footer&quot;,&quot;name&quot;:&quot;Mon actu&quot;,&quot;type&quot;:&quot;cta&quot;}}\" target=\"_blank\">Mon Actu<\/a>.<\/p>\n<ul class=\"ac-article-tag wall-content\">\n<li><a href=\"https:\/\/actu.fr\/tag\/champions-cup\" data-trk=\"{&quot;cta&quot;:{&quot;action&quot;:&quot;Champions Cup&quot;,&quot;category&quot;:&quot;tag&quot;,&quot;from&quot;:&quot;article footer&quot;,&quot;name&quot;:&quot;Champions Cup&quot;,&quot;type&quot;:&quot;cta&quot;}}\" rel=\"nofollow noopener\" target=\"_blank\">#Champions Cup<\/a><\/li>\n<li><a href=\"https:\/\/actu.fr\/tag\/stade-toulousain\" data-trk=\"{&quot;cta&quot;:{&quot;action&quot;:&quot;Stade toulousain&quot;,&quot;category&quot;:&quot;tag&quot;,&quot;from&quot;:&quot;article footer&quot;,&quot;name&quot;:&quot;Stade toulousain&quot;,&quot;type&quot;:&quot;cta&quot;}}\" rel=\"nofollow noopener\" target=\"_blank\">#Stade toulousain<\/a><\/li>\n<\/ul>\n","protected":false},"excerpt":{"rendered":"Par Thomas Corbet Publi\u00e9 le 7 avr. 2025 \u00e0 10h39 Touch\u00e9 \u00e0 la jambe droite lors de la&hellip;\n","protected":false},"author":2,"featured_media":11044,"comment_status":"","ping_status":"","sticky":false,"template":"","format":"standard","meta":{"footnotes":""},"categories":[2],"tags":[11,3460,1089,1011,27,12,25,479,60,476],"class_list":{"0":"post-11043","1":"post","2":"type-post","3":"status-publish","4":"format-standard","5":"has-post-thumbnail","7":"category-actualites","8":"tag-actualites","9":"tag-champions-cup","10":"tag-coupe-deurope","11":"tag-fr","12":"tag-france","13":"tag-news","14":"tag-republique-francaise","15":"tag-rugby","16":"tag-sports","17":"tag-stade-toulousain"},"share_on_mastodon":{"url":"https:\/\/pubeurope.com\/@fr\/114304155874376535","error":""},"_links":{"self":[{"href":"https:\/\/www.europesays.com\/fr\/wp-json\/wp\/v2\/posts\/11043","targetHints":{"allow":["GET"]}}],"collection":[{"href":"https:\/\/www.europesays.com\/fr\/wp-json\/wp\/v2\/posts"}],"about":[{"href":"https:\/\/www.europesays.com\/fr\/wp-json\/wp\/v2\/types\/post"}],"author":[{"embeddable":true,"href":"https:\/\/www.europesays.com\/fr\/wp-json\/wp\/v2\/users\/2"}],"replies":[{"embeddable":true,"href":"https:\/\/www.europesays.com\/fr\/wp-json\/wp\/v2\/comments?post=11043"}],"version-history":[{"count":0,"href":"https:\/\/www.europesays.com\/fr\/wp-json\/wp\/v2\/posts\/11043\/revisions"}],"wp:featuredmedia":[{"embeddable":true,"href":"https:\/\/www.europesays.com\/fr\/wp-json\/wp\/v2\/media\/11044"}],"wp:attachment":[{"href":"https:\/\/www.europesays.com\/fr\/wp-json\/wp\/v2\/media?parent=11043"}],"wp:term":[{"taxonomy":"category","embeddable":true,"href":"https:\/\/www.europesays.com\/fr\/wp-json\/wp\/v2\/categories?post=11043"},{"taxonomy":"post_tag","embeddable":true,"href":"https:\/\/www.europesays.com\/fr\/wp-json\/wp\/v2\/tags?post=11043"}],"curies":[{"name":"wp","href":"https:\/\/api.w.org\/{rel}","templated":true}]}}