{"id":110431,"date":"2025-05-18T23:22:10","date_gmt":"2025-05-18T23:22:10","guid":{"rendered":"https:\/\/www.europesays.com\/fr\/110431\/"},"modified":"2025-05-18T23:22:10","modified_gmt":"2025-05-18T23:22:10","slug":"previsions-du-lundi-19-mai-2025-6","status":"publish","type":"post","link":"https:\/\/www.europesays.com\/fr\/110431\/","title":{"rendered":"pr\u00e9visions du lundi 19 mai 2025"},"content":{"rendered":"<p>Lille aura le plaisir de pouvoir profiter d&rsquo;une belle journ\u00e9e ensoleill\u00e9e. Le thermom\u00e8tre affichera 15\u00b0C en moyenne. Un petit vent de nord-est soufflera au cours de la matin\u00e9e. L&rsquo;air ambiant va se r\u00e9chauffer l&rsquo;apr\u00e8s-midi avec une augmentation de quelques degr\u00e9s. Les temp\u00e9ratures afficheront entre 20 et 21\u00b0C. Il fera environ 16\u00b0C, le soir. On pr\u00e9voit une nuit claire entre lundi et mardi.<\/p>\n<p>Pour Lille, une m\u00e9t\u00e9o plus chaude est pr\u00e9vue demain \u00e9tant donn\u00e9 que le mercure va conna\u00eetre une hausse. On anticipe des valeurs d&rsquo;environ 17\u00b0C. Une l\u00e9g\u00e8re brise de nord-est sera ressentie par les habitants. Le soleil sera dominant, la garantie d&rsquo;une magnifique matin\u00e9e ! Les temp\u00e9ratures seront de 18\u00b0C. Le temps va peu \u00e0 peu s&rsquo;am\u00e9liorer dans l&rsquo;apr\u00e8s-midi et laisser place \u00e0 des \u00e9claircies. Les maximales iront jusqu&rsquo;\u00e0 23\u00b0C et les minimales seront de 18\u00b0C.<\/p>\n<p>Un temps instable est \u00e0 pr\u00e9voir pour les jours \u00e0 venir. \u00c0 la suite d&rsquo;une journ\u00e9e nuageuse mercredi, on s&rsquo;attend \u00e0 une am\u00e9lioration jeudi.<\/p>\n<p><\/p>\n","protected":false},"excerpt":{"rendered":"Lille aura le plaisir de pouvoir profiter d&rsquo;une belle journ\u00e9e ensoleill\u00e9e. Le thermom\u00e8tre affichera 15\u00b0C en moyenne. Un&hellip;\n","protected":false},"author":2,"featured_media":110432,"comment_status":"","ping_status":"","sticky":false,"template":"","format":"standard","meta":{"footnotes":""},"categories":[2815],"tags":[1111,11,1777,674,1011,27,811,1307,12,1308,1309,2119,25],"class_list":{"0":"post-110431","1":"post","2":"type-post","3":"status-publish","4":"format-standard","5":"has-post-thumbnail","7":"category-lille","8":"tag-actu","9":"tag-actualites","10":"tag-eu","11":"tag-europe","12":"tag-fr","13":"tag-france","14":"tag-hauts-de-france","15":"tag-lille","16":"tag-news","17":"tag-nord","18":"tag-nord-pas-de-calais","19":"tag-previsions-meteo","20":"tag-republique-francaise"},"share_on_mastodon":{"url":"https:\/\/pubeurope.com\/@fr\/114531411779992929","error":""},"_links":{"self":[{"href":"https:\/\/www.europesays.com\/fr\/wp-json\/wp\/v2\/posts\/110431","targetHints":{"allow":["GET"]}}],"collection":[{"href":"https:\/\/www.europesays.com\/fr\/wp-json\/wp\/v2\/posts"}],"about":[{"href":"https:\/\/www.europesays.com\/fr\/wp-json\/wp\/v2\/types\/post"}],"author":[{"embeddable":true,"href":"https:\/\/www.europesays.com\/fr\/wp-json\/wp\/v2\/users\/2"}],"replies":[{"embeddable":true,"href":"https:\/\/www.europesays.com\/fr\/wp-json\/wp\/v2\/comments?post=110431"}],"version-history":[{"count":0,"href":"https:\/\/www.europesays.com\/fr\/wp-json\/wp\/v2\/posts\/110431\/revisions"}],"wp:featuredmedia":[{"embeddable":true,"href":"https:\/\/www.europesays.com\/fr\/wp-json\/wp\/v2\/media\/110432"}],"wp:attachment":[{"href":"https:\/\/www.europesays.com\/fr\/wp-json\/wp\/v2\/media?parent=110431"}],"wp:term":[{"taxonomy":"category","embeddable":true,"href":"https:\/\/www.europesays.com\/fr\/wp-json\/wp\/v2\/categories?post=110431"},{"taxonomy":"post_tag","embeddable":true,"href":"https:\/\/www.europesays.com\/fr\/wp-json\/wp\/v2\/tags?post=110431"}],"curies":[{"name":"wp","href":"https:\/\/api.w.org\/{rel}","templated":true}]}}