{"id":1104396,"date":"2026-08-03T04:02:25","date_gmt":"2026-08-03T04:02:25","guid":{"rendered":"https:\/\/www.europesays.com\/fr\/1104396\/"},"modified":"2026-08-03T04:02:25","modified_gmt":"2026-08-03T04:02:25","slug":"moyom-fait-progresser-lesthetique-regenerative-en-europe-grace-a-la-certification-aphranel-conforme-au-reglement-mdr-de-lue-et-a-une-collaboration-scientifique-strategique-avec-expert2expert","status":"publish","type":"post","link":"https:\/\/www.europesays.com\/fr\/1104396\/","title":{"rendered":"MOYOM fait progresser l&rsquo;esth\u00e9tique r\u00e9g\u00e9n\u00e9rative en Europe gr\u00e2ce \u00e0 la certification APHRANEL\u00ae conforme au r\u00e8glement MDR de l&rsquo;UE et \u00e0 une collaboration scientifique strat\u00e9gique avec Expert2Expert"},"content":{"rendered":"<p>LONDRES, 3 ao\u00fbt 2026 \/PRNewswire\/ &#8212; MOYOM, la soci\u00e9t\u00e9 de biotechnologie \u00e0 l&rsquo;origine d&rsquo;APHRANEL\u00ae, a annonc\u00e9 aujourd&rsquo;hui deux \u00e9tapes majeures dans le cadre de sa strat\u00e9gie europ\u00e9enne\u00a0: l&rsquo;obtention de la certification au titre du r\u00e8glement europ\u00e9en (UE) relatif aux dispositifs m\u00e9dicaux (MDR) pour APHRANEL\u00ae et la mise en place d&rsquo;une collaboration scientifique strat\u00e9gique avec Expert2Expert (E2E), dirig\u00e9e par le Dr\u00a0Patrick\u00a0Tr\u00e9vidic, chirurgien esth\u00e9tique de renomm\u00e9e internationale.<\/p>\n<p>          <a href=\"#\" class=\"tabfocus\" role=\"button\"><img title=\"MOYOM Founder &amp; CEO Guangming Lin and Dr. Patrick Tr\u00e9vidic\" data-getimg=\"https:\/\/mmx.prnewswire.com\/media\/MS1961226\/20260730030330EDT_image_1.jpg?id=OA2819394&amp;w=400\" id=\"imageid_2\" alt=\"MOYOM Founder &amp; CEO Guangming Lin and Dr. Patrick Tr\u00e9vidic\" class=\"gallery-thumb img-responsive\" rel=\"newsImage\" itemprop=\"contentUrl\" loading=\"lazy\"\/><\/a><\/p>\n<p>        MOYOM Founder &amp; CEO Guangming Lin and Dr. Patrick Tr\u00e9vidic<\/p>\n<p>          <a href=\"#\" class=\"tabfocus\" role=\"button\"><img title=\"MOYOM team visits BSI UK headquarters\" data-getimg=\"https:\/\/mmx.prnewswire.com\/media\/MS1961225\/20260730030330EDT_image_2.jpg?id=OA2819393&amp;w=400\" id=\"imageid_2\" alt=\"MOYOM team visits BSI UK headquarters\" class=\"gallery-thumb img-responsive\" rel=\"newsImage\" itemprop=\"contentUrl\" loading=\"lazy\"\/><\/a><\/p>\n<p>        MOYOM team visits BSI UK headquarters<\/p>\n<p class=\"prntal\">Ces \u00e9tapes marquantes inaugurent une nouvelle phase dans l&rsquo;engagement \u00e0 long terme de MOYOM en faveur du d\u00e9veloppement de l&rsquo;esth\u00e9tique r\u00e9g\u00e9n\u00e9rative, \u00e0 travers la validation scientifique, la formation des m\u00e9decins et la collaboration internationale.<\/p>\n<p class=\"prntal\">Le 7 juillet,\u00a0APHRANEL\u00ae a obtenu la certification MDR de l&rsquo;UE au titre du r\u00e8glement (UE) 2017\/745, d\u00e9livr\u00e9e par BSI UK, l&rsquo;un des organismes notifi\u00e9s les plus r\u00e9put\u00e9s au monde. Cette certification atteste que le dispositif APHRANEL\u00ae r\u00e9pond aux normes europ\u00e9ennes les plus strictes en mati\u00e8re de qualit\u00e9, de s\u00e9curit\u00e9 et d&rsquo;efficacit\u00e9 clinique, ce qui lui ouvre non seulement les portes du march\u00e9 europ\u00e9en, mais marque \u00e9galement une nouvelle \u00e9tape dans l&rsquo;expansion internationale de MOYOM.<\/p>\n<p class=\"prntal\">Pour MOYOM, l&rsquo;autorisation r\u00e9glementaire ne constitue pas une fin en soi, mais repr\u00e9sente le point de d\u00e9part d&rsquo;un parcours scientifique plus vaste.<\/p>\n<p class=\"prntal\">\u00ab\u00a0L&rsquo;acc\u00e8s au march\u00e9 n&rsquo;est que le premier d\u00e9fi \u00e0 relever. Gagner la confiance des m\u00e9decins, c&rsquo;est ce qui compte le plus.\u00a0\u00bb<\/p>\n<p class=\"prntal\">\u00c0 la suite de cette \u00e9tape importante, MOYOM a lanc\u00e9 une collaboration scientifique strat\u00e9gique avec le Dr\u00a0Patrick\u00a0Tr\u00e9vidic et Expert2Expert (E2E), un partenaire scientifique ind\u00e9pendant poss\u00e9dant plus de 20\u00a0ans d&rsquo;exp\u00e9rience au service des principaux acteurs de la m\u00e9decine esth\u00e9tique.<\/p>\n<p class=\"prntal\">Cette collaboration vise \u00e0 mettre en place une plateforme \u00e0 long terme d\u00e9di\u00e9e \u00e0 l&rsquo;esth\u00e9tique r\u00e9g\u00e9n\u00e9rative en Europe, gr\u00e2ce \u00e0 la recherche anatomique, \u00e0 des \u00e9tudes avanc\u00e9es sur des cadavres, \u00e0 la production de donn\u00e9es cliniques, \u00e0 la formation des m\u00e9decins et \u00e0 des publications scientifiques.<\/p>\n<p class=\"prntal\">Expert2Expert, dirig\u00e9 par le Dr\u00a0Patrick\u00a0Tr\u00e9vidic, interviendra en tant que partenaire scientifique ind\u00e9pendant, apportant une expertise approfondie dans le domaine de l&rsquo;enseignement et de la recherche ax\u00e9s sur l&rsquo;anatomie, tout en conservant une totale ind\u00e9pendance scientifique.<\/p>\n<p class=\"prntal\">Ce partenariat t\u00e9moigne d&rsquo;un engagement commun en faveur de l&rsquo;innovation fond\u00e9e sur des donn\u00e9es probantes, tout en pr\u00e9servant l&rsquo;ind\u00e9pendance de l&rsquo;ensemble des activit\u00e9s scientifiques.<\/p>\n<p class=\"prntal\">Le Dr\u00a0Patrick\u00a0Tr\u00e9vidic apporte plus de 35\u00a0ans d&rsquo;exp\u00e9rience dans les domaines de la chirurgie esth\u00e9tique, de la recherche scientifique et de l&rsquo;enseignement de l&rsquo;anatomie. Ses contributions portent notamment sur la recherche clinique, l&rsquo;enseignement \u00e0 l&rsquo;\u00e9chelle internationale, plus de 75\u00a0publications \u00e9valu\u00e9es par des pairs et des manuels reconnus au niveau international.<\/p>\n<p class=\"prntal\">En associant la technologie de l&rsquo;hydroxyapatite de calcium d\u00e9velopp\u00e9e par MOYOM \u00e0 l&rsquo;expertise scientifique d&rsquo;Expert2Expert, cette collaboration donne naissance \u00e0 un cadre ax\u00e9 sur les donn\u00e9es probantes, la formation et les avanc\u00e9es cliniques.<\/p>\n<p class=\"prntal\">Ensemble, MOYOM et Expert2Expert s&rsquo;attacheront \u00e0 d\u00e9velopper des programmes scientifiques comprenant des \u00e9tudes anatomiques avanc\u00e9es, de la recherche clinique europ\u00e9enne, des initiatives en mati\u00e8re de formation m\u00e9dicale et des collaborations scientifiques internationales, afin de renforcer la cr\u00e9dibilit\u00e9 m\u00e9dicale d&rsquo;APHRANEL\u00ae \u00e0 travers l&rsquo;Europe.<\/p>\n<p class=\"prntal\">Patrice\u00a0Delobel, docteur en sciences, directeur m\u00e9dical et marketing pour l&rsquo;Europe chez MOYOM, a d\u00e9clar\u00e9\u00a0:<\/p>\n<p class=\"prntal\">\u00ab\u00a0Lorsque j&rsquo;ai d\u00e9cid\u00e9 de rejoindre MOYOM, mon ambition n&rsquo;a jamais \u00e9t\u00e9 simplement de superviser le lancement europ\u00e9en d&rsquo;APHRANEL\u00ae. Je souhaitais contribuer \u00e0 la mise en place d&rsquo;une plateforme scientifique sur laquelle les m\u00e9decins pourraient compter pendant de nombreuses ann\u00e9es. Cette collaboration avec Expert2Expert, dirig\u00e9e par le Dr\u00a0Patrick\u00a0Tr\u00e9vidic, marque l&rsquo;une des premi\u00e8res \u00e9tapes, et l&rsquo;une des plus importantes, vers la concr\u00e9tisation de cette vision.\u00a0\u00bb<\/p>\n<p class=\"prntal\">Le Dr\u00a0Patrick\u00a0Tr\u00e9vidic et l&rsquo;\u00e9quipe d&rsquo;Expert2Expert partagent cette vision tout en conservant une totale ind\u00e9pendance dans leurs activit\u00e9s scientifiques.<\/p>\n<p class=\"prntal\">\u00ab\u00a0Le progr\u00e8s scientifique n&rsquo;est jamais le fruit des efforts d&rsquo;un seul individu ou d&rsquo;une seule entreprise. Il repose sur la collaboration, la curiosit\u00e9 et la recherche constante de donn\u00e9es plus solides. Je suis ravi qu&rsquo;Expert2Expert puisse collaborer avec MOYOM dans cette aventure et contribuer \u00e0 jeter les bases scientifiques qui soutiendront l&rsquo;avenir de l&rsquo;esth\u00e9tique r\u00e9g\u00e9n\u00e9rative en Europe.\u00a0\u00bb<\/p>\n<p class=\"prntal\">\u2014 Dr\u00a0Patrick\u00a0Tr\u00e9vidic<br class=\"dnr\"\/>Chirurgien plasticien, reconstructeur et esth\u00e9tique, et directeur scientifique d&rsquo;Expert2Expert<\/p>\n<p class=\"prntal\">Ces deux \u00e9tapes marquantes constituent le fondement de l&rsquo;engagement scientifique \u00e0 long terme de MOYOM.<\/p>\n<p class=\"prntal\"><b>La \u00ab\u00a0Care Lifetime Value\u00a0\u00bb (Valeur \u00e0 vie des soins) incarne la philosophie scientifique \u00e0 long terme de MOYOM\u00a0:<\/b><\/p>\n<p class=\"prntal\"><b>Soins<\/b>\u00a0: accompagner les patients gr\u00e2ce \u00e0 une science rigoureuse, des pratiques s\u00fbres et une formation pertinente.<\/p>\n<p class=\"prntal\"><b>\u00c0 vie<\/b>\u00a0: renforcer la confiance des m\u00e9decins \u00e0 long terme gr\u00e2ce \u00e0 l&rsquo;apprentissage continu, \u00e0 la collaboration et \u00e0 la production de donn\u00e9es probantes.<\/p>\n<p class=\"prntal\"><b>Valeur<\/b>\u00a0: g\u00e9n\u00e9rer un impact significatif sur l&rsquo;ensemble de l&rsquo;\u00e9cosyst\u00e8me de la sant\u00e9, notamment aupr\u00e8s des m\u00e9decins, des patients, des partenaires scientifiques et des communaut\u00e9s de professionnels de sant\u00e9.<\/p>\n<p class=\"prntal\">Guid\u00e9 par le principe de la \u00ab\u00a0Care Lifetime Value\u00a0\u00bb, MOYOM continue de mettre l&rsquo;accent sur la recherche scientifique, la formation m\u00e9dicale, la collaboration et la production de donn\u00e9es probantes afin de fa\u00e7onner l&rsquo;avenir de l&rsquo;esth\u00e9tique r\u00e9g\u00e9n\u00e9rative.<\/p>\n<p class=\"prntal\">Car l&rsquo;innovation peut na\u00eetre en laboratoire.<br class=\"dnr\"\/>Mais la science fait \u00e9voluer la pratique clinique.<br class=\"dnr\"\/>Et la confiance fa\u00e7onne l&rsquo;avenir.<\/p>\n<p class=\"prntal\"><b>Les preuves renforcent la confiance.<\/b><br class=\"dnr\"\/><b>La confiance favorise l&rsquo;adoption.<\/b><br class=\"dnr\"\/><b>L&rsquo;adoption am\u00e9liore la vie des patients.<\/b><\/p>\n<p><img decoding=\"async\" alt=\"\" src=\"https:\/\/rt.prnewswire.com\/rt.gif?NewsItemId=FR15805&amp;Transmission_Id=202608022318PR_NEWS_EURO_ND__FR15805&amp;DateId=20260802\" style=\"border:0px; width:1px; height:1px;\"\/><\/p>\n","protected":false},"excerpt":{"rendered":"LONDRES, 3 ao\u00fbt 2026 \/PRNewswire\/ &#8212; MOYOM, la soci\u00e9t\u00e9 de biotechnologie \u00e0 l&rsquo;origine d&rsquo;APHRANEL\u00ae, a annonc\u00e9 aujourd&rsquo;hui deux&hellip;\n","protected":false},"author":2,"featured_media":1104397,"comment_status":"","ping_status":"","sticky":false,"template":"","format":"standard","meta":{"footnotes":"","_share_on_mastodon":"0"},"categories":[1586],"tags":[11,113643,113645,113648,1777,674,1011,27,113647,45511,113644,113646,12,25],"class_list":["post-1104396","post","type-post","status-publish","format-standard","has-post-thumbnail","category-europe","tag-actualites","tag-aphranel","tag-biotechnology","tag-clinical-trials-medical-discoveries","tag-eu","tag-europe","tag-fr","tag-france","tag-international-medical-approval","tag-licensing","tag-medical-equipment","tag-medical-pharmaceuticals","tag-news","tag-republique-francaise"],"share_on_mastodon":{"url":"https:\/\/pubeurope.com\/@fr\/117029592757811639","error":""},"_links":{"self":[{"href":"https:\/\/www.europesays.com\/fr\/wp-json\/wp\/v2\/posts\/1104396","targetHints":{"allow":["GET"]}}],"collection":[{"href":"https:\/\/www.europesays.com\/fr\/wp-json\/wp\/v2\/posts"}],"about":[{"href":"https:\/\/www.europesays.com\/fr\/wp-json\/wp\/v2\/types\/post"}],"author":[{"embeddable":true,"href":"https:\/\/www.europesays.com\/fr\/wp-json\/wp\/v2\/users\/2"}],"replies":[{"embeddable":true,"href":"https:\/\/www.europesays.com\/fr\/wp-json\/wp\/v2\/comments?post=1104396"}],"version-history":[{"count":0,"href":"https:\/\/www.europesays.com\/fr\/wp-json\/wp\/v2\/posts\/1104396\/revisions"}],"wp:featuredmedia":[{"embeddable":true,"href":"https:\/\/www.europesays.com\/fr\/wp-json\/wp\/v2\/media\/1104397"}],"wp:attachment":[{"href":"https:\/\/www.europesays.com\/fr\/wp-json\/wp\/v2\/media?parent=1104396"}],"wp:term":[{"taxonomy":"category","embeddable":true,"href":"https:\/\/www.europesays.com\/fr\/wp-json\/wp\/v2\/categories?post=1104396"},{"taxonomy":"post_tag","embeddable":true,"href":"https:\/\/www.europesays.com\/fr\/wp-json\/wp\/v2\/tags?post=1104396"}],"curies":[{"name":"wp","href":"https:\/\/api.w.org\/{rel}","templated":true}]}}