{"id":1104840,"date":"2026-08-03T09:03:17","date_gmt":"2026-08-03T09:03:17","guid":{"rendered":"https:\/\/www.europesays.com\/fr\/1104840\/"},"modified":"2026-08-03T09:03:17","modified_gmt":"2026-08-03T09:03:17","slug":"la-maison-historique-francaise-de-maroquinerie-de-luxe-moreau-paris-rejoint-un-manufacturier","status":"publish","type":"post","link":"https:\/\/www.europesays.com\/fr\/1104840\/","title":{"rendered":"La maison historique fran\u00e7aise de maroquinerie de luxe Moreau Paris rejoint un manufacturier"},"content":{"rendered":"<p>      <a href=\"https:\/\/s.yimg.com\/lo\/mysterio\/api\/AD192F49168C5F0420F50BE7C8931DD549B70F03BEE3FDCB8E0021B42EF82B23\/subgraphmysterio\/resizefit_w960;quality_80;format_webp\/https:%2F%2Fmedia.zenfs.com%2Ffr%2Fbusiness-wire.com%2F858b437a32ba3c5977e23241385fec11\" target=\"_blank\" rel=\"noopener noreferrer nofollow\"><img loading=\"lazy\" decoding=\"async\" src=\"data:image\/gif;base64,R0lGODlhAQABAIAAAAAAAP\/\/\/ywAAAAAAQABAAACAUwAOw==\" alt=\"Sac cabas 1882, sur une commode Louis Moreau (source : Moreau Paris)\" height=\"480\" width=\"327\" class=\"yf-j98iil loader\"\/><\/a> Sac cabas 1882, sur une commode Louis Moreau (source : Moreau Paris)       <a href=\"https:\/\/s.yimg.com\/lo\/mysterio\/api\/13A71EA731795906BAA9006AD7E4262C6C14AD4BD850DB4AB872CEAD19A4586A\/subgraphmysterio\/resizefit_w960;quality_80;format_webp\/https:%2F%2Fmedia.zenfs.com%2Ffr%2Fbusiness-wire.com%2F779adaa54b1669409a62445c6482755b\" target=\"_blank\" rel=\"noopener noreferrer nofollow\"><img loading=\"lazy\" decoding=\"async\" src=\"data:image\/gif;base64,R0lGODlhAQABAIAAAAAAAP\/\/\/ywAAAAAAQABAAACAUwAOw==\" alt=\"Un look de la collection Automne-Hiver 2026 de Moreau Paris (source : Moreau Paris)\" height=\"338\" width=\"480\" class=\"yf-j98iil loader\"\/><\/a> Un look de la collection Automne-Hiver 2026 de Moreau Paris (source : Moreau Paris)           <\/p>\n<p class=\"text text-block paragraph text-left neo-font-paragraph-xl-reg  yf-18d6y07\" style=\"text-decoration: none; font-style: normal; text-transform: none; text-align: inherit; font-variant-numeric: normal;\"><strong>PARIS, August 03, 2026<\/strong>&#8211;(<a href=\"https:\/\/www.businesswire.com\" data-ylk=\"slk:BUSINESS%20WIRE;elm:context_link;itc:0;sec:content-canvas;source:content-canvas%20default\" data-yga=\"{&quot;yLinkText&quot;:&quot;BUSINESS WIRE&quot;,&quot;yLinkElement&quot;:&quot;context_link&quot;,&quot;yModuleName&quot;:&quot;content-canvas&quot;,&quot;yTrafficOrigin&quot;:&quot;content-canvas default&quot;}\" target=\"_blank\" rel=\"noopener noreferrer nofollow\">BUSINESS WIRE<\/a>)&#8211;ASTEREN annonce que le Tribunal des Activit\u00e9s \u00c9conomiques de Paris a approuv\u00e9 la reprise de Moreau Paris, l&rsquo;une des plus prestigieuses maisons fran\u00e7aises de maroquinerie de luxe, par Cardinal Invest, holding de contr\u00f4le du manufacturier fran\u00e7ais Groupe L\u00e9cuyer.  <\/p>\n<p class=\"text text-block paragraph text-left neo-font-paragraph-xl-reg  yf-18d6y07\" style=\"text-decoration: none; font-style: normal; text-transform: none; text-align: inherit; font-variant-numeric: normal;\">Cette op\u00e9ration conclut un processus de cession international concurrentiel conduit sous la supervision du Tribunal des Activit\u00e9s \u00c9conomiques de Paris, et ouvre un nouveau chapitre pour l&rsquo;une des derni\u00e8res maisons parisiennes historiques ind\u00e9pendantes de maroquinerie \u00e0 monogramme.  <\/p>\n<p class=\"text text-block paragraph text-left neo-font-paragraph-xl-reg  yf-18d6y07\" style=\"text-decoration: none; font-style: normal; text-transform: none; text-align: inherit; font-variant-numeric: normal;\">Men\u00e9 par Pablo Castanon, liquidateur judiciaire au sein d&rsquo;ASTEREN, avec Richard Morgan Advisory en qualit\u00e9 de conseiller financier, le processus, lanc\u00e9 d\u00e9but juin, a suscit\u00e9 un vif int\u00e9r\u00eat de la part d&rsquo;investisseurs industriels et financiers du monde entier.  <\/p>\n<p class=\"text text-block paragraph text-left neo-font-paragraph-xl-reg  yf-18d6y07\" style=\"text-decoration: none; font-style: normal; text-transform: none; text-align: inherit; font-variant-numeric: normal;\">L&rsquo;ordonnance du Tribunal sign\u00e9e le 29 juillet marque un nouvel \u00e9lan pour la Maison, fond\u00e9 sur des investissements renforc\u00e9s, une acc\u00e9l\u00e9ration de son d\u00e9veloppement international et une vision industrielle de long terme.  <\/p>\n<p class=\"text text-block paragraph text-left neo-font-paragraph-xl-reg  yf-18d6y07\" style=\"text-decoration: none; font-style: normal; text-transform: none; text-align: inherit; font-variant-numeric: normal;\"><strong>Une maison patrimoniale au rayonnement international<\/strong>  <\/p>\n<p class=\"text text-block paragraph text-left neo-font-paragraph-xl-reg  yf-18d6y07\" style=\"text-decoration: none; font-style: normal; text-transform: none; text-align: inherit; font-variant-numeric: normal;\">Fond\u00e9e en 1882, Moreau est l&rsquo;une des rares maisons historiques parisiennes de maroquinerie \u00e0 monogramme, aux c\u00f4t\u00e9s de Louis Vuitton, Goyard et Moynat.  <\/p>\n<p class=\"text text-block paragraph text-left neo-font-paragraph-xl-reg  yf-18d6y07\" style=\"text-decoration: none; font-style: normal; text-transform: none; text-align: inherit; font-variant-numeric: normal;\">La Maison trouve ses origines dans l&rsquo;\u0153uvre de Louis Moreau, ma\u00eetre \u00e9b\u00e9niste parisien \u00e9tabli rue Saint-Honor\u00e9 d\u00e8s 1764. Au fil des g\u00e9n\u00e9rations, sa famille acquiert une r\u00e9putation d&rsquo;excellence dans la fabrication de malles de voyage et d&rsquo;articles de maroquinerie d&rsquo;exception.  <\/p>\n<p class=\"text text-block paragraph text-left neo-font-paragraph-xl-reg  yf-18d6y07\" style=\"text-decoration: none; font-style: normal; text-transform: none; text-align: inherit; font-variant-numeric: normal;\">\u00c0 l&rsquo;instar de plusieurs grandes maisons fran\u00e7aises de luxe, Moreau a progressivement disparu du paysage du luxe au cours du XX\u1d49 si\u00e8cle, avant d&rsquo;\u00eatre red\u00e9couverte puis relanc\u00e9e avec succ\u00e8s au d\u00e9but des ann\u00e9es 2010.  <\/p>\n<p class=\"text text-block paragraph text-left neo-font-paragraph-xl-reg  yf-18d6y07\" style=\"text-decoration: none; font-style: normal; text-transform: none; text-align: inherit; font-variant-numeric: normal;\">La marque a ensuite b\u00e9n\u00e9fici\u00e9 d&rsquo;investissements importants sous l&rsquo;impulsion du groupe japonais de luxe Onward, qui a acquis Moreau en 2016 et a engag\u00e9 une strat\u00e9gie de d\u00e9veloppement ax\u00e9e sur le retail. La boutique flagship de la rue du Faubourg Saint-Honor\u00e9, inaugur\u00e9e en 2017, pr\u00e9sente les collections de maroquinerie et de toile de la Maison aux c\u00f4t\u00e9s de malles d&rsquo;origine et de pi\u00e8ces rares du XVIII\u1d49 si\u00e8cle.  <\/p>\n<p class=\"text text-block paragraph text-left neo-font-paragraph-xl-reg  yf-18d6y07\" style=\"text-decoration: none; font-style: normal; text-transform: none; text-align: inherit; font-variant-numeric: normal;\">\u00c0 la suite du retrait d&rsquo;Onward de ses activit\u00e9s europ\u00e9ennes en 2020, Moreau a \u00e9t\u00e9 reprise par un groupe d&rsquo;entrepreneurs du secteur de la distribution, qui a poursuivi la renaissance de la Maison en acc\u00e9l\u00e9rant son d\u00e9veloppement international, en renfor\u00e7ant son r\u00e9seau de franchises et en soutenant sa croissance sur ses principaux march\u00e9s.  <\/p>\n<p class=\"text text-block paragraph text-left neo-font-paragraph-xl-reg  yf-18d6y07\" style=\"text-decoration: none; font-style: normal; text-transform: none; text-align: inherit; font-variant-numeric: normal;\">Sous leur impulsion, les ventes sur le march\u00e9 japonais, march\u00e9 strat\u00e9gique pour la Maison, ont progress\u00e9 de plus de 30 % entre 2022 et 2025. Cette dynamique s&rsquo;est accompagn\u00e9e de l&rsquo;ouverture, en d\u00e9cembre 2025, d&rsquo;une nouvelle boutique phare exploit\u00e9e par un partenaire \u00e0 Houston, illustrant la poursuite du d\u00e9veloppement international de la marque.  <\/p>\n<p>    Lire la suite  <\/p>\n<p class=\"text text-block paragraph text-left neo-font-paragraph-xl-reg  yf-18d6y07\" style=\"text-decoration: none; font-style: normal; text-transform: none; text-align: inherit; font-variant-numeric: normal;\">Aujourd&rsquo;hui, la Maison Moreau r\u00e9alise environ 10 millions d&rsquo;euros de ventes annuelles au prix de d\u00e9tail \u00e0 l&rsquo;\u00e9chelle mondiale, au travers d&rsquo;un r\u00e9seau de boutiques, de corners en grands magasins, de partenaires franchis\u00e9s et d&rsquo;ecommerce.  <\/p>\n<p class=\"text text-block paragraph text-left neo-font-paragraph-xl-reg  yf-18d6y07\" style=\"text-decoration: none; font-style: normal; text-transform: none; text-align: inherit; font-variant-numeric: normal;\">\u00ab Le r\u00e9sultat d\u00e9montre comment un processus efficace de restructuration judiciaire peut attirer de s\u00e9rieux investisseurs industriels et offrir aux entreprises un v\u00e9ritable avenir \u00e0 long terme. \u00bb  <\/p>\n<p class=\"text text-block paragraph text-left neo-font-paragraph-xl-reg  yf-18d6y07\" style=\"text-decoration: none; font-style: normal; text-transform: none; text-align: inherit; font-variant-numeric: normal;\">Pablo Castanon, ASTEREN, liquidateur judiciaire  <\/p>\n<p class=\"text text-block paragraph text-left neo-font-paragraph-xl-reg  yf-18d6y07\" style=\"text-decoration: none; font-style: normal; text-transform: none; text-align: inherit; font-variant-numeric: normal;\"><strong>Un nouvel ancrage industriel naturel<\/strong>  <\/p>\n<p class=\"text text-block paragraph text-left neo-font-paragraph-xl-reg  yf-18d6y07\" style=\"text-decoration: none; font-style: normal; text-transform: none; text-align: inherit; font-variant-numeric: normal;\">Fort de plus de trois si\u00e8cles de savoir-faire manufacturier, Groupe L\u00e9cuyer ma\u00eetrise l&rsquo;ensemble de la cha\u00eene de valeur dans les domaines de la maroquinerie, du cuir et du textile. Bas\u00e9 en Normandie et d\u00e9tenu par la famille Odend&rsquo;hal, le groupe est partenaire de plusieurs des plus grandes maisons de luxe mondiales ainsi que d&rsquo;autres secteurs d&rsquo;activit\u00e9. Il emploie environ 800 collaborateurs en France et \u00e0 l&rsquo;international.  <\/p>\n<p class=\"text text-block paragraph text-left neo-font-paragraph-xl-reg  yf-18d6y07\" style=\"text-decoration: none; font-style: normal; text-transform: none; text-align: inherit; font-variant-numeric: normal;\">Cette acquisition permettra \u00e0 Maison Moreau de renforcer ses capacit\u00e9s industrielles, d&rsquo;acc\u00e9l\u00e9rer le d\u00e9veloppement de ses produits, d&rsquo;\u00e9tendre sa distribution internationale et de b\u00e9n\u00e9ficier d&rsquo;un actionnaire engag\u00e9 sur le long terme, tout en pr\u00e9servant l&rsquo;identit\u00e9, le savoir-faire et l&rsquo;h\u00e9ritage de la Maison.  <\/p>\n<p class=\"text text-block paragraph text-left neo-font-paragraph-xl-reg  yf-18d6y07\" style=\"text-decoration: none; font-style: normal; text-transform: none; text-align: inherit; font-variant-numeric: normal;\">L&rsquo;expertise de Groupe L\u00e9cuyer viendra compl\u00e9ter les capacit\u00e9s de production italiennes d\u00e9j\u00e0 reconnues de Maison Moreau. L&rsquo;alliance entre l&rsquo;excellence de l&rsquo;artisanat italien de la maroquinerie et le savoir-faire industriel fran\u00e7ais constitue un atout majeur pour renforcer l&rsquo;attractivit\u00e9 de la Maison et conforter sa place parmi les grandes maisons patrimoniales du luxe.  <\/p>\n<p class=\"text text-block paragraph text-left neo-font-paragraph-xl-reg  yf-18d6y07\" style=\"text-decoration: none; font-style: normal; text-transform: none; text-align: inherit; font-variant-numeric: normal;\">\u00ab Le tribunal commercial est un carrefour o\u00f9 les entreprises en difficult\u00e9 financi\u00e8re et les investisseurs se rencontrent pour trouver des solutions commerciales. Moreau est un parfait exemple d&rsquo;une fin heureuse pour une situation complexe. \u00bb  <\/p>\n<p class=\"text text-block paragraph text-left neo-font-paragraph-xl-reg  yf-18d6y07\" style=\"text-decoration: none; font-style: normal; text-transform: none; text-align: inherit; font-variant-numeric: normal;\">Pierre Jarrossay, juge Tribunal des Activit\u00e9s \u00c9conomiques de Paris  <\/p>\n<p class=\"text text-block paragraph text-left neo-font-paragraph-xl-reg  yf-18d6y07\" style=\"text-decoration: none; font-style: normal; text-transform: none; text-align: inherit; font-variant-numeric: normal;\"><strong>Un succ\u00e8s pour le luxe fran\u00e7ais<\/strong>  <\/p>\n<p class=\"text text-block paragraph text-left neo-font-paragraph-xl-reg  yf-18d6y07\" style=\"text-decoration: none; font-style: normal; text-transform: none; text-align: inherit; font-variant-numeric: normal;\">Cette acquisition confirme l&rsquo;attractivit\u00e9 durable du secteur fran\u00e7ais du luxe et des biens de consommation aupr\u00e8s des investisseurs. Elle d\u00e9montre \u00e9galement qu&rsquo;une proc\u00e9dure de restructuration judiciaire bien g\u00e9r\u00e9e peut pr\u00e9server des entreprises \u00e0 forte valeur patrimoniale en favorisant un processus de reprise transparent et concurrentiel.  <\/p>\n<p class=\"text text-block paragraph text-left neo-font-paragraph-xl-reg  yf-18d6y07\" style=\"text-decoration: none; font-style: normal; text-transform: none; text-align: inherit; font-variant-numeric: normal;\">La transaction actuelle \u00e9tait en grande partie inattendue. Les actionnaires exploraient des options pour renforcer la base de capital du groupe et soutenir la prochaine \u00e9tape du d\u00e9veloppement.  <\/p>\n<p class=\"text text-block paragraph text-left neo-font-paragraph-xl-reg  yf-18d6y07\" style=\"text-decoration: none; font-style: normal; text-transform: none; text-align: inherit; font-variant-numeric: normal;\">Une r\u00e9organisation interne, affectant la structure historique du groupe, a finalement conduit \u00e0 l&rsquo;ouverture d&rsquo;une proc\u00e9dure judiciaire portant sur la holding fran\u00e7aise, pla\u00e7ant soudainement sur le march\u00e9 l&rsquo;ensemble des op\u00e9rations mondiales de l&rsquo;une des derni\u00e8res maisons parisiennes ind\u00e9pendantes de maroquinerie \u00e0 monogramme.  <\/p>\n<p class=\"text text-block paragraph text-left neo-font-paragraph-xl-reg  yf-18d6y07\" style=\"text-decoration: none; font-style: normal; text-transform: none; text-align: inherit; font-variant-numeric: normal;\">Le processus a mis en lumi\u00e8re la marque et ses origines parisiennes. Un nom patrimonial comme Moreau appara\u00eet tr\u00e8s rarement sur le march\u00e9, et ce processus a imm\u00e9diatement attir\u00e9 des acheteurs commerciaux et financiers du monde entier.  <\/p>\n<p class=\"text text-block paragraph text-left neo-font-paragraph-xl-reg  yf-18d6y07\" style=\"text-decoration: none; font-style: normal; text-transform: none; text-align: inherit; font-variant-numeric: normal;\">\u00ab L&rsquo;int\u00e9r\u00eat manifest\u00e9 par les investisseurs tout au long de ce processus confirme que le luxe fran\u00e7ais continue d&rsquo;exercer un fort pouvoir d&rsquo;attraction \u00e0 l&rsquo;international. Cette acquisition marque le d\u00e9but d&rsquo;un nouveau chapitre passionnant pour une marque patrimoniale extraordinaire. \u00bb  <\/p>\n<p class=\"text text-block paragraph text-left neo-font-paragraph-xl-reg  yf-18d6y07\" style=\"text-decoration: none; font-style: normal; text-transform: none; text-align: inherit; font-variant-numeric: normal;\">Richard Morgan, Richard Morgan Advisory  <\/p>\n<p class=\"text text-block paragraph text-left neo-font-paragraph-xl-reg  yf-18d6y07\" style=\"text-decoration: none; font-style: normal; text-transform: none; text-align: inherit; font-variant-numeric: normal;\">La transaction finale avec le Groupe L\u00e9cuyer r\u00e9unit une maison parisienne historique de maroquinerie de luxe et l&rsquo;un des principaux groupes manufacturiers fran\u00e7ais. Cette alliance associe patrimoine, savoir-faire artisanal, excellence industrielle et expertise de la distribution, offrant \u00e0 la Maison une plateforme solide pour acc\u00e9l\u00e9rer son d\u00e9veloppement.  <\/p>\n<p class=\"text text-block paragraph text-left neo-font-paragraph-xl-reg  yf-18d6y07\" style=\"text-decoration: none; font-style: normal; text-transform: none; text-align: inherit; font-variant-numeric: normal;\">\u00ab Moreau poss\u00e8de une histoire exceptionnelle, une client\u00e8le internationale et un potentiel de d\u00e9veloppement consid\u00e9rable. Notre ambition est de pr\u00e9server tout ce qui fait l&rsquo;identit\u00e9 unique de la Maison tout en investissant dans ses produits, son savoir-faire et son d\u00e9veloppement \u00e0 l&rsquo;international. \u00bb  <\/p>\n<p class=\"text text-block paragraph text-left neo-font-paragraph-xl-reg  yf-18d6y07\" style=\"text-decoration: none; font-style: normal; text-transform: none; text-align: inherit; font-variant-numeric: normal;\">Charles Odend&rsquo;hal, Pr\u00e9sident Groupe L\u00e9cuyer  <\/p>\n<p class=\"text text-block paragraph text-left neo-font-paragraph-xl-reg  yf-18d6y07\" style=\"text-decoration: none; font-style: normal; text-transform: none; text-align: inherit; font-variant-numeric: normal;\"><strong>Participants au processus<\/strong>  <\/p>\n<tr>\n<td rowspan=\"1\" colspan=\"1\" style=\"vertical-align:top;padding-left:0.0px;\" data-testid=\"cell-0-0\" class=\"yf-1habrtv\">\n<p class=\"text text-block paragraph text-left neo-font-paragraph-xl-reg  yf-18d6y07\" style=\"text-decoration: none; font-style: normal; text-transform: none; text-align: inherit; font-variant-numeric: normal;\"><strong>Tribunal<\/strong>  <\/p>\n<\/td>\n<td rowspan=\"1\" colspan=\"1\" style=\"\" data-testid=\"cell-0-1\" class=\"yf-1habrtv\"> <\/td>\n<td rowspan=\"1\" colspan=\"1\" style=\"vertical-align:top;padding-left:0.0px;\" data-testid=\"cell-0-2\" class=\"yf-1habrtv\">\n<p class=\"text text-block paragraph text-left neo-font-paragraph-xl-reg  yf-18d6y07\" style=\"text-decoration: none; font-style: normal; text-transform: none; text-align: inherit; font-variant-numeric: normal;\"><strong>Tribunal des Activit\u00e9s Economiques de Paris<\/strong>  <\/p>\n<p class=\"text text-block paragraph text-left neo-font-paragraph-xl-reg  yf-18d6y07\" style=\"text-decoration: none; font-style: normal; text-transform: none; text-align: inherit; font-variant-numeric: normal;\">Juge Pierre Jarrossay  <\/p>\n<p class=\"text text-block paragraph text-left neo-font-paragraph-xl-reg  yf-18d6y07\" style=\"text-decoration: none; font-style: normal; text-transform: none; text-align: inherit; font-variant-numeric: normal;\"><a href=\"https:\/\/cts.businesswire.com\/ct\/CT?id=smartlink&amp;url=http%3A%2F%2Fwww.tae-paris.org&amp;esheet=54581010&amp;newsitemid=20260803815771&amp;lan=fr-FR&amp;anchor=www.tae-paris.org&amp;index=1&amp;md5=eff14aff86edea74f09d2e434db39b8c\" data-ylk=\"slk:www.tae-paris.org;elm:context_link;itc:0;sec:content-canvas;source:content-canvas%20default\" data-yga=\"{&quot;yLinkText&quot;:&quot;www.tae-paris.org&quot;,&quot;yLinkElement&quot;:&quot;context_link&quot;,&quot;yModuleName&quot;:&quot;content-canvas&quot;,&quot;yTrafficOrigin&quot;:&quot;content-canvas default&quot;}\" target=\"_blank\" rel=\"noopener noreferrer nofollow\">www.tae-paris.org<\/a>  <\/p>\n<\/td>\n<\/tr>\n<tr>\n<td rowspan=\"1\" colspan=\"1\" style=\"padding-left:0.0px;\" data-testid=\"cell-1-0\" class=\"yf-1habrtv\"> <\/td>\n<td rowspan=\"1\" colspan=\"1\" style=\"padding-left:0.0px;\" data-testid=\"cell-1-1\" class=\"yf-1habrtv\"> <\/td>\n<td rowspan=\"1\" colspan=\"1\" style=\"padding-left:0.0px;\" data-testid=\"cell-1-2\" class=\"yf-1habrtv\">    <\/td>\n<\/tr>\n<tr>\n<td rowspan=\"1\" colspan=\"1\" style=\"vertical-align:top;padding-left:0.0px;\" data-testid=\"cell-2-0\" class=\"yf-1habrtv\">\n<p class=\"text text-block paragraph text-left neo-font-paragraph-xl-reg  yf-18d6y07\" style=\"text-decoration: none; font-style: normal; text-transform: none; text-align: inherit; font-variant-numeric: normal;\"><strong>Liquidateur judiciaire<\/strong>  <\/p>\n<\/td>\n<td rowspan=\"1\" colspan=\"1\" style=\"\" data-testid=\"cell-2-1\" class=\"yf-1habrtv\"> <\/td>\n<td rowspan=\"1\" colspan=\"1\" style=\"vertical-align:top;padding-left:0.0px;\" data-testid=\"cell-2-2\" class=\"yf-1habrtv\">\n<p class=\"text text-block paragraph text-left neo-font-paragraph-xl-reg  yf-18d6y07\" style=\"text-decoration: none; font-style: normal; text-transform: none; text-align: inherit; font-variant-numeric: normal;\"><strong>ASTEREN<\/strong>  <\/p>\n<p class=\"text text-block paragraph text-left neo-font-paragraph-xl-reg  yf-18d6y07\" style=\"text-decoration: none; font-style: normal; text-transform: none; text-align: inherit; font-variant-numeric: normal;\">Pablo Castanon, Ana\u00efs Puthet  <\/p>\n<p class=\"text text-block paragraph text-left neo-font-paragraph-xl-reg  yf-18d6y07\" style=\"text-decoration: none; font-style: normal; text-transform: none; text-align: inherit; font-variant-numeric: normal;\"><a href=\"https:\/\/cts.businesswire.com\/ct\/CT?id=smartlink&amp;url=http%3A%2F%2Fwww.asteren.fr&amp;esheet=54581010&amp;newsitemid=20260803815771&amp;lan=fr-FR&amp;anchor=www.asteren.fr&amp;index=2&amp;md5=57af1b4c7d7105babf975389c22ffb1b\" data-ylk=\"slk:www.asteren.fr;elm:context_link;itc:0;sec:content-canvas;source:content-canvas%20default\" data-yga=\"{&quot;yLinkText&quot;:&quot;www.asteren.fr&quot;,&quot;yLinkElement&quot;:&quot;context_link&quot;,&quot;yModuleName&quot;:&quot;content-canvas&quot;,&quot;yTrafficOrigin&quot;:&quot;content-canvas default&quot;}\" target=\"_blank\" rel=\"noopener noreferrer nofollow\">www.asteren.fr<\/a>  <\/p>\n<\/td>\n<\/tr>\n<tr>\n<td rowspan=\"1\" colspan=\"1\" style=\"padding-left:0.0px;\" data-testid=\"cell-3-0\" class=\"yf-1habrtv\"> <\/td>\n<td rowspan=\"1\" colspan=\"1\" style=\"padding-left:0.0px;\" data-testid=\"cell-3-1\" class=\"yf-1habrtv\"> <\/td>\n<td rowspan=\"1\" colspan=\"1\" style=\"padding-left:0.0px;\" data-testid=\"cell-3-2\" class=\"yf-1habrtv\">    <\/td>\n<\/tr>\n<tr>\n<td rowspan=\"1\" colspan=\"1\" style=\"vertical-align:top;padding-left:0.0px;\" data-testid=\"cell-4-0\" class=\"yf-1habrtv\">\n<p class=\"text text-block paragraph text-left neo-font-paragraph-xl-reg  yf-18d6y07\" style=\"text-decoration: none; font-style: normal; text-transform: none; text-align: inherit; font-variant-numeric: normal;\"><strong>Conseiller financier du liquidateur<\/strong>  <\/p>\n<\/td>\n<td rowspan=\"1\" colspan=\"1\" style=\"\" data-testid=\"cell-4-1\" class=\"yf-1habrtv\"> <\/td>\n<td rowspan=\"1\" colspan=\"1\" style=\"vertical-align:top;padding-left:0.0px;\" data-testid=\"cell-4-2\" class=\"yf-1habrtv\">\n<p class=\"text text-block paragraph text-left neo-font-paragraph-xl-reg  yf-18d6y07\" style=\"text-decoration: none; font-style: normal; text-transform: none; text-align: inherit; font-variant-numeric: normal;\"><strong>Richard Morgan Advisory<\/strong>  <\/p>\n<p class=\"text text-block paragraph text-left neo-font-paragraph-xl-reg  yf-18d6y07\" style=\"text-decoration: none; font-style: normal; text-transform: none; text-align: inherit; font-variant-numeric: normal;\">Richard Morgan  <\/p>\n<p class=\"text text-block paragraph text-left neo-font-paragraph-xl-reg  yf-18d6y07\" style=\"text-decoration: none; font-style: normal; text-transform: none; text-align: inherit; font-variant-numeric: normal;\"><a href=\"https:\/\/cts.businesswire.com\/ct\/CT?id=smartlink&amp;url=http%3A%2F%2Fwww.r-m-a.fr&amp;esheet=54581010&amp;newsitemid=20260803815771&amp;lan=fr-FR&amp;anchor=www.r-m-a.fr&amp;index=3&amp;md5=10f4d5e130bdc376b8321158573f00c9\" data-ylk=\"slk:www.r-m-a.fr;elm:context_link;itc:0;sec:content-canvas;source:content-canvas%20default\" data-yga=\"{&quot;yLinkText&quot;:&quot;www.r-m-a.fr&quot;,&quot;yLinkElement&quot;:&quot;context_link&quot;,&quot;yModuleName&quot;:&quot;content-canvas&quot;,&quot;yTrafficOrigin&quot;:&quot;content-canvas default&quot;}\" target=\"_blank\" rel=\"noopener noreferrer nofollow\">www.r-m-a.fr<\/a>  <\/p>\n<\/td>\n<\/tr>\n<tr>\n<td rowspan=\"1\" colspan=\"1\" style=\"padding-left:0.0px;\" data-testid=\"cell-5-0\" class=\"yf-1habrtv\"> <\/td>\n<td rowspan=\"1\" colspan=\"1\" style=\"padding-left:0.0px;\" data-testid=\"cell-5-1\" class=\"yf-1habrtv\"> <\/td>\n<td rowspan=\"1\" colspan=\"1\" style=\"padding-left:0.0px;\" data-testid=\"cell-5-2\" class=\"yf-1habrtv\">    <\/td>\n<\/tr>\n<tr>\n<td rowspan=\"1\" colspan=\"1\" style=\"vertical-align:top;padding-left:0.0px;\" data-testid=\"cell-6-0\" class=\"yf-1habrtv\">\n<p class=\"text text-block paragraph text-left neo-font-paragraph-xl-reg  yf-18d6y07\" style=\"text-decoration: none; font-style: normal; text-transform: none; text-align: inherit; font-variant-numeric: normal;\"><strong>Conseiller juridique du liquidateur<\/strong>  <\/p>\n<\/td>\n<td rowspan=\"1\" colspan=\"1\" style=\"\" data-testid=\"cell-6-1\" class=\"yf-1habrtv\"> <\/td>\n<td rowspan=\"1\" colspan=\"1\" style=\"vertical-align:top;padding-left:0.0px;\" data-testid=\"cell-6-2\" class=\"yf-1habrtv\">\n<p class=\"text text-block paragraph text-left neo-font-paragraph-xl-reg  yf-18d6y07\" style=\"text-decoration: none; font-style: normal; text-transform: none; text-align: inherit; font-variant-numeric: normal;\"><strong>Boch\u00e9-Dobelle<\/strong>  <\/p>\n<p class=\"text text-block paragraph text-left neo-font-paragraph-xl-reg  yf-18d6y07\" style=\"text-decoration: none; font-style: normal; text-transform: none; text-align: inherit; font-variant-numeric: normal;\">Myl\u00e8ne Boch\u00e9-Robinet, J\u00e9r\u00f4me Opalinski  <\/p>\n<p class=\"text text-block paragraph text-left neo-font-paragraph-xl-reg  yf-18d6y07\" style=\"text-decoration: none; font-style: normal; text-transform: none; text-align: inherit; font-variant-numeric: normal;\"><a href=\"https:\/\/cts.businesswire.com\/ct\/CT?id=smartlink&amp;url=http%3A%2F%2Fwww.bdlegal.fr&amp;esheet=54581010&amp;newsitemid=20260803815771&amp;lan=fr-FR&amp;anchor=www.bdlegal.fr&amp;index=4&amp;md5=7263bb5df8a6e64db6628bc620317460\" data-ylk=\"slk:www.bdlegal.fr;elm:context_link;itc:0;sec:content-canvas;source:content-canvas%20default\" data-yga=\"{&quot;yLinkText&quot;:&quot;www.bdlegal.fr&quot;,&quot;yLinkElement&quot;:&quot;context_link&quot;,&quot;yModuleName&quot;:&quot;content-canvas&quot;,&quot;yTrafficOrigin&quot;:&quot;content-canvas default&quot;}\" target=\"_blank\" rel=\"noopener noreferrer nofollow\">www.bdlegal.fr<\/a>  <\/p>\n<\/td>\n<\/tr>\n<tr>\n<td rowspan=\"1\" colspan=\"1\" style=\"padding-left:0.0px;\" data-testid=\"cell-7-0\" class=\"yf-1habrtv\"> <\/td>\n<td rowspan=\"1\" colspan=\"1\" style=\"padding-left:0.0px;\" data-testid=\"cell-7-1\" class=\"yf-1habrtv\"> <\/td>\n<td rowspan=\"1\" colspan=\"1\" style=\"padding-left:0.0px;\" data-testid=\"cell-7-2\" class=\"yf-1habrtv\">    <\/td>\n<\/tr>\n<tr>\n<td rowspan=\"1\" colspan=\"1\" style=\"vertical-align:top;padding-left:0.0px;\" data-testid=\"cell-8-0\" class=\"yf-1habrtv\">\n<p class=\"text text-block paragraph text-left neo-font-paragraph-xl-reg  yf-18d6y07\" style=\"text-decoration: none; font-style: normal; text-transform: none; text-align: inherit; font-variant-numeric: normal;\"><strong>Soci\u00e9t\u00e9<\/strong>  <\/p>\n<\/td>\n<td rowspan=\"1\" colspan=\"1\" style=\"\" data-testid=\"cell-8-1\" class=\"yf-1habrtv\"> <\/td>\n<td rowspan=\"1\" colspan=\"1\" style=\"vertical-align:top;padding-left:0.0px;\" data-testid=\"cell-8-2\" class=\"yf-1habrtv\">\n<p class=\"text text-block paragraph text-left neo-font-paragraph-xl-reg  yf-18d6y07\" style=\"text-decoration: none; font-style: normal; text-transform: none; text-align: inherit; font-variant-numeric: normal;\"><strong>Moreau Paris<\/strong>  <\/p>\n<p class=\"text text-block paragraph text-left neo-font-paragraph-xl-reg  yf-18d6y07\" style=\"text-decoration: none; font-style: normal; text-transform: none; text-align: inherit; font-variant-numeric: normal;\">Marco Scarpella, Pr\u00e9sident  <\/p>\n<p class=\"text text-block paragraph text-left neo-font-paragraph-xl-reg  yf-18d6y07\" style=\"text-decoration: none; font-style: normal; text-transform: none; text-align: inherit; font-variant-numeric: normal;\"><a href=\"https:\/\/cts.businesswire.com\/ct\/CT?id=smartlink&amp;url=http%3A%2F%2Fwww.moreau-paris.com&amp;esheet=54581010&amp;newsitemid=20260803815771&amp;lan=fr-FR&amp;anchor=www.moreau-paris.com&amp;index=5&amp;md5=2ab4329ca3b2fd62678bfa82a376a52a\" data-ylk=\"slk:www.moreau-paris.com;elm:context_link;itc:0;sec:content-canvas;source:content-canvas%20default\" data-yga=\"{&quot;yLinkText&quot;:&quot;www.moreau-paris.com&quot;,&quot;yLinkElement&quot;:&quot;context_link&quot;,&quot;yModuleName&quot;:&quot;content-canvas&quot;,&quot;yTrafficOrigin&quot;:&quot;content-canvas default&quot;}\" target=\"_blank\" rel=\"noopener noreferrer nofollow\">www.moreau-paris.com<\/a>  <\/p>\n<\/td>\n<\/tr>\n<tr>\n<td rowspan=\"1\" colspan=\"1\" style=\"padding-left:0.0px;\" data-testid=\"cell-9-0\" class=\"yf-1habrtv\"> <\/td>\n<td rowspan=\"1\" colspan=\"1\" style=\"padding-left:0.0px;\" data-testid=\"cell-9-1\" class=\"yf-1habrtv\"> <\/td>\n<td rowspan=\"1\" colspan=\"1\" style=\"padding-left:0.0px;\" data-testid=\"cell-9-2\" class=\"yf-1habrtv\">    <\/td>\n<\/tr>\n<tr>\n<td rowspan=\"1\" colspan=\"1\" style=\"vertical-align:top;padding-left:0.0px;\" data-testid=\"cell-10-0\" class=\"yf-1habrtv\">\n<p class=\"text text-block paragraph text-left neo-font-paragraph-xl-reg  yf-18d6y07\" style=\"text-decoration: none; font-style: normal; text-transform: none; text-align: inherit; font-variant-numeric: normal;\"><strong>Conseiller juridique de la soci\u00e9t\u00e9<\/strong>  <\/p>\n<\/td>\n<td rowspan=\"1\" colspan=\"1\" style=\"\" data-testid=\"cell-10-1\" class=\"yf-1habrtv\"> <\/td>\n<td rowspan=\"1\" colspan=\"1\" style=\"vertical-align:top;padding-left:0.0px;\" data-testid=\"cell-10-2\" class=\"yf-1habrtv\">\n<p class=\"text text-block paragraph text-left neo-font-paragraph-xl-reg  yf-18d6y07\" style=\"text-decoration: none; font-style: normal; text-transform: none; text-align: inherit; font-variant-numeric: normal;\"><strong>AARPI Towery<\/strong>  <\/p>\n<p class=\"text text-block paragraph text-left neo-font-paragraph-xl-reg  yf-18d6y07\" style=\"text-decoration: none; font-style: normal; text-transform: none; text-align: inherit; font-variant-numeric: normal;\">Samuel Scherman  <\/p>\n<p class=\"text text-block paragraph text-left neo-font-paragraph-xl-reg  yf-18d6y07\" style=\"text-decoration: none; font-style: normal; text-transform: none; text-align: inherit; font-variant-numeric: normal;\"><a href=\"https:\/\/cts.businesswire.com\/ct\/CT?id=smartlink&amp;url=http%3A%2F%2Fwww.towery.eu&amp;esheet=54581010&amp;newsitemid=20260803815771&amp;lan=fr-FR&amp;anchor=www.towery.eu&amp;index=6&amp;md5=e3fb22c0f722e3906e7aaebe05337058\" data-ylk=\"slk:www.towery.eu;elm:context_link;itc:0;sec:content-canvas;source:content-canvas%20default\" data-yga=\"{&quot;yLinkText&quot;:&quot;www.towery.eu&quot;,&quot;yLinkElement&quot;:&quot;context_link&quot;,&quot;yModuleName&quot;:&quot;content-canvas&quot;,&quot;yTrafficOrigin&quot;:&quot;content-canvas default&quot;}\" target=\"_blank\" rel=\"noopener noreferrer nofollow\">www.towery.eu<\/a>  <\/p>\n<\/td>\n<\/tr>\n<tr>\n<td rowspan=\"1\" colspan=\"1\" style=\"padding-left:0.0px;\" data-testid=\"cell-11-0\" class=\"yf-1habrtv\"> <\/td>\n<td rowspan=\"1\" colspan=\"1\" style=\"padding-left:0.0px;\" data-testid=\"cell-11-1\" class=\"yf-1habrtv\"> <\/td>\n<td rowspan=\"1\" colspan=\"1\" style=\"padding-left:0.0px;\" data-testid=\"cell-11-2\" class=\"yf-1habrtv\">    <\/td>\n<\/tr>\n<tr>\n<td rowspan=\"1\" colspan=\"1\" style=\"vertical-align:top;padding-left:0.0px;\" data-testid=\"cell-12-0\" class=\"yf-1habrtv\">\n<p class=\"text text-block paragraph text-left neo-font-paragraph-xl-reg  yf-18d6y07\" style=\"text-decoration: none; font-style: normal; text-transform: none; text-align: inherit; font-variant-numeric: normal;\"><strong>Acqu\u00e9reur<\/strong>  <\/p>\n<\/td>\n<td rowspan=\"1\" colspan=\"1\" style=\"\" data-testid=\"cell-12-1\" class=\"yf-1habrtv\"> <\/td>\n<td rowspan=\"1\" colspan=\"1\" style=\"vertical-align:top;padding-left:0.0px;\" data-testid=\"cell-12-2\" class=\"yf-1habrtv\">\n<p class=\"text text-block paragraph text-left neo-font-paragraph-xl-reg  yf-18d6y07\" style=\"text-decoration: none; font-style: normal; text-transform: none; text-align: inherit; font-variant-numeric: normal;\"><strong>Groupe L\u00e9cuyer, <\/strong>via la holding <strong>Cardinal Invest<\/strong>  <\/p>\n<p class=\"text text-block paragraph text-left neo-font-paragraph-xl-reg  yf-18d6y07\" style=\"text-decoration: none; font-style: normal; text-transform: none; text-align: inherit; font-variant-numeric: normal;\">Charles Odend&rsquo;hal, Pr\u00e9sident  <\/p>\n<p class=\"text text-block paragraph text-left neo-font-paragraph-xl-reg  yf-18d6y07\" style=\"text-decoration: none; font-style: normal; text-transform: none; text-align: inherit; font-variant-numeric: normal;\"><a href=\"https:\/\/cts.businesswire.com\/ct\/CT?id=smartlink&amp;url=http%3A%2F%2Fwww.ets-lecuyer.com&amp;esheet=54581010&amp;newsitemid=20260803815771&amp;lan=fr-FR&amp;anchor=www.ets-lecuyer.com&amp;index=7&amp;md5=dd7d72e1e3ac034be35a785d2030acbb\" data-ylk=\"slk:www.ets-lecuyer.com;elm:context_link;itc:0;sec:content-canvas;source:content-canvas%20default\" data-yga=\"{&quot;yLinkText&quot;:&quot;www.ets-lecuyer.com&quot;,&quot;yLinkElement&quot;:&quot;context_link&quot;,&quot;yModuleName&quot;:&quot;content-canvas&quot;,&quot;yTrafficOrigin&quot;:&quot;content-canvas default&quot;}\" target=\"_blank\" rel=\"noopener noreferrer nofollow\">www.ets-lecuyer.com<\/a>  <\/p>\n<\/td>\n<\/tr>\n<tr>\n<td rowspan=\"1\" colspan=\"1\" style=\"padding-left:0.0px;\" data-testid=\"cell-13-0\" class=\"yf-1habrtv\"> <\/td>\n<td rowspan=\"1\" colspan=\"1\" style=\"padding-left:0.0px;\" data-testid=\"cell-13-1\" class=\"yf-1habrtv\"> <\/td>\n<td rowspan=\"1\" colspan=\"1\" style=\"padding-left:0.0px;\" data-testid=\"cell-13-2\" class=\"yf-1habrtv\">    <\/td>\n<\/tr>\n<tr>\n<td rowspan=\"1\" colspan=\"1\" style=\"vertical-align:top;padding-left:0.0px;\" data-testid=\"cell-14-0\" class=\"yf-1habrtv\">\n<p class=\"text text-block paragraph text-left neo-font-paragraph-xl-reg  yf-18d6y07\" style=\"text-decoration: none; font-style: normal; text-transform: none; text-align: inherit; font-variant-numeric: normal;\"><strong>Conseiller juridique de l&rsquo;acqu\u00e9reur<\/strong>  <\/p>\n<\/td>\n<td rowspan=\"1\" colspan=\"1\" style=\"\" data-testid=\"cell-14-1\" class=\"yf-1habrtv\"> <\/td>\n<td rowspan=\"1\" colspan=\"1\" style=\"vertical-align:top;padding-left:0.0px;\" data-testid=\"cell-14-2\" class=\"yf-1habrtv\">\n<p class=\"text text-block paragraph text-left neo-font-paragraph-xl-reg  yf-18d6y07\" style=\"text-decoration: none; font-style: normal; text-transform: none; text-align: inherit; font-variant-numeric: normal;\"><strong>Deloitte<\/strong>  <\/p>\n<p class=\"text text-block paragraph text-left neo-font-paragraph-xl-reg  yf-18d6y07\" style=\"text-decoration: none; font-style: normal; text-transform: none; text-align: inherit; font-variant-numeric: normal;\">Lucie M\u00e9get, Baptiste Martin  <\/p>\n<p class=\"text text-block paragraph text-left neo-font-paragraph-xl-reg  yf-18d6y07\" style=\"text-decoration: none; font-style: normal; text-transform: none; text-align: inherit; font-variant-numeric: normal;\"><a href=\"https:\/\/cts.businesswire.com\/ct\/CT?id=smartlink&amp;url=http%3A%2F%2Fwww.avocats.deloitte.com&amp;esheet=54581010&amp;newsitemid=20260803815771&amp;lan=fr-FR&amp;anchor=www.avocats.deloitte.com&amp;index=8&amp;md5=81e65d75fe742c924d8d1b4c27ef1cc6\" data-ylk=\"slk:www.avocats.deloitte.com;elm:context_link;itc:0;sec:content-canvas;source:content-canvas%20default\" data-yga=\"{&quot;yLinkText&quot;:&quot;www.avocats.deloitte.com&quot;,&quot;yLinkElement&quot;:&quot;context_link&quot;,&quot;yModuleName&quot;:&quot;content-canvas&quot;,&quot;yTrafficOrigin&quot;:&quot;content-canvas default&quot;}\" target=\"_blank\" rel=\"noopener noreferrer nofollow\">www.avocats.deloitte.com<\/a>  <\/p>\n<\/td>\n<\/tr>\n<p class=\"text text-block paragraph text-left neo-font-paragraph-xl-reg  yf-18d6y07\" style=\"text-decoration: none; font-style: normal; text-transform: none; text-align: inherit; font-variant-numeric: normal;\">Consultez la version source sur businesswire.com\u00a0: <a href=\"https:\/\/www.businesswire.com\/news\/home\/20260803815771\/fr\/\" data-ylk=\"slk:https%3A%2F%2Fwww.businesswire.com%2Fnews%2Fhome%2F20260803815771%2Ffr%2F;elm:context_link;itc:0;sec:content-canvas;source:content-canvas%20default\" data-yga=\"{&quot;yLinkText&quot;:&quot;https:\/\/www.businesswire.com\/news\/home\/20260803815771\/fr\/&quot;,&quot;yLinkElement&quot;:&quot;context_link&quot;,&quot;yModuleName&quot;:&quot;content-canvas&quot;,&quot;yTrafficOrigin&quot;:&quot;content-canvas default&quot;}\" target=\"_blank\" rel=\"noopener noreferrer nofollow\">https:\/\/www.businesswire.com\/news\/home\/20260803815771\/fr\/<\/a>  <\/p>\n<p class=\"text text-block paragraph text-left neo-font-paragraph-xl-reg  yf-18d6y07\" style=\"text-decoration: none; font-style: normal; text-transform: none; text-align: inherit; font-variant-numeric: normal;\"><strong>Contacts<\/strong>  <\/p>\n<p class=\"text text-block paragraph text-left neo-font-paragraph-xl-reg  yf-18d6y07\" style=\"text-decoration: none; font-style: normal; text-transform: none; text-align: inherit; font-variant-numeric: normal;\"><strong>Contact concernant la transaction <\/strong><br \/>Richard Morgan Advisory. <a href=\"https:\/\/fr.finance.yahoo.com\/actualites\/mailto:richard.morgan@r-m-a.fr\" data-ylk=\"slk:richard.morgan%40r-m-a.fr;elm:context_link;itc:0;sec:content-canvas;source:content-canvas%20default\" data-yga=\"{&quot;yLinkText&quot;:&quot;richard.morgan@r-m-a.fr&quot;,&quot;yLinkElement&quot;:&quot;context_link&quot;,&quot;yModuleName&quot;:&quot;content-canvas&quot;,&quot;yTrafficOrigin&quot;:&quot;content-canvas default&quot;}\" target=\"_blank\" rel=\"noopener noreferrer nofollow\">richard.morgan@r-m-a.fr<\/a>, T +33 1 77 17 80 01, M +33 6 25 78 34 46<br \/>ASTEREN. <a href=\"https:\/\/fr.finance.yahoo.com\/actualites\/mailto:maison-moreau@asteren.fr\" data-ylk=\"slk:maison-moreau%40asteren.fr;elm:context_link;itc:0;sec:content-canvas;source:content-canvas%20default\" data-yga=\"{&quot;yLinkText&quot;:&quot;maison-moreau@asteren.fr&quot;,&quot;yLinkElement&quot;:&quot;context_link&quot;,&quot;yModuleName&quot;:&quot;content-canvas&quot;,&quot;yTrafficOrigin&quot;:&quot;content-canvas default&quot;}\" target=\"_blank\" rel=\"noopener noreferrer nofollow\">maison-moreau@asteren.fr<\/a>, T +33 1 84 87 00 60  <\/p>\n","protected":false},"excerpt":{"rendered":"Sac cabas 1882, sur une commode Louis Moreau (source : Moreau Paris) Un look de la collection Automne-Hiver&hellip;\n","protected":false},"author":2,"featured_media":1104841,"comment_status":"","ping_status":"","sticky":false,"template":"","format":"standard","meta":{"footnotes":"","_share_on_mastodon":"0"},"categories":[1888],"tags":[11,113691,1777,674,1011,27,83130,113693,113692,2425,113695,37532,12,626,25,113694,15028],"class_list":["post-1104840","post","type-post","status-publish","format-standard","has-post-thumbnail","category-paris","tag-actualites","tag-developpement-international","tag-eu","tag-europe","tag-fr","tag-france","tag-la-maroquinerie","tag-liquidateur-judiciaire","tag-louis-moreau","tag-luxe","tag-maison-moreau","tag-maroquinerie-de-luxe","tag-news","tag-paris","tag-republique-francaise","tag-richard-morgan","tag-rue-du-faubourg-saint-honore"],"share_on_mastodon":{"url":"https:\/\/pubeurope.com\/@fr\/117030774930233834","error":""},"_links":{"self":[{"href":"https:\/\/www.europesays.com\/fr\/wp-json\/wp\/v2\/posts\/1104840","targetHints":{"allow":["GET"]}}],"collection":[{"href":"https:\/\/www.europesays.com\/fr\/wp-json\/wp\/v2\/posts"}],"about":[{"href":"https:\/\/www.europesays.com\/fr\/wp-json\/wp\/v2\/types\/post"}],"author":[{"embeddable":true,"href":"https:\/\/www.europesays.com\/fr\/wp-json\/wp\/v2\/users\/2"}],"replies":[{"embeddable":true,"href":"https:\/\/www.europesays.com\/fr\/wp-json\/wp\/v2\/comments?post=1104840"}],"version-history":[{"count":0,"href":"https:\/\/www.europesays.com\/fr\/wp-json\/wp\/v2\/posts\/1104840\/revisions"}],"wp:featuredmedia":[{"embeddable":true,"href":"https:\/\/www.europesays.com\/fr\/wp-json\/wp\/v2\/media\/1104841"}],"wp:attachment":[{"href":"https:\/\/www.europesays.com\/fr\/wp-json\/wp\/v2\/media?parent=1104840"}],"wp:term":[{"taxonomy":"category","embeddable":true,"href":"https:\/\/www.europesays.com\/fr\/wp-json\/wp\/v2\/categories?post=1104840"},{"taxonomy":"post_tag","embeddable":true,"href":"https:\/\/www.europesays.com\/fr\/wp-json\/wp\/v2\/tags?post=1104840"}],"curies":[{"name":"wp","href":"https:\/\/api.w.org\/{rel}","templated":true}]}}