{"id":110514,"date":"2025-05-19T00:11:21","date_gmt":"2025-05-19T00:11:21","guid":{"rendered":"https:\/\/www.europesays.com\/fr\/110514\/"},"modified":"2025-05-19T00:11:21","modified_gmt":"2025-05-19T00:11:21","slug":"un-gendarme-blesse-apres-avoir-ete-volontairement-percute-lors-dun-rodeo-urbain","status":"publish","type":"post","link":"https:\/\/www.europesays.com\/fr\/110514\/","title":{"rendered":"Un gendarme bless\u00e9 apr\u00e8s avoir \u00e9t\u00e9 volontairement percut\u00e9 lors d\u2019un rod\u00e9o urbain"},"content":{"rendered":"<p><strong>refus d\u2019obtemp\u00e9rer &#8211; Alors qu\u2019un jeune gendarme tentait d\u2019interpeller un motard en plein rod\u00e9o urbain \u00e0 Neuves-Maisons pr\u00e8s de Nancy, celui-ci lui a fonc\u00e9 dessus le blessant avant de prendre la fuite<\/strong><\/p>\n<p>Nouveau rod\u00e9o urbain accompagn\u00e9 d\u2019un refus d\u2019obtemp\u00e9rer qui s\u2019est mal termin\u00e9. En effet, un gendarme a \u00e9t\u00e9 bless\u00e9 apr\u00e8s avoir \u00e9t\u00e9 \u00ab\u00a0percut\u00e9 volontairement\u00a0\u00bb par un <a href=\"https:\/\/www.20minutes.fr\/societe\/4147994-20250410-moitie-conducteurs-deux-roues-motorises-reconnaissent-utiliser-telephone-roulant?at_medium=RSS%20feed&amp;at_campaign=ynews&amp;utm_source=yahoo&amp;utm_medium=rss&amp;utm_campaign=news_feed&amp;utm_content=in_article_link\" rel=\"nofollow noopener\" target=\"_blank\" data-ylk=\"slk:motard;elm:context_link;itc:0;sec:content-canvas\" class=\"link \">motard<\/a> lors d\u2019un <a href=\"https:\/\/www.20minutes.fr\/societe\/rodeo-urbain\/?at_medium=RSS%20feed&amp;at_campaign=ynews&amp;utm_source=yahoo&amp;utm_medium=rss&amp;utm_campaign=news_feed&amp;utm_content=in_article_link\" rel=\"nofollow noopener\" target=\"_blank\" data-ylk=\"slk:rod\u00e9o urbain;elm:context_link;itc:0;sec:content-canvas\" class=\"link \">rod\u00e9o urbain<\/a>, vendredi, pr\u00e8s de Nancy, a-t-on appris samedi aupr\u00e8s de la gendarmerie de <a href=\"https:\/\/www.20minutes.fr\/dossier\/meurthe-et-moselle?at_medium=RSS%20feed&amp;at_campaign=ynews&amp;utm_source=yahoo&amp;utm_medium=rss&amp;utm_campaign=news_feed&amp;utm_content=in_article_link\" rel=\"nofollow noopener\" target=\"_blank\" data-ylk=\"slk:Meurthe-et-Moselle;elm:context_link;itc:0;sec:content-canvas\" class=\"link \">Meurthe-et-Moselle<\/a>. Souffrant de \u00ab\u00a0fractures assez importantes\u00a0\u00bb \u00e0 la jambe, la victime a \u00e9t\u00e9 op\u00e9r\u00e9e pendant la nuit \u00e0 l\u2019h\u00f4pital de <a href=\"https:\/\/www.20minutes.fr\/dossier\/nancy?at_medium=RSS%20feed&amp;at_campaign=ynews&amp;utm_source=yahoo&amp;utm_medium=rss&amp;utm_campaign=news_feed&amp;utm_content=in_article_link\" rel=\"nofollow noopener\" target=\"_blank\" data-ylk=\"slk:Nancy;elm:context_link;itc:0;sec:content-canvas\" class=\"link \">Nancy<\/a>, a indiqu\u00e9 \u00e0 l\u2019AFP l\u2019officier de permanence.<\/p>\n<p>L\u2019incident s\u2019est produit lorsque le jeune gendarme a fait signe au motard de s\u2019arr\u00eater, vendredi vers 21h30 \u00e0 Neuves-Maisons, une commune de 6.500 habitants situ\u00e9e au sud de Nancy. En r\u00e9action, \u00ab\u00a0le motard a percut\u00e9 volontairement le gendarme\u00a0\u00bb avant de quitter les lieux avec son v\u00e9hicule, a d\u00e9clar\u00e9 son coll\u00e8gue.<\/p>\n<p>Une enqu\u00eate a \u00e9t\u00e9 confi\u00e9e \u00e0 la brigade de recherche de Nancy. \u00ab\u00a0On va certainement parvenir \u00e0 l\u2019identifier\u00a0\u00bb, a assur\u00e9 l\u2019officier de permanence.<\/p>\n<p><a href=\"https:\/\/www.20minutes.fr\/faits_divers\/4154018-20250517-nancy-gendarme-blesse-apres-avoir-volontairement-percute-lors-rodeo-urbain?at_medium=RSS%20feed&amp;at_campaign=ynews&amp;utm_source=yahoo&amp;utm_medium=rss&amp;utm_campaign=news_feed&amp;utm_content=read_more_link&quot;\" rel=\"nofollow noopener\" target=\"_blank\" data-ylk=\"slk:Lire la suite sur 20minutes;elm:context_link;itc:0;sec:content-canvas\" class=\"link \">Lire la suite sur 20minutes<\/a><\/p>\n<p>\u00c0 lire aussi :<br \/><a href=\"https:\/\/www.20minutes.fr\/societe\/4153604-20250516-marseille-nimes-toulouse-lucky-luke030-youtubeur-allemand-visite-ghettos-francais?at_medium=RSS%20feed&amp;at_campaign=ynews&amp;utm_source=yahoo&amp;utm_medium=rss&amp;utm_campaign=news_feed&amp;utm_content=related_content_link\" rel=\"nofollow noopener\" target=\"_blank\" data-ylk=\"slk:Marseille, N\u00eemes, Toulouse\u2026 Qui est Lucky Luke030, le youtubeur allemand qui visite \u00ab\u00a0les ghettos\u00a0\u00bb fran\u00e7ais\u00a0?;elm:context_link;itc:0;sec:content-canvas\" class=\"link \">Marseille, N\u00eemes, Toulouse\u2026 Qui est Lucky Luke030, le youtubeur allemand qui visite \u00ab\u00a0les ghettos\u00a0\u00bb fran\u00e7ais\u00a0?<\/a><br \/><a href=\"https:\/\/www.20minutes.fr\/justice\/4153104-20250512-pompier-blesse-evian-bains-conducteur-mis-examen-tentative-meurtre?at_medium=RSS%20feed&amp;at_campaign=ynews&amp;utm_source=yahoo&amp;utm_medium=rss&amp;utm_campaign=news_feed&amp;utm_content=related_content_link\" rel=\"nofollow noopener\" target=\"_blank\" data-ylk=\"slk:Pompier bless\u00e9 \u00e0 Evian-les-Bains\u00a0: Le conducteur mis en examen pour tentative de meurtre;elm:context_link;itc:0;sec:content-canvas\" class=\"link \">Pompier bless\u00e9 \u00e0 Evian-les-Bains\u00a0: Le conducteur mis en examen pour tentative de meurtre<\/a><\/p>\n","protected":false},"excerpt":{"rendered":"refus d\u2019obtemp\u00e9rer &#8211; Alors qu\u2019un jeune gendarme tentait d\u2019interpeller un motard en plein rod\u00e9o urbain \u00e0 Neuves-Maisons pr\u00e8s&hellip;\n","protected":false},"author":2,"featured_media":110515,"comment_status":"","ping_status":"","sticky":false,"template":"","format":"standard","meta":{"footnotes":""},"categories":[9635],"tags":[1111,11,2883,1777,674,1011,27,19911,775,1702,9847,12,25,19974],"class_list":{"0":"post-110514","1":"post","2":"type-post","3":"status-publish","4":"format-standard","5":"has-post-thumbnail","7":"category-nancy","8":"tag-actu","9":"tag-actualites","10":"tag-ete","11":"tag-eu","12":"tag-europe","13":"tag-fr","14":"tag-france","15":"tag-gendarme","16":"tag-grand-est","17":"tag-nancy","18":"tag-neuves-maisons","19":"tag-news","20":"tag-republique-francaise","21":"tag-rodeo"},"share_on_mastodon":{"url":"https:\/\/pubeurope.com\/@fr\/114531603795476629","error":""},"_links":{"self":[{"href":"https:\/\/www.europesays.com\/fr\/wp-json\/wp\/v2\/posts\/110514","targetHints":{"allow":["GET"]}}],"collection":[{"href":"https:\/\/www.europesays.com\/fr\/wp-json\/wp\/v2\/posts"}],"about":[{"href":"https:\/\/www.europesays.com\/fr\/wp-json\/wp\/v2\/types\/post"}],"author":[{"embeddable":true,"href":"https:\/\/www.europesays.com\/fr\/wp-json\/wp\/v2\/users\/2"}],"replies":[{"embeddable":true,"href":"https:\/\/www.europesays.com\/fr\/wp-json\/wp\/v2\/comments?post=110514"}],"version-history":[{"count":0,"href":"https:\/\/www.europesays.com\/fr\/wp-json\/wp\/v2\/posts\/110514\/revisions"}],"wp:featuredmedia":[{"embeddable":true,"href":"https:\/\/www.europesays.com\/fr\/wp-json\/wp\/v2\/media\/110515"}],"wp:attachment":[{"href":"https:\/\/www.europesays.com\/fr\/wp-json\/wp\/v2\/media?parent=110514"}],"wp:term":[{"taxonomy":"category","embeddable":true,"href":"https:\/\/www.europesays.com\/fr\/wp-json\/wp\/v2\/categories?post=110514"},{"taxonomy":"post_tag","embeddable":true,"href":"https:\/\/www.europesays.com\/fr\/wp-json\/wp\/v2\/tags?post=110514"}],"curies":[{"name":"wp","href":"https:\/\/api.w.org\/{rel}","templated":true}]}}