{"id":110518,"date":"2025-05-19T00:13:10","date_gmt":"2025-05-19T00:13:10","guid":{"rendered":"https:\/\/www.europesays.com\/fr\/110518\/"},"modified":"2025-05-19T00:13:10","modified_gmt":"2025-05-19T00:13:10","slug":"toulon-regarde-le-jour-se-leve-le-livre-autobiographique-de-jean-pierre-savelli","status":"publish","type":"post","link":"https:\/\/www.europesays.com\/fr\/110518\/","title":{"rendered":"TOULON : \u00ab Regarde, le jour se l\u00e8ve \u00bb, le livre autobiographique de Jean-Pierre Savelli"},"content":{"rendered":"<p><strong>Plongez dans l\u2019univers d\u2019un artiste hors du commun \u00e0 travers son livre autobiographique captivant.<\/strong><\/p>\n<p>Depuis quelques semaines, les amateurs de musique et de r\u00e9cits de vie ont la possibilit\u00e9 de d\u00e9couvrir le parcours de Jean-Pierre Savelli gr\u00e2ce \u00e0 son livre autobiographique intitul\u00e9 \u00ab Regarde, le jour se l\u00e8ve \u00bb. Co\u00e9crit avec sa paroli\u00e8re Patricia Lenoir, cet ouvrage disponible sur <a href=\"https:\/\/www.amazon.fr\/REGARDE-JOUR-LEVE-pierre-SAVELLI\/dp\/B0DWXKY9FS\/ref=sr_1_1?__mk_fr_FR=\u00c5M\u00c5\u017d\u00d5\u00d1&amp;crid=3KPKBAXQNI9UL&amp;dib=eyJ2IjoiMSJ9.aaY4i02FrNwz3QZQGqNfPw.P0h8EDSGrrHbgzBqnmm1jVH774sjuvQQDoAGMiSBPrQ&amp;dib_tag=se&amp;keywords=regarde+le+jour+se+leve+patricia+lenoir&amp;qid=1747565170&amp;sprefix=regarde+le+jour+se+leve+patricia+lenoir%2Caps%2C132&amp;sr=8-1\" target=\"_blank\" rel=\"noopener nofollow\" data-saferedirecturl=\"https:\/\/www.google.com\/url?q=https:\/\/www.amazon.fr&amp;source=gmail&amp;ust=1747651159072000&amp;usg=AOvVaw3N0Zk3X-rHXORAxZqu4UqI\">Amazon<\/a> retrace la carri\u00e8re et la vie de cet artiste embl\u00e9matique.<\/p>\n<p><img fetchpriority=\"high\" decoding=\"async\" class=\"alignnone size-full wp-image-816747\" src=\"https:\/\/www.europesays.com\/fr\/wp-content\/uploads\/2025\/05\/image-1436.jpeg\" alt=\"\" width=\"1280\" height=\"853\"  \/><\/p>\n<p><strong>Un titre \u00e9vocateur<\/strong><\/p>\n<p>Le titre de l\u2019ouvrage s\u2019inspire de la premi\u00e8re phrase d\u2019une de ses chansons. L\u2019id\u00e9e d\u2019\u00e9crire ce livre est n\u00e9e des nombreuses interviews o\u00f9 Jean-Pierre Savelli entendait souvent la phrase r\u00e9currente : \u00ab Ah, c\u2019\u00e9tait vous \u00bb. Ce clin d\u2019\u0153il \u00e0 son parcours musical t\u00e9moigne de l\u2019impact qu\u2019il a eu sur le public au fil des ann\u00e9es.<\/p>\n<p><strong>Un r\u00e9cit authentique et personnel<\/strong><\/p>\n<p>En collaboration avec Patricia Lenoir, qui a su mettre en forme ses anecdotes et id\u00e9es, Jean-Pierre Savelli offre un r\u00e9cit authentique, loin des paillettes du show-biz. Il retrace son enfance \u00e0 Toulon, dans le quartier de Besagne, et \u00e9voque des lieux embl\u00e9matiques tels que le stade Mayol. L\u2019artiste partage son parcours, de sa jeunesse jusqu\u2019\u00e0 son d\u00e9part pour Paris \u00e0 l\u2019\u00e2ge de 19 ans, en passant par les moments forts et les \u00e9preuves de sa carri\u00e8re.<\/p>\n<p><strong>Des souvenirs visuels pr\u00e9cieux<\/strong><\/p>\n<p>Les lecteurs appr\u00e9cieront les nombreuses photos soigneusement s\u00e9lectionn\u00e9es par sa fille Lola, qui a r\u00e9alis\u00e9 la mise en page et recherch\u00e9 des images d\u2019archives. Ces souvenirs visuels illustrent des moments marquants, notamment ses tourn\u00e9es avec des grands artistes tels que Claude Fran\u00e7ois et Michel Legrand.<\/p>\n<p><strong>Un voyage nostalgique pour les Varois<\/strong><\/p>\n<p>Les Varois, qui le connaissent depuis plus de 50 ans, retrouveront avec nostalgie des r\u00e9f\u00e9rences \u00e0 des lieux familiers comme le cours Lafayette et les discoth\u00e8ques de leur jeunesse. Ce livre est une belle occasion de d\u00e9couvrir ou red\u00e9couvrir Jean-Pierre Savelli, un artiste dont le parcours r\u00e9sonne avec l\u2019histoire musicale de toute une g\u00e9n\u00e9ration.<\/p>\n<p><b>Laurette PARAY. Photos Philippe OLIVIER.<\/b><\/p>\n","protected":false},"excerpt":{"rendered":"Plongez dans l\u2019univers d\u2019un artiste hors du commun \u00e0 travers son livre autobiographique captivant. Depuis quelques semaines, les&hellip;\n","protected":false},"author":2,"featured_media":110519,"comment_status":"","ping_status":"","sticky":false,"template":"","format":"standard","meta":{"footnotes":""},"categories":[9619],"tags":[1111,11,1777,674,1011,27,12,882,25,2310],"class_list":{"0":"post-110518","1":"post","2":"type-post","3":"status-publish","4":"format-standard","5":"has-post-thumbnail","7":"category-toulon","8":"tag-actu","9":"tag-actualites","10":"tag-eu","11":"tag-europe","12":"tag-fr","13":"tag-france","14":"tag-news","15":"tag-provence-alpes-cote-dazur","16":"tag-republique-francaise","17":"tag-toulon"},"share_on_mastodon":{"url":"https:\/\/pubeurope.com\/@fr\/114531611692129041","error":""},"_links":{"self":[{"href":"https:\/\/www.europesays.com\/fr\/wp-json\/wp\/v2\/posts\/110518","targetHints":{"allow":["GET"]}}],"collection":[{"href":"https:\/\/www.europesays.com\/fr\/wp-json\/wp\/v2\/posts"}],"about":[{"href":"https:\/\/www.europesays.com\/fr\/wp-json\/wp\/v2\/types\/post"}],"author":[{"embeddable":true,"href":"https:\/\/www.europesays.com\/fr\/wp-json\/wp\/v2\/users\/2"}],"replies":[{"embeddable":true,"href":"https:\/\/www.europesays.com\/fr\/wp-json\/wp\/v2\/comments?post=110518"}],"version-history":[{"count":0,"href":"https:\/\/www.europesays.com\/fr\/wp-json\/wp\/v2\/posts\/110518\/revisions"}],"wp:featuredmedia":[{"embeddable":true,"href":"https:\/\/www.europesays.com\/fr\/wp-json\/wp\/v2\/media\/110519"}],"wp:attachment":[{"href":"https:\/\/www.europesays.com\/fr\/wp-json\/wp\/v2\/media?parent=110518"}],"wp:term":[{"taxonomy":"category","embeddable":true,"href":"https:\/\/www.europesays.com\/fr\/wp-json\/wp\/v2\/categories?post=110518"},{"taxonomy":"post_tag","embeddable":true,"href":"https:\/\/www.europesays.com\/fr\/wp-json\/wp\/v2\/tags?post=110518"}],"curies":[{"name":"wp","href":"https:\/\/api.w.org\/{rel}","templated":true}]}}