{"id":110524,"date":"2025-05-19T00:20:15","date_gmt":"2025-05-19T00:20:15","guid":{"rendered":"https:\/\/www.europesays.com\/fr\/110524\/"},"modified":"2025-05-19T00:20:15","modified_gmt":"2025-05-19T00:20:15","slug":"les-bons-plans-max-radio-du-19-05-au-25-05","status":"publish","type":"post","link":"https:\/\/www.europesays.com\/fr\/110524\/","title":{"rendered":"Les Bons Plans Max Radio du 19\/05 au 25\/05"},"content":{"rendered":"<p>Chaque semaine, retrouvez les meilleurs bons plans de Grenoble et Chamb\u00e9ry ! <br \/>Que vous soyez \u00e0 la recherche d&rsquo;activit\u00e9s, de sorties, d&rsquo;\u00e9v\u00e9nements ou de bonnes adresses, nous vous partageons tout ce qu&rsquo;il ne faut pas manquer.<\/p>\n<p>Les Bons Plans \u00e0 Grenoble :<\/p>\n<p> <b>Rendez-vous : jusqu&rsquo;au 25 mai, \u00e0 20h30, \u00e0 Grenoble.<\/b><\/p>\n<p>Faites du V\u00e9lo revient pour sa 10\u00e8me \u00e9dition anniversaire !<\/p>\n<p>Organis\u00e9e par le Syndicat Mixte des Mobilit\u00e9s de l&rsquo;Aire Grenobloise, ces quinze jours de festivit\u00e9s font la part-belle au v\u00e9lo et de toutes ses pratiques.<\/p>\n<p>D\u00e9j\u00e0 10 ans que l&rsquo;aire grenobloise vibre au rythme du v\u00e9lo pendant l&rsquo;\u00e9v\u00e9nement.<br \/>A cette occasion, de nombreuses activit\u00e9s gratuites sont propos\u00e9es, pour les grands et les petits : <br \/>&#8211; Des activit\u00e9s ludiques comme : Escape Game g\u00e9ant sur le th\u00e8me du Cyclo Circus, Kermesse \u00e0 v\u00e9lo, Murder-Party \u2026<br \/>&#8211; Des activit\u00e9s sportives : balades en VTT \u00e0 Assistance Electrique, activit\u00e9s au Bois-Fran\u00e7ais<br \/>&#8211; Des activit\u00e9s culturelles avec des d\u00e9couvertes insolites \u00e0 v\u00e9lo, des spectacles et concerts, etc.<\/p>\n<p>Entre amis ou en famille, montez sur votre v\u00e9lo et venez c\u00e9l\u00e9brez la Faites du V\u00e9lo 2025 avec nous !<\/p>\n<p><a class=\"url\" href=\"https:\/\/www.grenoble-tourisme.com\/fr\/decouvrir\/evenements\/agenda\/detail\/faites-du-velo-5637923\/\" target=\"_blank\" rel=\"nofollow noopener\">En savoir plus.<\/a><\/p>\n<tr>\n<td class=\"defaut\"><img loading=\"lazy\" decoding=\"async\" src=\"https:\/\/www.europesays.com\/fr\/wp-content\/uploads\/2025\/05\/1747614009_2_img\" width=\"494\" height=\"600\" border=\"0\" title=\"bhjvj:\"\/><\/td>\n<\/tr>\n<p> <b>Rendez-vous : jusqu&rsquo;au 20 mai, \u00e0 partir de 17h30, au Summum.<\/b><\/p>\n<p>Ouvertement adapt\u00e9 de Rom\u00e9o et Juliette, \u0153uvre de tous les records, tout le monde ou presque conna\u00eet West Side Story, ou en tout cas le film de Robert Wise et Jerome Robbins, avec Natalie Wood, r\u00e9alis\u00e9 en 1961.<\/p>\n<p>Cr\u00e9\u00e9 quatre ans plus t\u00f4t \u00e0 Broadway o\u00f9 le spectacle a tenu l&rsquo;affiche durant pas moins de 732 repr\u00e9sentations, West Side Story a ensuite tr\u00e8s vite conquis le monde et travers\u00e9 les ann\u00e9es gr\u00e2ce \u00e0 la musique \u00e0 la fois savante, rythm\u00e9e et populaire de Leonard Bernstein (Maria, America, Somewhere, Tonight, I Feel Pretty\u2026), \u00e0 cette histoire universelle qui a fait ses preuves depuis Shakespeare et, bien s\u00fbr\u2026 \u00e0 la danse?! Une seconde adaptation cin\u00e9matographique, r\u00e9alis\u00e9e par Steven Spielberg, est sortie en 2021.<\/p>\n<p><a class=\"url\" href=\"https:\/\/www.grenoble-tourisme.com\/fr\/decouvrir\/evenements\/agenda\/detail\/west-side-story-5625291\/\" target=\"_blank\" rel=\"nofollow noopener\">En savoir plus.<\/a><\/p>\n<tr>\n<td class=\"defaut\"><a href=\"https:\/\/www.radioscoop.com\/agenda\/javascript:void(0)\" onclick=\"parent.RS.diaporama.addMedia(692668) ;\" rel=\"nofollow noopener\" target=\"_blank\"><img loading=\"lazy\" decoding=\"async\" src=\"https:\/\/www.europesays.com\/fr\/wp-content\/uploads\/2025\/05\/1747614011_43_img\" width=\"432\" height=\"640\" border=\"0\" title=\"gkuyb\"\/><\/a><\/td>\n<\/tr>\n<p> <b>Rendez-vous : le 21 mai, \u00e0 20h30, \u00e0 la Basse Cour.<\/b><\/p>\n<p>L&rsquo;humour et la magie sont les ma\u00eetres mots de ce spectacle original, interactif et familial.<\/p>\n<p>RV doit monter sur sc\u00e8ne demain pour son c\u00e9l\u00e8bre duo de magie, mais son partenaire lui fait faux bond au dernier moment. Afin d&rsquo;assurer la prestation, il se trouve oblig\u00e9 de partager la sc\u00e8ne avec un stagiaire envoy\u00e9 par France Travail : Alex, un \u00e9nergum\u00e8ne un peu trop \u00ab \u00e0 l&rsquo;aise \u00bb et pour le moins envahissant.<br \/>Le duo de magie va se transformer en combat d\u00e9sesp\u00e9r\u00e9 pour \u00ab sauver \u00bb le spectacle\u2026<br \/>Un show unique avec de grandes illusions, beaucoup d&rsquo;autod\u00e9rision, et la participation du public !<\/p>\n<p>BAR sur place proposant boissons et petite restauration, ouvert au public \u00e0 partir de 19h (sans r\u00e9servation).<\/p>\n<p><a class=\"url\" href=\"https:\/\/www.grenoble-tourisme.com\/fr\/decouvrir\/evenements\/agenda\/detail\/two-men-chauds-7321271\/\" target=\"_blank\" rel=\"nofollow noopener\">Je prends ma place !<\/a><\/p>\n<tr>\n<td class=\"defaut\"><a href=\"https:\/\/www.radioscoop.com\/agenda\/javascript:void(0)\" onclick=\"parent.RS.diaporama.addMedia(692669) ;\" rel=\"nofollow noopener\" target=\"_blank\"><img loading=\"lazy\" decoding=\"async\" src=\"https:\/\/www.europesays.com\/fr\/wp-content\/uploads\/2025\/05\/1747614012_895_img\" width=\"640\" height=\"411\" border=\"0\" title=\"bkyujg\"\/><\/a><\/td>\n<\/tr>\n<p> <b>Rendez-vous : le 21 mai, de 19h \u00e0 20h15, au Caf\u00e9 Nord.<\/b><\/p>\n<p>Que respire-t-on dans nos maisons ?<\/p>\n<p>Savez-vous que l&rsquo;air int\u00e9rieur est plus pollu\u00e9 que l&rsquo;air ext\u00e9rieur ? Or c&rsquo;est \u00e0 l&rsquo;int\u00e9rieur que l&rsquo;on passe 80% de notre temps. Quels sont ces polluants, pourquoi et comment les \u00e9tudie-t-on ? Cette soir\u00e9e se penchera sur deux familles d&rsquo;int\u00e9r\u00eat : les Compos\u00e9s Organiques Semi-Volatils (COSV) et les microplastiques.<\/p>\n<p><a class=\"url\" href=\"https:\/\/www.grenoble-tourisme.com\/fr\/decouvrir\/evenements\/agenda\/detail\/pint-of-science-que-respire-t-on-dans-nos-maisons-7357713\/\" target=\"_blank\" rel=\"nofollow noopener\">Je prends ma place !<\/a><\/p>\n<tr>\n<td class=\"defaut\"><img loading=\"lazy\" decoding=\"async\" src=\"https:\/\/www.europesays.com\/fr\/wp-content\/uploads\/2025\/05\/1747614012_796_img\" width=\"495\" height=\"366\" border=\"0\" title=\"vgnvj\"\/><\/td>\n<\/tr>\n<p> <b>Rendez-vous : le 21 mai, \u00e0 20h, au Summum.<\/b><\/p>\n<p>Le spectacle hommage \u00e0 FREDDIE MERCURY.<br \/>Avec la participation exceptionnelle de la soprano Claire LAIRY ou de Fanny Crouet.<\/p>\n<p><a class=\"url\" href=\"https:\/\/www.grenoble-tourisme.com\/fr\/decouvrir\/evenements\/agenda\/detail\/the-world-of-queen-6864754\/\" target=\"_blank\" rel=\"nofollow noopener\">Je prends ma place !<\/a><\/p>\n<tr>\n<td class=\"defaut\"><a href=\"https:\/\/www.radioscoop.com\/agenda\/javascript:void(0)\" onclick=\"parent.RS.diaporama.addMedia(692671) ;\" rel=\"nofollow noopener\" target=\"_blank\"><img loading=\"lazy\" decoding=\"async\" src=\"https:\/\/www.europesays.com\/fr\/wp-content\/uploads\/2025\/05\/1747614013_287_img\" width=\"427\" height=\"640\" border=\"0\" title=\"dvjs\"\/><\/a><\/td>\n<\/tr>\n<p> <b>Rendez-vous : le 22 mai, \u00e0 20h, au Palais des Sports.<\/b><\/p>\n<p>Nouvelle saison, nouveaux artistes, nouvelle setlist, le Star Academy Tour fait peau neuve pour vous proposer un tout nouveau show spectaculaire.<\/p>\n<p>Au programme : chor\u00e9graphies explosives, meilleures reprises de vos chansons favorites et ambiance de folie. Revivez le temps d&rsquo;un soir, aux c\u00f4t\u00e9s de vos acad\u00e9miciens pr\u00e9f\u00e9r\u00e9s, les meilleurs moments de l&rsquo;aventure au ch\u00e2teau.<\/p>\n<p><a class=\"url\" href=\"https:\/\/www.grenoble-tourisme.com\/fr\/decouvrir\/evenements\/agenda\/detail\/star-academy-tour-2025-7041697\/\" target=\"_blank\" rel=\"nofollow noopener\">Je prends ma place !<\/a><\/p>\n<tr>\n<td class=\"defaut\"><img loading=\"lazy\" decoding=\"async\" src=\"https:\/\/www.europesays.com\/fr\/wp-content\/uploads\/2025\/05\/1747614014_794_img\" width=\"600\" height=\"600\" border=\"0\" title=\"gkjb\"\/><\/td>\n<\/tr>\n<p><p>Les Bons Plans \u00e0 Chamb\u00e9ry :<\/p>\n<p><\/p>\n<p> <b>Rendez-vous : le 23 mai, de 20h \u00e0 21h30, au Phare.<\/b><\/p>\n<p>Pour la 27\u00e8me journ\u00e9e de Liqui Moly StarLigue, le Chamb\u00e9ry Savoie Mont Blanc Handball re\u00e7oit Chartres. \u00c0 cette occasion, la Team Chamb\u00e9 organise sa traditionnelle Summer Party et f\u00eate l&rsquo;\u00e9t\u00e9 ! Ambiance conviviale et festive garantie !<br \/>\u00c9voluant en Liqui Moly StarLigue, Chamb\u00e9ry Savoie Mont Blanc Handball est le club de handball professionnel de la r\u00e9gion. Pour sa 27\u00e8me journ\u00e9e de Championnat, les &lsquo;Jaune &amp; Noir&rsquo; re\u00e7oivent Chartres. Au programme, une rencontre sportive sous haute-tension mais pas seulement.<br \/>Profitez de la traditionnelle Summer Party de la Team Chamb\u00e9 : Dj, foodtrucks, et de nombreuses autres animations sont au programme.<\/p>\n<p>Venez vibrer \u00e0 nos c\u00f4t\u00e9s et donner de la voix en r\u00e9servant votre place sur le site billetterie de la Team Chamb\u00e9 (https:\/\/billetterie.teamchambe.com\/fr\/sticker\/212)<\/p>\n<p><a class=\"url\" href=\"https:\/\/www.chambery.fr\/agenda\/34246\/153-chambery-savoie-mont-blanc-handball-vs-chartres.htm?periode=256127\/\" target=\"_blank\" rel=\"nofollow noopener\">Je prends ma place !<\/a><\/p>\n<tr>\n<td class=\"defaut\"><a href=\"https:\/\/www.radioscoop.com\/agenda\/javascript:void(0)\" onclick=\"parent.RS.diaporama.addMedia(692673) ;\" rel=\"nofollow noopener\" target=\"_blank\"><img loading=\"lazy\" decoding=\"async\" src=\"https:\/\/www.europesays.com\/fr\/wp-content\/uploads\/2025\/05\/1747614015_771_img\" width=\"640\" height=\"363\" border=\"0\" title=\"yfkjy\"\/><\/a><\/td>\n<\/tr>\n<p> <b>Rendez-vous : le 24 mai, de 17h \u00e0 21h, \u00e0 la Salle Rubanox.<\/b><\/p>\n<p>L&rsquo;Arena Festival vous fait revivre les plus grands succ\u00e8s des ann\u00e9es 2000 lors d&rsquo;une soir\u00e9e festive et nostalgique. Retrouvez les hits de votre jeunesse interpr\u00e9t\u00e9s par des artistes embl\u00e9matiques. Profitez aussi de food trucks, bars et stands \u00e0 Rubanox.<br \/>L&rsquo;ARENA Festival : Le premier festival des ann\u00e9es 2000 en Rh\u00f4ne-Alpes <br \/>L&rsquo;ARENA Festival vous invite \u00e0 revivre la magie des ann\u00e9es 2000 avec un concert exceptionnel r\u00e9unissant les artistes embl\u00e9matiques de la d\u00e9cennie.<\/p>\n<p>Line-up : Billy Crawford, Passi, Amine, Colonel Reyel, Assia, Tribal King, Jessy Matador, Kyma\u00ef&#8230; Pr\u00e9parez-vous \u00e0 chanter et danser sur les hits qui ont marqu\u00e9 toute une g\u00e9n\u00e9ration !<\/p>\n<p>Food trucks sal\u00e9 et sucr\u00e9 &#8211; Bars rafra\u00eechissants &#8211; Stands et merchandising<br \/>En plus du spectacle, profitez d&rsquo;un espace d\u00e9di\u00e9 pour prolonger l&rsquo;exp\u00e9rience et vivre une soir\u00e9e inoubliable.<\/p>\n<p>Dress code : retour aux ann\u00e9es 2000 ! Sortez vos looks r\u00e9tro et plongez dans une ambiance festive et nostalgique.<\/p>\n<p><a class=\"url\" href=\"https:\/\/www.chambery.fr\/agenda\/33694\/153-festival-de-musique-des-annees-2000-arena-festival.htm?periode=255982\/\" target=\"_blank\" rel=\"nofollow noopener\">Je prends ma place !<\/a><\/p>\n<tr>\n<td class=\"defaut\"><a href=\"https:\/\/www.radioscoop.com\/agenda\/javascript:void(0)\" onclick=\"parent.RS.diaporama.addMedia(692674) ;\" rel=\"nofollow noopener\" target=\"_blank\"><img loading=\"lazy\" decoding=\"async\" src=\"https:\/\/www.europesays.com\/fr\/wp-content\/uploads\/2025\/05\/1747614015_64_img\" width=\"430\" height=\"640\" border=\"0\" title=\"vcjgh\"\/><\/a><\/td>\n<\/tr>\n<p><\/p>\n","protected":false},"excerpt":{"rendered":"Chaque semaine, retrouvez les meilleurs bons plans de Grenoble et Chamb\u00e9ry ! Que vous soyez \u00e0 la recherche&hellip;\n","protected":false},"author":2,"featured_media":110525,"comment_status":"","ping_status":"","sticky":false,"template":"","format":"standard","meta":{"footnotes":""},"categories":[9566],"tags":[1111,11,2430,677,12362,1777,674,1011,27,2731,12,7518,25],"class_list":{"0":"post-110524","1":"post","2":"type-post","3":"status-publish","4":"format-standard","5":"has-post-thumbnail","7":"category-grenoble","8":"tag-actu","9":"tag-actualites","10":"tag-auvergne-rhone-alpes","11":"tag-bons-plans","12":"tag-chambry","13":"tag-eu","14":"tag-europe","15":"tag-fr","16":"tag-france","17":"tag-grenoble","18":"tag-news","19":"tag-octobre","20":"tag-republique-francaise"},"share_on_mastodon":{"url":"https:\/\/pubeurope.com\/@fr\/114531639310828182","error":""},"_links":{"self":[{"href":"https:\/\/www.europesays.com\/fr\/wp-json\/wp\/v2\/posts\/110524","targetHints":{"allow":["GET"]}}],"collection":[{"href":"https:\/\/www.europesays.com\/fr\/wp-json\/wp\/v2\/posts"}],"about":[{"href":"https:\/\/www.europesays.com\/fr\/wp-json\/wp\/v2\/types\/post"}],"author":[{"embeddable":true,"href":"https:\/\/www.europesays.com\/fr\/wp-json\/wp\/v2\/users\/2"}],"replies":[{"embeddable":true,"href":"https:\/\/www.europesays.com\/fr\/wp-json\/wp\/v2\/comments?post=110524"}],"version-history":[{"count":0,"href":"https:\/\/www.europesays.com\/fr\/wp-json\/wp\/v2\/posts\/110524\/revisions"}],"wp:featuredmedia":[{"embeddable":true,"href":"https:\/\/www.europesays.com\/fr\/wp-json\/wp\/v2\/media\/110525"}],"wp:attachment":[{"href":"https:\/\/www.europesays.com\/fr\/wp-json\/wp\/v2\/media?parent=110524"}],"wp:term":[{"taxonomy":"category","embeddable":true,"href":"https:\/\/www.europesays.com\/fr\/wp-json\/wp\/v2\/categories?post=110524"},{"taxonomy":"post_tag","embeddable":true,"href":"https:\/\/www.europesays.com\/fr\/wp-json\/wp\/v2\/tags?post=110524"}],"curies":[{"name":"wp","href":"https:\/\/api.w.org\/{rel}","templated":true}]}}