{"id":110530,"date":"2025-05-19T00:24:19","date_gmt":"2025-05-19T00:24:19","guid":{"rendered":"https:\/\/www.europesays.com\/fr\/110530\/"},"modified":"2025-05-19T00:24:19","modified_gmt":"2025-05-19T00:24:19","slug":"demain-a-strasbourg-un-job-dating-propose-de-vous-embaucher-sans-ramener-votre-cv","status":"publish","type":"post","link":"https:\/\/www.europesays.com\/fr\/110530\/","title":{"rendered":"Demain \u00e0 Strasbourg, un \u00ab job dating \u00bb propose de vous embaucher sans ramener votre CV !"},"content":{"rendered":"<p>    <img loading=\"lazy\" width=\"1800\" height=\"900\" src=\"https:\/\/www.europesays.com\/fr\/wp-content\/uploads\/2025\/04\/jeanne-callthepolice.jpg\" class=\"attachment-full size-full\" alt=\"\" id=\"imageLove\" decoding=\"async\"  \/><\/p>\n<p id=\"breadcrumbs\"><a href=\"https:\/\/pokaa.fr\/\" rel=\"nofollow noopener\" target=\"_blank\">Accueil<\/a> \/ <a href=\"https:\/\/pokaa.fr\/categories\/strasbourg\/\" rel=\"nofollow noopener\" target=\"_blank\">Strasbourg<\/a> \/ Demain \u00e0 Strasbourg, un \u00ab job dating \u00bb propose de vous embaucher sans ramener votre CV !<\/p>\n<p>                    Strasbourg<\/p>\n<p><strong>\u00c0 la recherche d\u2019un emploi ou d\u2019une alternance ? Le 20 mai, 360 Grand Est organise le \u00ab <a href=\"https:\/\/www.360grandest.fr\/fr\/content\/job-open-night?utm_source=Pokaa+marketing+digital&amp;utm_medium=Pokaa+marketing+digital&amp;utm_campaign=Pokaa+marketing+digital&amp;utm_id=Pokaa+marketing+digital&amp;utm_term=Pokaa+marketing+digital\" target=\"_blank\" rel=\"noopener nofollow\">Job Open Night<\/a> \u00bb, pour les personnes fra\u00eechement dipl\u00f4m\u00e9es, comme pour les plus exp\u00e9riment\u00e9es. La seule condition ? Venir sans CV ! On vous explique.<\/strong><\/p>\n<p>Premier emploi, reconversion, alternance, nouvelle aventure\u2026 Le principe du <strong>\u00ab Job Open Night \u00bb<\/strong>, c\u2019est que <strong>tout le monde est le\/la bienvenu(e). L\u2019occasion de rencontrer les employeur\/euses de la r\u00e9gion, et peut-\u00eatre, de trouver la perle rare !<\/strong><\/p>\n<p>    <img width=\"800\" height=\"533\" src=\"https:\/\/www.europesays.com\/fr\/wp-content\/uploads\/2025\/05\/job-night-dating-christophe-jung-why-vision-4-800x533.jpg\" class=\"attachment-image-size-L size-image-size-L\" alt=\"Job Night Dating \u2013 Christophe Jung Why Vision (4)\" decoding=\"async\" loading=\"lazy\"  \/>         Job Night Dating 2024. \u00a9  Christophe Jung Why Vision \/ Document remis <\/p>\n<p>Un job dating inclusif et sans CV <\/p>\n<p><strong>Le 20 mai, de 16h \u00e0 20h, c\u2019est au Palais de la Musique et des Congr\u00e8s que \u00e7a se passe.<\/strong> Amenez vos id\u00e9es, votre motivation\u2026 <strong>Mais surtout pas de CV\u00a0!<\/strong><\/p>\n<p>Le principe du <strong>\u00ab Job Open Night \u00bb<\/strong>, c\u2019est de <strong>recruter de mani\u00e8re inclusive.<\/strong> Et surtout, de discuter. De son parcours, de ses envies, de ses exp\u00e9riences, ou des aventures auxquelles on r\u00eave : parce qu\u2019on est bien plus qu\u2019un CV. <strong>Bref : venez tel(le)s que vous \u00eates.<br \/><\/strong><\/p>\n<p>    <img width=\"800\" height=\"533\" src=\"https:\/\/www.europesays.com\/fr\/wp-content\/uploads\/2025\/05\/job-night-dating-christophe-jung-why-vision-3-800x533.jpg\" class=\"attachment-image-size-L size-image-size-L\" alt=\"Job Night Dating 2024. \u2013 Christophe Jung Why Vision (3)\" decoding=\"async\" loading=\"lazy\"  \/>         Job Night Dating 2024. \u00a9  Christophe Jung Why Vision \/ Document remis <\/p>\n<p>Comment \u00e7a marche ? <\/p>\n<p>Pour profiter de l\u2019\u00e9v\u00e9nement, il faut <strong>s\u2019inscrire gratuitement <a href=\"https:\/\/www.360grandest.fr\/fr\/content\/job-open-night\" target=\"_blank\" rel=\"noopener nofollow\">par ici<\/a>.<\/strong> En amont, vous pourrez <strong>consulter les offres d\u2019emploi et la liste des recruteur\/euses pr\u00e9sent(e)s <a href=\"https:\/\/jenesuispasuncv.fr\/jobboard-job-open-night\/\" target=\"_blank\" rel=\"noopener nofollow\">par-l\u00e0<\/a>.<\/strong> Vous pourrez par exemple y trouver Huron, la Ville et l\u2019Eurom\u00e9tropole de Strasbourg, le Groupe SNCF, SOPREMA entreprises, Eiffage, One point\u2026 Et bien d\u2019autres\u00a0encore\u00a0!<\/p>\n<p>Alors, tent\u00e9(e)s\u00a0? Il n\u2019y plus qu\u2019\u00e0 venir avec votre motivation sous le coude, et consulter <strong>le programme complet <a href=\"https:\/\/www.360grandest.fr\/fr\/content\/job-open-night\" target=\"_blank\" rel=\"noopener nofollow\">par ici<\/a>. <\/strong><\/p>\n<p>    <img width=\"800\" height=\"533\" src=\"https:\/\/www.europesays.com\/fr\/wp-content\/uploads\/2025\/05\/job-night-dating-christophe-jung-why-vision-1-800x533.jpg\" class=\"attachment-image-size-L size-image-size-L\" alt=\"Job Night Dating \u2013 Christophe Jung Why Vision (1)\" decoding=\"async\" loading=\"lazy\"  \/>         Job Night Dating 2024. \u00a9  Christophe Jung Why Vision \/ Document remis <\/p>\n<p>            Job Open Night<\/p>\n<p>            Quoi ? <\/p>\n<p>Job dating inclusif, sans CV<\/p>\n<p>                Quand ?<\/p>\n<p>Le mardi 20 mai, de 16h \u00e0 20h<\/p>\n<p>            o\u00f9 ?<\/p>\n<p>Palais de la Musique et des Congr\u00e8s, Salle Madrid<\/p>\n<p>Place de Bordeaux, Strasbourg<\/p>\n<p>                Plus d&rsquo;infos ?<\/p>\n<p><a href=\"https:\/\/www.360grandest.fr\/fr\/content\/job-open-night\" target=\"_blank\" rel=\"noopener nofollow\">Inscription (gratuite et obligatoire)<\/a><\/p>\n<p><a href=\"https:\/\/jenesuispasuncv.fr\/jobboard-job-open-night\/\" target=\"_blank\" rel=\"noopener nofollow\">Liste des offres<\/a><\/p>\n<p><a href=\"https:\/\/www.360grandest.fr\/fr\/content\/job-open-night?utm_source=Pokaa+marketing+digital&amp;utm_medium=Pokaa+marketing+digital&amp;utm_campaign=Pokaa+marketing+digital&amp;utm_id=Pokaa+marketing+digital&amp;utm_term=Pokaa+marketing+digital\" target=\"_blank\" rel=\"noopener nofollow\">Programme et d\u00e9tails<\/a><\/p>\n<p>    <img width=\"800\" height=\"533\" src=\"https:\/\/www.europesays.com\/fr\/wp-content\/uploads\/2025\/05\/job-night-dating-christophe-jung-why-vision-2-800x533.jpg\" class=\"attachment-image-size-L size-image-size-L\" alt=\"Job Night Dating \u2013 Christophe Jung Why Vision (2)\" decoding=\"async\" loading=\"lazy\"  \/>         Job Night Dating 2024. \u00a9  Christophe Jung Why Vision \/ Document remis <\/p>\n","protected":false},"excerpt":{"rendered":"Accueil \/ Strasbourg \/ Demain \u00e0 Strasbourg, un \u00ab job dating \u00bb propose de vous embaucher sans ramener&hellip;\n","protected":false},"author":2,"featured_media":110531,"comment_status":"","ping_status":"","sticky":false,"template":"","format":"standard","meta":{"footnotes":""},"categories":[2820],"tags":[22911,1111,11,341,1777,674,1011,27,775,5113,12,25,640],"class_list":{"0":"post-110530","1":"post","2":"type-post","3":"status-publish","4":"format-standard","5":"has-post-thumbnail","7":"category-strasbourg","8":"tag-360-grand-est","9":"tag-actu","10":"tag-actualites","11":"tag-emploi","12":"tag-eu","13":"tag-europe","14":"tag-fr","15":"tag-france","16":"tag-grand-est","17":"tag-job-dating","18":"tag-news","19":"tag-republique-francaise","20":"tag-strasbourg"},"share_on_mastodon":{"url":"https:\/\/pubeurope.com\/@fr\/114531655257995020","error":""},"_links":{"self":[{"href":"https:\/\/www.europesays.com\/fr\/wp-json\/wp\/v2\/posts\/110530","targetHints":{"allow":["GET"]}}],"collection":[{"href":"https:\/\/www.europesays.com\/fr\/wp-json\/wp\/v2\/posts"}],"about":[{"href":"https:\/\/www.europesays.com\/fr\/wp-json\/wp\/v2\/types\/post"}],"author":[{"embeddable":true,"href":"https:\/\/www.europesays.com\/fr\/wp-json\/wp\/v2\/users\/2"}],"replies":[{"embeddable":true,"href":"https:\/\/www.europesays.com\/fr\/wp-json\/wp\/v2\/comments?post=110530"}],"version-history":[{"count":0,"href":"https:\/\/www.europesays.com\/fr\/wp-json\/wp\/v2\/posts\/110530\/revisions"}],"wp:featuredmedia":[{"embeddable":true,"href":"https:\/\/www.europesays.com\/fr\/wp-json\/wp\/v2\/media\/110531"}],"wp:attachment":[{"href":"https:\/\/www.europesays.com\/fr\/wp-json\/wp\/v2\/media?parent=110530"}],"wp:term":[{"taxonomy":"category","embeddable":true,"href":"https:\/\/www.europesays.com\/fr\/wp-json\/wp\/v2\/categories?post=110530"},{"taxonomy":"post_tag","embeddable":true,"href":"https:\/\/www.europesays.com\/fr\/wp-json\/wp\/v2\/tags?post=110530"}],"curies":[{"name":"wp","href":"https:\/\/api.w.org\/{rel}","templated":true}]}}