{"id":110532,"date":"2025-05-19T00:25:25","date_gmt":"2025-05-19T00:25:25","guid":{"rendered":"https:\/\/www.europesays.com\/fr\/110532\/"},"modified":"2025-05-19T00:25:25","modified_gmt":"2025-05-19T00:25:25","slug":"des-perturbations-sur-les-routes-entre-metz-et-strasbourg","status":"publish","type":"post","link":"https:\/\/www.europesays.com\/fr\/110532\/","title":{"rendered":"des perturbations sur les routes entre Metz et Strasbourg ?"},"content":{"rendered":"<p>La col\u00e8re de forains contre la ville de Strasbourg pourrait avoir des r\u00e9percussions&#8230; sur le trafic entre Metz et la capitale de l&rsquo;Alsace, ce lundi<strong>.\u00a0 <br \/><\/strong><\/p>\n<p>Actuellement install\u00e9s \u00e0 Metz pour la Foire de Mai, 70 camions de forains vont en effet prendre la route vers 5 h du matin pour gagner Strasbourg via l\u2019A4 et la M35 (ex-A35). Avec une id\u00e9e en t\u00eate : manifester contre l\u2019annulation de la foire Saint-Jean pour deux saisons suppl\u00e9mentaires.<\/p>\n<p>\u00ab La mairie [de Strasbourg] nous prend pour des imb\u00e9ciles \u00bb, juge \u00c9ric Cic\u00e9ron, forain et pr\u00e9sident de l&rsquo;Union d\u00e9fense active foraine (Udaf) qui consid\u00e8re que les emplacements propos\u00e9s par cette derni\u00e8re pour la f\u00eate \u00e9taient soit trop petits, soit mal am\u00e9nag\u00e9s.<\/p>\n<p>Op\u00e9ration escargot \u00a0?<\/p>\n<p>Si les forains ont pr\u00e9vus de se faire entendre devant le conseil municipal de Strasbourg (pr\u00e9vu \u00e0 10h), on ne sait pas pour le moment s\u2019il y aura ou non d&rsquo;op\u00e9ration escargot sur l&rsquo;autoroute, mais des difficult\u00e9s sont sans doute \u00e0 pr\u00e9voir.<\/p>\n<p class=\"note\"><a href=\"https:\/\/www.dna.fr\/faits-divers-justice\/2025\/05\/18\/les-forains-manifestent-lundi-pour-defendre-la-foire-saint-jean-voici-a-quoi-s-attendre\" target=\"_blank\" rel=\"noopener\">Lire l&rsquo;article complet sur le site de nos confr\u00e8res des DNA<\/a><\/p>\n","protected":false},"excerpt":{"rendered":"La col\u00e8re de forains contre la ville de Strasbourg pourrait avoir des r\u00e9percussions&#8230; sur le trafic entre Metz&hellip;\n","protected":false},"author":2,"featured_media":110533,"comment_status":"","ping_status":"","sticky":false,"template":"","format":"standard","meta":{"footnotes":""},"categories":[2820],"tags":[1111,11,5598,1777,674,107,1011,27,775,6212,5599,12,3456,25,104,640,2803],"class_list":{"0":"post-110532","1":"post","2":"type-post","3":"status-publish","4":"format-standard","5":"has-post-thumbnail","7":"category-strasbourg","8":"tag-actu","9":"tag-actualites","10":"tag-edition-metz-et-agglomeration","11":"tag-eu","12":"tag-europe","13":"tag-fil-info","14":"tag-fr","15":"tag-france","16":"tag-grand-est","17":"tag-metz","18":"tag-moselle","19":"tag-news","20":"tag-region-lorraine","21":"tag-republique-francaise","22":"tag-societe","23":"tag-strasbourg","24":"tag-transport"},"share_on_mastodon":{"url":"https:\/\/pubeurope.com\/@fr\/114531658889770342","error":""},"_links":{"self":[{"href":"https:\/\/www.europesays.com\/fr\/wp-json\/wp\/v2\/posts\/110532","targetHints":{"allow":["GET"]}}],"collection":[{"href":"https:\/\/www.europesays.com\/fr\/wp-json\/wp\/v2\/posts"}],"about":[{"href":"https:\/\/www.europesays.com\/fr\/wp-json\/wp\/v2\/types\/post"}],"author":[{"embeddable":true,"href":"https:\/\/www.europesays.com\/fr\/wp-json\/wp\/v2\/users\/2"}],"replies":[{"embeddable":true,"href":"https:\/\/www.europesays.com\/fr\/wp-json\/wp\/v2\/comments?post=110532"}],"version-history":[{"count":0,"href":"https:\/\/www.europesays.com\/fr\/wp-json\/wp\/v2\/posts\/110532\/revisions"}],"wp:featuredmedia":[{"embeddable":true,"href":"https:\/\/www.europesays.com\/fr\/wp-json\/wp\/v2\/media\/110533"}],"wp:attachment":[{"href":"https:\/\/www.europesays.com\/fr\/wp-json\/wp\/v2\/media?parent=110532"}],"wp:term":[{"taxonomy":"category","embeddable":true,"href":"https:\/\/www.europesays.com\/fr\/wp-json\/wp\/v2\/categories?post=110532"},{"taxonomy":"post_tag","embeddable":true,"href":"https:\/\/www.europesays.com\/fr\/wp-json\/wp\/v2\/tags?post=110532"}],"curies":[{"name":"wp","href":"https:\/\/api.w.org\/{rel}","templated":true}]}}