{"id":1105464,"date":"2026-08-03T15:44:14","date_gmt":"2026-08-03T15:44:14","guid":{"rendered":"https:\/\/www.europesays.com\/fr\/1105464\/"},"modified":"2026-08-03T15:44:14","modified_gmt":"2026-08-03T15:44:14","slug":"fille-de-jamel-debbouze-a-seulement-14-ans-lila-caresse-deja-le-reve-de-devenir-louane","status":"publish","type":"post","link":"https:\/\/www.europesays.com\/fr\/1105464\/","title":{"rendered":"Fille de Jamel Debbouze, \u00e0 seulement 14 ans, Lila caresse d\u00e9j\u00e0 le r\u00eave \u00ab\u00a0de devenir Louane\u00a0\u00bb"},"content":{"rendered":"<p>Il suffit de le voir pour avoir le sourire. V\u00e9ritable<br \/>\ntouche-\u00e0-tout de g\u00e9nie, Jamel Debbouze a su passer avec la m\u00eame<br \/>\naisance du micro de stand-up aux plateaux de tournage, en passant<br \/>\npar les coulisses de la production. Si la sc\u00e8ne l&rsquo;a r\u00e9v\u00e9l\u00e9, le<br \/>\ngrand \u00e9cran l&rsquo;a propuls\u00e9 au rang d&rsquo;ic\u00f4ne populaire. Comment oublier<br \/>\nson grain de sel dans Le Fabuleux Destin d\u2019Am\u00e9lie Poulain.<br \/>\nOu encore sa performance culte dans Ast\u00e9rix &amp; Ob\u00e9lix : Mission<br \/>\nCl\u00e9op\u00e2tre et son r\u00f4le chez Luc Besson dans Angel-A.<br \/>\nToujours en mouvement, l&rsquo;artiste continue de jongler entre cr\u00e9ation<br \/>\nde spectacles, cin\u00e9ma et d\u00e9nichage de nouveaux talents. Mais si<br \/>\nprofessionnellement tout roule pour le com\u00e9dien, c\u2019est \u00e9galement le<br \/>\ncas du c\u00f4t\u00e9 priv\u00e9.<\/p>\n<p>Un p\u00e8re de famille combl\u00e9<\/p>\n<p>Depuis de nombreuses ann\u00e9es, Jamel Debbouze file le parfait<br \/>\namour dans les bras de sa partenaire. Une magnifique relation qui a<br \/>\ncommenc\u00e9 sous le soleil espagnol en 2007. Et depuis leur rencontre,<br \/>\nles tourtereaux ne se sont plus jamais quitt\u00e9s. Alors engag\u00e9s<br \/>\nchacun de leur c\u00f4t\u00e9, la journaliste et l&rsquo;humoriste capitulent face<br \/>\n\u00e0 l&rsquo;\u00e9vidence. En effet, une alchimie imm\u00e9diate les pousse \u00e0 tourner<br \/>\nla page de leur pass\u00e9 pour s&rsquo;offrir un nouveau d\u00e9part.<\/p>\n<p>Un an plus tard, en mai 2008, ils se disent \u201coui\u201d dans le cadre<br \/>\nverdoyant de Cernay-la-Ville, dans les Yvelines. Ins\u00e9parable, le<br \/>\ncouple concr\u00e9tise tr\u00e8s vite ce bonheur partag\u00e9 en fondant son clan<br \/>\n: le petit L\u00e9on voit le jour en d\u00e9cembre 2008, suivi de pr\u00e8s par la<br \/>\nvenue de Lila, qui compl\u00e8te le tableau familial en septembre 2011.<br \/>\nBien que tr\u00e8s discret concernant sa vie priv\u00e9e, <a href=\"https:\/\/www.melty.fr\/people\/ils-les-cherchent-partout-jamel-debbouze-leve-le-voile-sur-sa-methode-pour-eloigner-ses-enfants-des-ecrans-2294766.html\" rel=\"nofollow noopener\" target=\"_blank\"><br \/>\nJamel Debbouze ne manque aucune occasion de s&rsquo;exprimer sur sa<br \/>\nfamille<\/a>. Comme c\u2019\u00e9tait le cas lors de son passage dans<br \/>\nl\u2019\u00e9mission Le mag de l\u2019\u00e9t\u00e9.<\/p>\n<p>Jamel Debbouze sans d\u00e9tour sur ses enfants<\/p>\n<p>Lors de son entretien sur France Inter, Jamel Debbouze n\u2019a pas<br \/>\nh\u00e9sit\u00e9 \u00e0 revenir sur son nouveau film d\u2019animation La Fille dans les<br \/>\nnuages de Philippe Riche. Aux c\u00f4t\u00e9s de Louane, ce dernier a fait la<br \/>\npromotion du long-m\u00e9trage en salles depuis le 22 juillet dernier.<br \/>\nPar la suite, la chanteuse a \u00e9voqu\u00e9 un sujet plus personnel,<br \/>\nl\u2019avenir de sa fille. En effet, Louane n\u2019a pas cach\u00e9 son inqui\u00e9tude<br \/>\n\u00e0 l\u2019id\u00e9e que sa fille Esm\u00e9e d\u00e9cide de devenir comme elle,<br \/>\n\u201cactrice et chanteuse\u201d.<\/p>\n<p>Un sentiment que n\u2019a pas <a href=\"https:\/\/www.melty.fr\/people\/javais-honte-jamel-debbouze-se-confie-sur-ce-secret-intime-quil-nosait-pas-montrer-a-sa-femme-melissa-theuriau-2335231.html\" rel=\"nofollow noopener\" target=\"_blank\"><br \/>\nle com\u00e9dien qui a \u00e9voqu\u00e9 un complexe qu&rsquo;il n&rsquo;osait pas montrer \u00e0 sa<br \/>\nfemme<\/a>. Ce dernier a avou\u00e9 avoir trouv\u00e9 \u201c<strong>un super<br \/>\ncompromis \u201d<\/strong> avec sa femme. D\u2019apr\u00e8s le quinquag\u00e9naire,<br \/>\nses enfants ont choisi \u201cdes m\u00e9tiers assez compliqu\u00e9s \u00e0 aller<br \/>\nchercher\u201d. En effet, Lila, 13 ans et L\u00e9on, 18 ans, sont<br \/>\nscolaris\u00e9s \u201c<strong>dans une \u00e9cole d\u2019artistes<\/strong>\u201d.<br \/>\nIl s\u2019agit de l\u2019\u00e9cole Rognoni, situ\u00e9e dans le V\u1d49 arrondissement de<br \/>\nParis. Cet \u00e9tablissement propose un cadre paisible et id\u00e9al pour<br \/>\nles \u00e9l\u00e8ves passionn\u00e9s par une activit\u00e9 artistique.<\/p>\n<p>\u201cOn les accompagne\u201d<\/p>\n<p>Lors de cette interview, Jamel Debbouze s\u2019est confi\u00e9 en toute<br \/>\nfranchise. \u201c<strong>Ma fille, elle veut \u00eatre Louane dans la<br \/>\nvie, com\u00e9die-musicaleuse, chanter, danser.<\/strong> Mon fils, il a<br \/>\nd\u00e9cid\u00e9 de faire du foot\u201d, a r\u00e9v\u00e9l\u00e9 l&rsquo;humoriste \u00e0 la<br \/>\njournaliste Anna Sigalevitch. D\u2019ailleurs, le fils de l\u2019humoriste a<br \/>\nint\u00e9gr\u00e9 les U16 de l\u2019association du PSG. Pendant ce temps, la<br \/>\npetite Lila a fait ses premiers pas sur sc\u00e8ne dans la com\u00e9die<br \/>\nmusicale Holidays.<\/p>\n<p>Un parcours que Jamel Debbouze et sa femme suivent<br \/>\nattentivement. \u201c<strong>On les accompagne l\u00e0 et pour autant, il<br \/>\ny a un cadre scolaire o\u00f9 on n&rsquo;a pas envie de d\u00e9roger<\/strong>, mais<br \/>\nsurtout cette libert\u00e9\u201d, a-t-il d\u00e9clar\u00e9. Avant de demander au<br \/>\npublic d\u2019encourager cet \u00e9tablissement qui fait du bien \u00e0 beaucoup<br \/>\nd\u2019enfants. \u201cBeaucoup sortent de l\u00e0 \u00e9panouis car on leur permet<br \/>\nde r\u00eaver.\u201d<\/p>\n","protected":false},"excerpt":{"rendered":"Il suffit de le voir pour avoir le sourire. V\u00e9ritable touche-\u00e0-tout de g\u00e9nie, Jamel Debbouze a su passer&hellip;\n","protected":false},"author":2,"featured_media":1105465,"comment_status":"","ping_status":"","sticky":false,"template":"","format":"standard","meta":{"footnotes":"","_share_on_mastodon":"0"},"categories":[1359],"tags":[58,59,1011,27,8585,4501,973,65861],"class_list":["post-1105464","post","type-post","status-publish","format-standard","has-post-thumbnail","category-people","tag-divertissement","tag-entertainment","tag-fr","tag-france","tag-jamel-debbouze","tag-louane","tag-people","tag-trend"],"share_on_mastodon":{"url":"https:\/\/pubeurope.com\/@fr\/117032351563060194","error":""},"_links":{"self":[{"href":"https:\/\/www.europesays.com\/fr\/wp-json\/wp\/v2\/posts\/1105464","targetHints":{"allow":["GET"]}}],"collection":[{"href":"https:\/\/www.europesays.com\/fr\/wp-json\/wp\/v2\/posts"}],"about":[{"href":"https:\/\/www.europesays.com\/fr\/wp-json\/wp\/v2\/types\/post"}],"author":[{"embeddable":true,"href":"https:\/\/www.europesays.com\/fr\/wp-json\/wp\/v2\/users\/2"}],"replies":[{"embeddable":true,"href":"https:\/\/www.europesays.com\/fr\/wp-json\/wp\/v2\/comments?post=1105464"}],"version-history":[{"count":0,"href":"https:\/\/www.europesays.com\/fr\/wp-json\/wp\/v2\/posts\/1105464\/revisions"}],"wp:featuredmedia":[{"embeddable":true,"href":"https:\/\/www.europesays.com\/fr\/wp-json\/wp\/v2\/media\/1105465"}],"wp:attachment":[{"href":"https:\/\/www.europesays.com\/fr\/wp-json\/wp\/v2\/media?parent=1105464"}],"wp:term":[{"taxonomy":"category","embeddable":true,"href":"https:\/\/www.europesays.com\/fr\/wp-json\/wp\/v2\/categories?post=1105464"},{"taxonomy":"post_tag","embeddable":true,"href":"https:\/\/www.europesays.com\/fr\/wp-json\/wp\/v2\/tags?post=1105464"}],"curies":[{"name":"wp","href":"https:\/\/api.w.org\/{rel}","templated":true}]}}