{"id":1105514,"date":"2026-08-03T16:13:14","date_gmt":"2026-08-03T16:13:14","guid":{"rendered":"https:\/\/www.europesays.com\/fr\/1105514\/"},"modified":"2026-08-03T16:13:14","modified_gmt":"2026-08-03T16:13:14","slug":"deborah-annule-son-mariage-mais-maintient-son-evjf-insolite-dans-les-rues-de-strasbourg-la-video-cartonne-sur-instagram","status":"publish","type":"post","link":"https:\/\/www.europesays.com\/fr\/1105514\/","title":{"rendered":"D\u00e9borah annule son mariage mais maintient son EVJF insolite dans les rues de Strasbourg, la vid\u00e9o cartonne sur Instagram"},"content":{"rendered":"<p>                    Par<br \/>\n        <strong><br \/>\n            <a href=\"https:\/\/actu.fr\/auteur\/thomas-blanc\" title=\"Consulter tous les articles de Thomas Blanc\" rel=\"nofollow noopener\" target=\"_blank\">Thomas Blanc<\/a><br \/>\n                    <\/strong><\/p>\n<p>        Publi\u00e9 le<\/p>\n<p>            3 ao\u00fbt 2026 \u00e0 17h40        <\/p>\n<p>La sc\u00e8ne n\u2019est pas pass\u00e9e inaper\u00e7ue dans les rues de <a href=\"https:\/\/actu.fr\/strasbourg\/\" rel=\"nofollow noopener\" target=\"_blank\">Strasbourg<\/a>. Le samedi 1er\u00a0ao\u00fbt, une femme <strong>en robe de mari\u00e9e<\/strong> a d\u00e9ambul\u00e9 dans le centre-ville avec une pancarte affichant un message sans \u00e9quivoque\u2009: \u00ab<strong>\u2009Mariage annul\u00e9, les copains avant les connards<\/strong>\u2009\u00bb. Film\u00e9e par ses amies puis publi\u00e9e sur Instagram et TikTok, la vid\u00e9o <strong>est rapidement devenue virale<\/strong>. En moins de 24\u00a0heures, elle a d\u00e9pass\u00e9 les 1,1\u00a0million de vues sur <a href=\"https:\/\/actu.fr\/tag\/instagram\" rel=\"nofollow noopener\" target=\"_blank\">Instagram<\/a>.<\/p>\n<p class=\" wall-content\">Derri\u00e8re cette s\u00e9quence se cache une Strasbourgeoise, D\u00e9borah, qui f\u00eatera ses 44\u00a0ans ce mois-ci. Surprise, la m\u00e8re de trois enfants assure \u00e0 Actu Strasbourg ne jamais avoir imagin\u00e9 un tel engouement. \u00ab\u2009\u00c7a n\u2019avait pas pour but de faire le buzz. Mon amie Marina fait \u00e7a pour garder des souvenirs. Elle voulait faire un super r\u00e9el pour l\u2019envoyer aux copains\u2009!\u2009\u00bb, raconte-t-elle. Elle nous a d\u00e9voil\u00e9<strong> les dessous de l\u2019histoire<\/strong>.<\/p>\n<p>Un mariage annul\u00e9 \u00e0 quelques mois de l\u2019\u00e9v\u00e9nement \u00e0 l\u2019origine de la vid\u00e9o<\/p>\n<p class=\" wall-content\">Car Deborah <strong>devait initialement se marier<\/strong> ce samedi 8\u00a0ao\u00fbt 2026. \u00ab\u2009La salle \u00e9tait r\u00e9serv\u00e9e, les gens \u00e9taient invit\u00e9s\u2026 Mais en mars dernier, j\u2019ai eu une grosse remise en question\u2009\u00bb, explique-t-elle. Au final,<strong> le couple se s\u00e9pare<\/strong>, \u00e0 quelques mois de l\u2019\u00e9v\u00e9nement.<\/p>\n<p class=\" wall-content\"><a href=\"https:\/\/www.instagram.com\/p\/DbiaA1YoPRs\/embed\" title=\"Ouvrir le lien sur Instagram\" rel=\"nofollow noopener\" target=\"_blank\">Visualiser le contenu sur Instagram<\/a><\/p>\n<p>\u00abPour les id\u00e9es de merde, n\u2019h\u00e9sitez pas \u00e0 m\u2019appeler\u2009\u00bb<\/p>\n<p class=\" wall-content\">Mais pas question <strong>d\u2019abandonner l\u2019enterrement de vie de jeune fille<\/strong>, pr\u00e9vu pour le 1er\u00a0ao\u00fbt. D\u00e9borah, qui exerce le m\u00e9tier d\u2019aide soignante au <a href=\"https:\/\/actu.fr\/tag\/hopital-de-hautepierre\" rel=\"nofollow noopener\" target=\"_blank\">CHU de Hautepierre<\/a> ne devait initialement pas se rendre \u00e0 cette f\u00eate avec sa robe de mari\u00e9e mais son temp\u00e9rament a repris le dessus. \u00ab\u2009Je suis quelqu\u2019un de dynamique, <strong>assez spontan\u00e9e<\/strong>. Pour les id\u00e9es de merde, n\u2019h\u00e9sitez pas \u00e0 m\u2019appeler\u2009\u00bb, plaisante-t-elle.<\/p>\n<p class=\" wall-content\">C\u2019est finalement elle qui lance l\u2019id\u00e9e\u2009: \u00ab\u2009J\u2019ai dit aux copains\u2009: \u2018Et si je mettais la robe<strong> pour d\u00e9finitivement enterrer \u00e7a<\/strong>\u2009?\u2019\u00bb<\/p>\n<p class=\" wall-content\">Celle qui habite dans le quartier de la gare enfile alors sa tenue pr\u00e9vue pour le jour J et traverse une grande partie du centre-ville pour rejoindre ses amis avant <strong>de d\u00e9ambuler avec eux dans les rues<\/strong>. La pancarte, imagin\u00e9e par ses soins, attire les regards et les r\u00e9actions.<\/p>\n<p>Des passants tr\u00e8s bienveillants<\/p>\n<p class=\" wall-content\">\u00ab\u2009Chacun de mes amis a \u00e9crit son mot sur la robe, des inconnus l\u2019ont fait aussi. Une femme a \u00e9crit dessus \u00e0 la terrasse de La Corde \u00e0 Linge (\u00e9tablissement embl\u00e9matique du quartier de la Petite France, ndlr)\u2009\u00bb, sourit-elle.<\/p>\n<p class=\" wall-content\">\u00ab\u2009Les gens \u00e9taient tr\u00e8s bienveillants et amus\u00e9s et me demandaient de leur raconter l\u2019histoire mais je ne pouvais pas la faire en entier \u00e0 chaque fois\u2009\u00bb, insiste celle qui s\u2019est retrouv\u00e9e malgr\u00e9 elle <strong>star d\u2019un jour<\/strong> des r\u00e9seaux sociaux.<\/p>\n<p class=\" wall-content\">Personnalisez votre actualit\u00e9 en ajoutant vos villes et m\u00e9dias en favori avec <a href=\"https:\/\/moncompte.actu.fr\" title=\"D\u00e9couvez Mon Actu\" rel=\"nofollow noopener\" data-trk=\"{&quot;cta&quot;:{&quot;action&quot;:&quot;https:\\\/\\\/moncompte.actu.fr&quot;,&quot;category&quot;:&quot;mon compte&quot;,&quot;from&quot;:&quot;article footer&quot;,&quot;name&quot;:&quot;Mon actu&quot;,&quot;type&quot;:&quot;cta&quot;}}\" target=\"_blank\">Mon Actu<\/a>.<\/p>\n<p>                    <script async src=\"\/\/www.instagram.com\/embed.js\"><\/script><\/p>\n","protected":false},"excerpt":{"rendered":"Par Thomas Blanc Publi\u00e9 le 3 ao\u00fbt 2026 \u00e0 17h40 La sc\u00e8ne n\u2019est pas pass\u00e9e inaper\u00e7ue dans les&hellip;\n","protected":false},"author":2,"featured_media":1105515,"comment_status":"","ping_status":"","sticky":false,"template":"","format":"standard","meta":{"footnotes":"","_share_on_mastodon":"0"},"categories":[2820],"tags":[1111,11,1777,674,1011,27,775,1757,2440,1930,12,25,640,2439],"class_list":["post-1105514","post","type-post","status-publish","format-standard","has-post-thumbnail","category-strasbourg","tag-actu","tag-actualites","tag-eu","tag-europe","tag-fr","tag-france","tag-grand-est","tag-insolite","tag-instagram","tag-mariage","tag-news","tag-republique-francaise","tag-strasbourg","tag-tiktok"],"share_on_mastodon":{"url":"https:\/\/pubeurope.com\/@fr\/117032465568583465","error":""},"_links":{"self":[{"href":"https:\/\/www.europesays.com\/fr\/wp-json\/wp\/v2\/posts\/1105514","targetHints":{"allow":["GET"]}}],"collection":[{"href":"https:\/\/www.europesays.com\/fr\/wp-json\/wp\/v2\/posts"}],"about":[{"href":"https:\/\/www.europesays.com\/fr\/wp-json\/wp\/v2\/types\/post"}],"author":[{"embeddable":true,"href":"https:\/\/www.europesays.com\/fr\/wp-json\/wp\/v2\/users\/2"}],"replies":[{"embeddable":true,"href":"https:\/\/www.europesays.com\/fr\/wp-json\/wp\/v2\/comments?post=1105514"}],"version-history":[{"count":0,"href":"https:\/\/www.europesays.com\/fr\/wp-json\/wp\/v2\/posts\/1105514\/revisions"}],"wp:featuredmedia":[{"embeddable":true,"href":"https:\/\/www.europesays.com\/fr\/wp-json\/wp\/v2\/media\/1105515"}],"wp:attachment":[{"href":"https:\/\/www.europesays.com\/fr\/wp-json\/wp\/v2\/media?parent=1105514"}],"wp:term":[{"taxonomy":"category","embeddable":true,"href":"https:\/\/www.europesays.com\/fr\/wp-json\/wp\/v2\/categories?post=1105514"},{"taxonomy":"post_tag","embeddable":true,"href":"https:\/\/www.europesays.com\/fr\/wp-json\/wp\/v2\/tags?post=1105514"}],"curies":[{"name":"wp","href":"https:\/\/api.w.org\/{rel}","templated":true}]}}