{"id":110555,"date":"2025-05-19T00:38:14","date_gmt":"2025-05-19T00:38:14","guid":{"rendered":"https:\/\/www.europesays.com\/fr\/110555\/"},"modified":"2025-05-19T00:38:14","modified_gmt":"2025-05-19T00:38:14","slug":"la-justice-une-question-dindependance","status":"publish","type":"post","link":"https:\/\/www.europesays.com\/fr\/110555\/","title":{"rendered":"La justice\u00a0:\u00a0une question d&rsquo;ind\u00e9pendance\u00a0"},"content":{"rendered":"<p>Lorsque \u00c9ric Dupond-Moretti est nomm\u00e9 garde des Sceaux en 2020, Fran\u00e7ois Saint-Pierre\u00a0est\u00a0rest\u00e9\u00a0stup\u00e9fait. \u00ab\u00a0Il avait son profil, sa personnalit\u00e9, sa mani\u00e8re de faire que je n\u2019appr\u00e9ciais pas, mais c\u2019\u00e9tait sa libert\u00e9. Voici un avocat tonitruant, souvent brutal, assez grossier, mais c\u2019est le barreau&#8230; Ministre, c\u2019est hors de question.\u00a0J&rsquo;ai \u00e9t\u00e9 sid\u00e9r\u00e9, comme de tr\u00e8s nombreux avocats et magistrats. Moi, je le connaissais depuis tr\u00e8s longtemps et je savais qu&rsquo;il y avait une erreur de casting.\u00a0\u00bb <\/p>\n<p>Tr\u00e8s vite, les\u00a0conflits\u00a0d&rsquo;int\u00e9r\u00eats qu&rsquo;il redoutait se mat\u00e9rialisent : le ministre engage des enqu\u00eates disciplinaires contre des magistrats du Parquet national financier (PNF)\u00a0notamment Patrice Amar\u00a0et contre le juge d&rsquo;instruction mon\u00e9gasque \u00c9douard Levrault. Deux figures que ma\u00eetre Saint-Pierre\u00a0a\u00a0d\u00e9fendues\u00a0aux c\u00f4t\u00e9s de Marie\u00a0Lh\u00e9ritier.\u00a0<\/p>\n<p>\u00ab\u00a0Nous avons donc subi ces enqu\u00eates administratives devant l\u2019inspection g\u00e9n\u00e9rale de la justice qui est extr\u00eamement rigoureuse, contrairement \u00e0 ce qu\u2019on pourrait croire,\u00a0puis deux proc\u00e8s devant le Conseil sup\u00e9rieur de la magistrature.\u00a0C&rsquo;\u00e9taient\u00a0des proc\u00e8s \u00e0 risque, car ces magistrats risquaient leur carri\u00e8re\u00a0\u00bb, explique l&rsquo;avocat lyonnais.\u00a0<\/p>\n<p>Dans ces proc\u00e8s, ma\u00eetre Saint-Pierre a souhait\u00e9 d\u00e9noncer non seulement \u00ab\u00a0le conflit d\u2019int\u00e9r\u00eat manifeste dans lequel se trouvait Dupont-Moretti\u00a0mais plus encore, la volont\u00e9 malveillante de repr\u00e9sailles de ce dernier contre ces magistrats.\u00a0\u00bb<\/p>\n<p>Il souligne\u00a0:\u00a0\u00ab\u00a0Comprenons bien que derri\u00e8re ces poursuites disciplinaires se jouait la question de l\u2019ind\u00e9pendance de la justice, de l\u2019immixtion du pouvoir politique pour d\u00e9stabiliser notamment le PNF \u00e0 la veille du proc\u00e8s de Nicolas Sarkozy, ou le juge d\u2019instruction de Monaco \u00e0 la veille de la mise en cause du Prince Albert pour un dossier de corruption.\u00a0\u00bb<\/p>\n<p>Finalement,\u00a0les\u00a0deux magistrats\u00a0sont relax\u00e9s.\u00a0\u00a0<\/p>\n<p><strong>\u00ab\u00a0La faute des politiques\u00a0\u00bb<\/strong><\/p>\n<p>Mais l&rsquo;affaire ne s&rsquo;arr\u00eate pas l\u00e0. C&rsquo;est au tour de l\u2019ancien\u00a0ministre de la Justice d&rsquo;\u00eatre mis en cause pour prise ill\u00e9gale d&rsquo;int\u00e9r\u00eats et de compara\u00eetre devant la Cour de justice de la R\u00e9publique en novembre 2023.\u00a0Une des particularit\u00e9s de cette juridiction est qu\u2019il n\u2019y a pas de partie civile.\u00a0<\/p>\n<p>fran\u00e7ois Saint-Pierre assiste\u00a0tout\u00a0m\u00eame\u00a0au proc\u00e8s\u00a0avec ses clients, mais\u00a0en\u00a0tant que t\u00e9moins. \u00ab\u00a0Nous \u00e9tions\u00a0\u00e0 deux m\u00e8tres d\u2019Eric Dupond-Moretti. Il \u00e9tait furieux de nous voir.\u00a0\u00bb L&rsquo;ancien ministre est\u00a0lui-aussi\u00a0relax\u00e9, mais Fran\u00e7ois Saint-Pierre d\u00e9nonce un \u00ab\u00a0deal politique\u00a0\u00bb. Il ajoute : \u00ab\u00a0La Cour de justice de la R\u00e9publique s&rsquo;est discr\u00e9dit\u00e9e \u00e0 jamais.\u00a0\u00bb<\/p>\n<p>Pour l&rsquo;avocat lyonnais, cette affaire est r\u00e9v\u00e9latrice d&rsquo;un enjeu plus large : \u00ab\u00a0Nous avons un r\u00e9el probl\u00e8me d&rsquo;ind\u00e9pendance de la justice, ce n&rsquo;est pas la faute des magistrats, mais celle des politiques.\u00a0\u00bb Il estime que le ministre de la Justice devrait \u00eatre soumis \u00e0 un statut constitutionnel garantissant son impartialit\u00e9. Un point qu&rsquo;il abordera dans un programme politique de r\u00e9forme de la justice qu&rsquo;il pr\u00e9sentera ce printemps.\u00a0<\/p>\n<p>Interrog\u00e9 sur l&rsquo;impunit\u00e9 suppos\u00e9e des magistrats, me Saint-Pierre nuance : \u00ab\u00a0Depuis quinze ans, n&rsquo;importe quel citoyen peut d\u00e9poser plainte contre un magistrat devant le Conseil sup\u00e9rieur de la magistrature. Il existe un v\u00e9ritable processus de responsabilisation.\u00a0\u00bb Il cite notamment le cas de l&rsquo;ancien procureur de Nanterre, Philippe\u00a0Courroye, qu&rsquo;il a lui-m\u00eame contribu\u00e9 \u00e0 faire juger.\u00a0<\/p>\n<p>Malgr\u00e9 ces avanc\u00e9es, des probl\u00e8mes majeurs persistent. Le p\u00e9naliste lyonnais pointe en particulier la lenteur des proc\u00e9dures et la surpopulation carc\u00e9rale : \u00ab\u00a0C&rsquo;est inadmissible !\u00a0\u00bb.\u00a0Son engagement ne faiblit pas : \u00ab\u00a0On sait d\u00e9fendre des causes justes, et c&rsquo;est ce qui est tr\u00e8s motivant dans la vie d&rsquo;un avocat : faire face au pouvoir politique.\u00a0\u00bb<\/p>\n<p><strong>A.AL<\/strong><\/p>\n","protected":false},"excerpt":{"rendered":"Lorsque \u00c9ric Dupond-Moretti est nomm\u00e9 garde des Sceaux en 2020, Fran\u00e7ois Saint-Pierre\u00a0est\u00a0rest\u00e9\u00a0stup\u00e9fait. \u00ab\u00a0Il avait son profil, sa personnalit\u00e9,&hellip;\n","protected":false},"author":2,"featured_media":110556,"comment_status":"","ping_status":"","sticky":false,"template":"","format":"standard","meta":{"footnotes":""},"categories":[1889],"tags":[1111,11,2813,2190,2430,1109,251,1112,2811,1777,674,118,1011,27,1922,1110,1114,2428,2810,12,241,316,25,2812,517,800],"class_list":{"0":"post-110555","1":"post","2":"type-post","3":"status-publish","4":"format-standard","5":"has-post-thumbnail","7":"category-lyon","8":"tag-actu","9":"tag-actualites","10":"tag-article","11":"tag-asvel","12":"tag-auvergne-rhone-alpes","13":"tag-breves","14":"tag-culture","15":"tag-depeches","16":"tag-economique","17":"tag-eu","18":"tag-europe","19":"tag-faits-divers","20":"tag-fr","21":"tag-france","22":"tag-info","23":"tag-informations","24":"tag-infos","25":"tag-lyon","26":"tag-lyonmag","27":"tag-news","28":"tag-ol","29":"tag-politique","30":"tag-republique-francaise","31":"tag-sociale","32":"tag-sport","33":"tag-transports"},"share_on_mastodon":{"url":"https:\/\/pubeurope.com\/@fr\/114531709962272327","error":""},"_links":{"self":[{"href":"https:\/\/www.europesays.com\/fr\/wp-json\/wp\/v2\/posts\/110555","targetHints":{"allow":["GET"]}}],"collection":[{"href":"https:\/\/www.europesays.com\/fr\/wp-json\/wp\/v2\/posts"}],"about":[{"href":"https:\/\/www.europesays.com\/fr\/wp-json\/wp\/v2\/types\/post"}],"author":[{"embeddable":true,"href":"https:\/\/www.europesays.com\/fr\/wp-json\/wp\/v2\/users\/2"}],"replies":[{"embeddable":true,"href":"https:\/\/www.europesays.com\/fr\/wp-json\/wp\/v2\/comments?post=110555"}],"version-history":[{"count":0,"href":"https:\/\/www.europesays.com\/fr\/wp-json\/wp\/v2\/posts\/110555\/revisions"}],"wp:featuredmedia":[{"embeddable":true,"href":"https:\/\/www.europesays.com\/fr\/wp-json\/wp\/v2\/media\/110556"}],"wp:attachment":[{"href":"https:\/\/www.europesays.com\/fr\/wp-json\/wp\/v2\/media?parent=110555"}],"wp:term":[{"taxonomy":"category","embeddable":true,"href":"https:\/\/www.europesays.com\/fr\/wp-json\/wp\/v2\/categories?post=110555"},{"taxonomy":"post_tag","embeddable":true,"href":"https:\/\/www.europesays.com\/fr\/wp-json\/wp\/v2\/tags?post=110555"}],"curies":[{"name":"wp","href":"https:\/\/api.w.org\/{rel}","templated":true}]}}