{"id":1105655,"date":"2026-08-03T17:36:16","date_gmt":"2026-08-03T17:36:16","guid":{"rendered":"https:\/\/www.europesays.com\/fr\/1105655\/"},"modified":"2026-08-03T17:36:16","modified_gmt":"2026-08-03T17:36:16","slug":"ca-interpelle-toujours-les-gens-sarretent-pourquoi-des-cris-de-cochons-ont-ils-resonne-sur-le-vieux-port","status":"publish","type":"post","link":"https:\/\/www.europesays.com\/fr\/1105655\/","title":{"rendered":"\u00ab\u00a0\u00c7a interpelle toujours, les gens s\u2019arr\u00eatent\u00a0\u00bb : pourquoi des cris de cochons ont-ils r\u00e9sonn\u00e9 sur le Vieux-Port\u00a0?"},"content":{"rendered":"<p>                    Par<br \/>\n        <strong><br \/>\n            <a href=\"https:\/\/actu.fr\/auteur\/ines-cussac-actu-fr\" title=\"Consulter tous les articles de In\u00e8s Cussac\" rel=\"nofollow noopener\" target=\"_blank\">In\u00e8s Cussac<\/a><br \/>\n                    <\/strong><\/p>\n<p>        Publi\u00e9 le<\/p>\n<p>            3 ao\u00fbt 2026 \u00e0 18h06        <\/p>\n<p>C\u2019est ce que l\u2019on appelle une op\u00e9ration coup de poing. Ou plut\u00f4t coup de groin. Ce lundi 3\u00a0ao\u00fbt 2026, un camion diffusant des cris de cochons enregistr\u00e9s dans un abattoir a surpris <a href=\"https:\/\/actu.fr\/provence-alpes-cote-d-azur\/marseille_13055\/record-apres-record-a-marseille-la-frequentation-de-ces-etablissements-est-a-son-maximum-du-jamais-vu_64401773.html\" rel=\"nofollow noopener\" target=\"_blank\">les Marseillais et les touristes<\/a> d\u00e9ambulant sur le <a href=\"https:\/\/actu.fr\/tag\/vieux-port\" rel=\"nofollow noopener\" target=\"_blank\">Vieux-Port<\/a>. Durant pr\u00e8s de deux heures, le camion de l\u2019association am\u00e9ricaine People for the Ethical Treatment of Animals (PETA) a roul\u00e9 dans les rues de la cit\u00e9 phoc\u00e9enne dans le cadre de sa tourn\u00e9e de sensibilisation baptis\u00e9e \u00ab\u2009l\u2019Enfer mobile\u2009\u00bb.<br \/>Avec des images de porcs entass\u00e9s dans un v\u00e9hicule en direction de l\u2019abattoir, <strong>l\u2019association veut marquer les esprits<\/strong> en parcourant plusieurs communes de France. \u00ab\u2009Nous passons dans les grandes villes comme Marseille mais aussi dans les plus petite o\u00f9 les sp\u00e9cialit\u00e9s culinaires sont \u00e0 base de porc\u2009\u00bb, indique Anissa Putois, porte-parole de PETA France.<\/p>\n<p class=\" wall-content\">Partis de Strasbourg, le poids lourd est descendu vers Morteau, o\u00f9 la saucisse a fait la renomm\u00e9e de la ville, avant d\u2019atteindre notamment Grenoble, Nice et Toulon. \u00ab\u2009On est aussi pass\u00e9 par Longcochon pour faire \u00e9cho au nom de cette commune\u2009\u00bb, pr\u00e9cise la responsable.<\/p>\n<p>\u00ab\u2009\u00c7a interpelle toujours\u2009\u00bb<\/p>\n<p class=\" wall-content\">Si le passage du camion PETA dans les rues se fait entendre, l\u2019organisation essaie aussi tant qu\u2019elle peut de couper le moteur afin <strong>d\u2019\u00e9changer avec le public<\/strong> et distribuer ses pamphlets. \u00ab\u2009\u00c7a interpelle toujours. Les gens s\u2019arr\u00eatent et font des photos\u2009\u00bb, t\u00e9moigne la militante antisp\u00e9ciste.<\/p>\n<p class=\" wall-content\">Mais \u00e0 Marseille, o\u00f9 <a href=\"https:\/\/actu.fr\/provence-alpes-cote-d-azur\/marseille_13055\/stationnement-a-marseille-voici-les-parkings-les-moins-chers-pour-se-garer-en-ville_64062371.html\" rel=\"nofollow noopener\" target=\"_blank\">le stationnement est un casse-t\u00eate<\/a> pour tous les conducteurs, il a \u00e9t\u00e9 plus compliqu\u00e9 de trouver un endroit o\u00f9 se garer. Ainsi, avant de se rendre sur le Vieux-Port, le camion a roul\u00e9 dans plusieurs quartiers du centre-ville avant de viser ce point strat\u00e9gique de la carte marseillaise.<\/p>\n<p>    <img   decoding=\"async\" loading=\"lazy\" src=\"https:\/\/www.europesays.com\/fr\/wp-content\/uploads\/2026\/08\/lenfer-mobile-marseille-peta2-960x640.jpeg\" alt=\"Le camion de l'association PETA a sillonn\u00e9 Marseille ce lundi 3 ao\u00fbt.\" width=\"960\" height=\"640\"\/><br \/>\n    Le camion de l\u2019association PETA a sillonn\u00e9 Marseille ce lundi 3\u00a0ao\u00fbt. (\u00a9PETA)Premi\u00e8re tourn\u00e9e d\u2019Europe<\/p>\n<p class=\" wall-content\">La tourn\u00e9e a commenc\u00e9 en juillet et se veut la premi\u00e8re europ\u00e9enne. L\u2019association a d\u00e9j\u00e0 men\u00e9 ce type d\u2019op\u00e9ration aux \u00c9tats-Unis et devrait \u00e9galement effectuer la man\u0153uvre en Allemagne et au Royaume-Uni.<\/p>\n<p class=\" wall-content\">\u00c0 travers cette op\u00e9ration, PETA veut alerter les riverains de \u00ab\u2009ce que vivent les cochons entre l\u2019\u00e9levage et l\u2019abattoir\u2009\u00bb afin de les inviter \u00e0 <strong>repenser leur alimentation<\/strong> et \u00ab\u2009ne plus contribuer aux voyages cauchemardesques vers la mort de millions d\u2019\u00eatres sensibles\u2009\u00bb.<\/p>\n<p class=\" wall-content\">Apr\u00e8s un petit tour par Avignon, puis N\u00eemes et Montpellier, le camion s\u2019arr\u00eatera aussi \u00e0 Clermont-Ferrand, derni\u00e8re \u00e9tape de ce singulier tour de France.<\/p>\n<p class=\" wall-content\">Personnalisez votre actualit\u00e9 en ajoutant vos villes et m\u00e9dias en favori avec <a href=\"https:\/\/moncompte.actu.fr\" title=\"D\u00e9couvez Mon Actu\" rel=\"nofollow noopener\" data-trk=\"{&quot;cta&quot;:{&quot;action&quot;:&quot;https:\\\/\\\/moncompte.actu.fr&quot;,&quot;category&quot;:&quot;mon compte&quot;,&quot;from&quot;:&quot;article footer&quot;,&quot;name&quot;:&quot;Mon actu&quot;,&quot;type&quot;:&quot;cta&quot;}}\" target=\"_blank\">Mon Actu<\/a>.<\/p>\n","protected":false},"excerpt":{"rendered":"Par In\u00e8s Cussac Publi\u00e9 le 3 ao\u00fbt 2026 \u00e0 18h06 C\u2019est ce que l\u2019on appelle une op\u00e9ration coup&hellip;\n","protected":false},"author":2,"featured_media":1105656,"comment_status":"","ping_status":"","sticky":false,"template":"","format":"standard","meta":{"footnotes":"","_share_on_mastodon":"0"},"categories":[2814],"tags":[1111,11,1777,674,1011,27,6795,884,12,882,25,104,1179],"class_list":["post-1105655","post","type-post","status-publish","format-standard","has-post-thumbnail","category-marseille","tag-actu","tag-actualites","tag-eu","tag-europe","tag-fr","tag-france","tag-maltraitance-animale","tag-marseille","tag-news","tag-provence-alpes-cote-dazur","tag-republique-francaise","tag-societe","tag-vieux-port"],"share_on_mastodon":{"url":"https:\/\/pubeurope.com\/@fr\/117032793452574510","error":""},"_links":{"self":[{"href":"https:\/\/www.europesays.com\/fr\/wp-json\/wp\/v2\/posts\/1105655","targetHints":{"allow":["GET"]}}],"collection":[{"href":"https:\/\/www.europesays.com\/fr\/wp-json\/wp\/v2\/posts"}],"about":[{"href":"https:\/\/www.europesays.com\/fr\/wp-json\/wp\/v2\/types\/post"}],"author":[{"embeddable":true,"href":"https:\/\/www.europesays.com\/fr\/wp-json\/wp\/v2\/users\/2"}],"replies":[{"embeddable":true,"href":"https:\/\/www.europesays.com\/fr\/wp-json\/wp\/v2\/comments?post=1105655"}],"version-history":[{"count":0,"href":"https:\/\/www.europesays.com\/fr\/wp-json\/wp\/v2\/posts\/1105655\/revisions"}],"wp:featuredmedia":[{"embeddable":true,"href":"https:\/\/www.europesays.com\/fr\/wp-json\/wp\/v2\/media\/1105656"}],"wp:attachment":[{"href":"https:\/\/www.europesays.com\/fr\/wp-json\/wp\/v2\/media?parent=1105655"}],"wp:term":[{"taxonomy":"category","embeddable":true,"href":"https:\/\/www.europesays.com\/fr\/wp-json\/wp\/v2\/categories?post=1105655"},{"taxonomy":"post_tag","embeddable":true,"href":"https:\/\/www.europesays.com\/fr\/wp-json\/wp\/v2\/tags?post=1105655"}],"curies":[{"name":"wp","href":"https:\/\/api.w.org\/{rel}","templated":true}]}}