{"id":110573,"date":"2025-05-19T00:48:12","date_gmt":"2025-05-19T00:48:12","guid":{"rendered":"https:\/\/www.europesays.com\/fr\/110573\/"},"modified":"2025-05-19T00:48:12","modified_gmt":"2025-05-19T00:48:12","slug":"lancien-president-des-etats-unis-joe-biden-atteint-dun-cancer-agressif-de-la-prostate","status":"publish","type":"post","link":"https:\/\/www.europesays.com\/fr\/110573\/","title":{"rendered":"L\u2019ancien pr\u00e9sident des \u00c9tats-Unis, Joe Biden, atteint d\u2019un cancer \u00ab\u00a0agressif\u00a0\u00bb de la prostate"},"content":{"rendered":"<p>Ce dimanche 18 mai, le cabinet de l\u2019ancien pr\u00e9sident d\u00e9mocrate des \u00c9tats-Unis, Joe Biden, a annonc\u00e9 dans un communiqu\u00e9 qu\u2019il a \u00e9t\u00e9 diagnostiqu\u00e9 d\u2019un cancer de la prostate. <\/p>\n<p>Mauvaise nouvelle pour l&rsquo;ancien locataire de la Maison-Blanche ! Dans un livre intitul\u00e9\u00a0Original Sin qui sortira le 20 mai prochain, les deux journalistes Jake Tapper et Alex Thompson font des r\u00e9v\u00e9lations sur <a href=\"https:\/\/www.programme-tv.net\/news\/societe\/304020-insolite-la-video-de-joe-biden-qui-chute-lourdement-en-velo-le-president-des-etats-unis-rassure-sur-son-etat-de-sante\/\" data-api-deeplink=\"teleloisirs:\/\/news\/304020\" target=\"_blank\" rel=\"noopener\">l\u2019\u00e9tat de sant\u00e9 de Joe Biden<\/a>. Ainsi, le 13 mai dernier, le cabinet de l\u2019ancien pr\u00e9sident d\u00e9mocrate des \u00c9tats-Unis a annonc\u00e9 qu\u2019il souffrait \u00ab\u00a0d\u2019un petit nodule\u00a0\u00bb dans la prostate, d\u00e9couvert apr\u00e8s \u00ab\u00a0un examen de routine\u00a0\u00bb. Ce 18 mai, son \u00e9quipe a d\u00e9voil\u00e9 qu\u2019il a \u00e9t\u00e9 diagnostiqu\u00e9 d\u2019une forme \u00ab\u00a0agressive\u00a0\u00bb d\u2019un cancer de la prostate en pr\u00e9cisant qu\u2019il pr\u00e9sentait des \u00ab\u00a0m\u00e9tastases osseuses\u00a0\u00bb.<\/p>\n<p><b>Joe Biden diagnostiqu\u00e9 d\u2019une forme \u00ab\u00a0agressive\u00a0\u00bb d\u2019un cancer de la prostate<\/b><\/p>\n<p>\u00ab\u00a0La semaine derni\u00e8re, le pr\u00e9sident Joe Biden a \u00e9t\u00e9 examin\u00e9 pour une nouvelle d\u00e9couverte d&rsquo;un nodule de la prostate apr\u00e8s avoir ressenti des sympt\u00f4mes urinaires croissants. Vendredi, on lui a diagnostiqu\u00e9 un cancer de la prostate, caract\u00e9ris\u00e9 par un score de Gleason de 9 (groupe de grade 5) avec des m\u00e9tastases osseuses\u00a0\u00bb, indique le communiqu\u00e9 comme le rapporte\u00a0<a href=\"https:\/\/edition.cnn.com\/2025\/05\/18\/politics\/joe-biden-prostate-cancer?Date=20250518&amp;Profile=cnnbrk&amp;utm_content=1747598944&amp;utm_medium=social&amp;utm_source=twitter\" target=\"_blank\" rel=\"noopener\">CNN<\/a>. L\u2019\u00e9quipe de l\u2019ancien pr\u00e9sident explique que <b>\u00ab\u00a0Bien qu&rsquo;il s&rsquo;agisse d&rsquo;une forme plus agressive de la maladie, le cancer semble \u00eatre hormono-sensible, ce qui permet une prise en charge efficace\u00a0\u00bb<\/b><b>.<\/b> Ainsi, Joe Biden et ses proches \u00ab\u00a0examinent les options de traitement avec ses m\u00e9decins\u00a0\u00bb, conclut le communiqu\u00e9.<\/p>\n<p>                        <b>Joe Biden d\u00e9j\u00e0 souffrant pendant son mandat pr\u00e9sidentiel ?<\/b><\/p>\n<p>En 2023, Joe Biden, s\u2019\u00e9tait fait op\u00e9rer d&rsquo;une l\u00e9sion canc\u00e9reuse sur sa poitrine. \u00ab\u00a0la d\u00e9t\u00e9rioration physique de Biden \u00e9tait devenue si grave qu\u2019il y avait des discussions internes sur la possibilit\u00e9 de mettre le pr\u00e9sident dans un fauteuil roulant, mais ils n\u2019ont pas pu le faire avant l\u2019\u00e9lection\u00a0\u00bb, peut-on lire dans des extraits du livre d\u00e9voil\u00e9 par\u00a0<a href=\"https:\/\/www.axios.com\/2025\/05\/13\/biden-book-wheelchair-2024-campaign-original-sin\" target=\"_blank\" rel=\"noopener\">Axios<\/a>. En d\u00e9cembre 2024, le\u00a0Wall Street Journal\u00a0avait \u00e9galement \u00e9voqu\u00e9 l\u2019\u00e9tat de sant\u00e9 de Joe Biden. Le journal affirmait que d\u00e8s le d\u00e9but de son mandat pr\u00e9sidentiel,\u00a0son \u00e9tat de sant\u00e9 s\u2019\u00e9tait d\u00e9t\u00e9rior\u00e9. Les internautes ont souvent soulign\u00e9 que l\u2019ancien pr\u00e9sident pr\u00e9sentait certains troubles de la m\u00e9moire ou encore tenus des discours confus.<\/p>\n","protected":false},"excerpt":{"rendered":"Ce dimanche 18 mai, le cabinet de l\u2019ancien pr\u00e9sident d\u00e9mocrate des \u00c9tats-Unis, Joe Biden, a annonc\u00e9 dans un&hellip;\n","protected":false},"author":2,"featured_media":110574,"comment_status":"","ping_status":"","sticky":false,"template":"","format":"standard","meta":{"footnotes":""},"categories":[1589],"tags":[11,244,73,1866,457,78,12,22912,8755,1864,1865,1863,308,1630],"class_list":{"0":"post-110573","1":"post","2":"type-post","3":"status-publish","4":"format-standard","5":"has-post-thumbnail","7":"category-etats-unis","8":"tag-actualites","9":"tag-commentaire","10":"tag-etats-unis","11":"tag-etats-unis-damerique","12":"tag-joe-biden","13":"tag-maison-blanche","14":"tag-news","15":"tag-pru00e9sident-des-etats-unis","16":"tag-santu00e9","17":"tag-united-states","18":"tag-united-states-of-america","19":"tag-us","20":"tag-usa","21":"tag-zapping"},"share_on_mastodon":{"url":"https:\/\/pubeurope.com\/@fr\/114531749275729430","error":""},"_links":{"self":[{"href":"https:\/\/www.europesays.com\/fr\/wp-json\/wp\/v2\/posts\/110573","targetHints":{"allow":["GET"]}}],"collection":[{"href":"https:\/\/www.europesays.com\/fr\/wp-json\/wp\/v2\/posts"}],"about":[{"href":"https:\/\/www.europesays.com\/fr\/wp-json\/wp\/v2\/types\/post"}],"author":[{"embeddable":true,"href":"https:\/\/www.europesays.com\/fr\/wp-json\/wp\/v2\/users\/2"}],"replies":[{"embeddable":true,"href":"https:\/\/www.europesays.com\/fr\/wp-json\/wp\/v2\/comments?post=110573"}],"version-history":[{"count":0,"href":"https:\/\/www.europesays.com\/fr\/wp-json\/wp\/v2\/posts\/110573\/revisions"}],"wp:featuredmedia":[{"embeddable":true,"href":"https:\/\/www.europesays.com\/fr\/wp-json\/wp\/v2\/media\/110574"}],"wp:attachment":[{"href":"https:\/\/www.europesays.com\/fr\/wp-json\/wp\/v2\/media?parent=110573"}],"wp:term":[{"taxonomy":"category","embeddable":true,"href":"https:\/\/www.europesays.com\/fr\/wp-json\/wp\/v2\/categories?post=110573"},{"taxonomy":"post_tag","embeddable":true,"href":"https:\/\/www.europesays.com\/fr\/wp-json\/wp\/v2\/tags?post=110573"}],"curies":[{"name":"wp","href":"https:\/\/api.w.org\/{rel}","templated":true}]}}