{"id":110578,"date":"2025-05-19T00:51:21","date_gmt":"2025-05-19T00:51:21","guid":{"rendered":"https:\/\/www.europesays.com\/fr\/110578\/"},"modified":"2025-05-19T00:51:21","modified_gmt":"2025-05-19T00:51:21","slug":"en-peugeot-205-ils-vont-faire-un-tour-deurope","status":"publish","type":"post","link":"https:\/\/www.europesays.com\/fr\/110578\/","title":{"rendered":"en Peugeot 205, ils vont faire un tour d\u2019Europe"},"content":{"rendered":"<p>Camille, Simon et Margaux sont pr\u00eats \u00e0 partir \u00e0 l\u2019aventure. Les trois comp\u00e8res de 23, 23 et 25\u00a0ans participent cette ann\u00e9e \u00e0 <a target=\"_self\" href=\"https:\/\/www.lanouvellerepublique.fr\/bressuire\/candice-jaina-et-alcide-partiront-de-bressuire-pour-l-europ-raid-2025-un-raid-a-but-humanitaire-1746365623\" rel=\"nofollow noopener\">l\u2019Europ\u2019raid<\/a>. Le concept\u00a0: partir faire un tour d\u2019Europe en voiture, \u00e0 bord d\u2019une Peugeot 205. Pendant trois semaines, \u00e0 partir du 1er\u00a0ao\u00fbt 2025, ils traverseront vingt pays. Ils longeront principalement la mer M\u00e9diterran\u00e9e par le sud et remonteront par le centre de l\u2019Europe de l\u2019Est pour finir \u00e0 Paris.<\/p>\n<p>En plus de l\u2019aspect aventure et touristique, le voyage comporte \u00e9galement une vocation humanitaire. \u00ab\u00a0C\u2019est une id\u00e9e que l\u2019on a eue lors d\u2019un pr\u00e9c\u00e9dent voyage avec Camille, explique Margaux. On voulait faire de l\u2019humanitaire mais on ne savait pas trop comment s\u2019y prendre. Ma cousine avait fait l\u2019Europ\u2019raid l\u2019ann\u00e9e derni\u00e8re. On s\u2019est renseign\u00e9 et \u00e7a nous a plu.\u00a0\u00bb<\/p>\n<p>70\u00a0kg de mat\u00e9riel \u00e0 emporter<\/p>\n<p>Le projet lanc\u00e9, il faut trouver une troisi\u00e8me personne pour les accompagner. Elles proposent \u00e0 Simon. \u00ab\u00a0On est tr\u00e8s souvent tous les trois, confie-t-il. Au d\u00e9but, je me suis dit que \u00e7a allait \u00eatre compliqu\u00e9 de poser trois semaines de vacances en ao\u00fbt. Au final, je me suis arrang\u00e9.\u00a0\u00bb<\/p>\n<p>Ils feront donc partie de la centaine d\u2019\u00e9quipages participant au d\u00e9fi. \u00ab\u00a0On se suit tout le long, explique Margaux. On bivouaque avec tout le monde le soir. La journ\u00e9e, on fait ce que l\u2019on veut, c\u2019est libre.\u00a0\u00bb<\/p>\n<p>\u00c0 deux mois et demi du d\u00e9part, les trois amis ne sont pas encore tout \u00e0 fait pr\u00eats. \u00ab\u00a0Il y a pas mal de choses \u00e0 pr\u00e9voir, d\u00e9veloppe Camille. D\u00e9j\u00e0, il faut environ 70\u00a0kg de mat\u00e9riel, pour les dons. Ensuite, il faut r\u00e9colter des fonds. L\u2019inscription co\u00fbte plus de 3.000\u00a0euros pour trois et il y a toutes les d\u00e9penses sur place. En tout, nous avons budg\u00e9tis\u00e9 le voyage \u00e0 environ 6.000\u00a0euros.\u00a0\u00bb Pour l\u2019instant, leur voiture se refait une beaut\u00e9 au garage. Elle sera d\u00e9cor\u00e9e tout en vache, d\u2019o\u00f9 le nom de l\u2019association cr\u00e9\u00e9e par les trois amis\u00a0: Raid\u2019meuh.<\/p>\n<p><img alt=\"La Peugeot 205 qui participera \u00e0 l\u2019Europ\u2019raid.\" loading=\"lazy\" width=\"980\" height=\"573\" decoding=\"async\" data-nimg=\"1\" class=\"img-responsive spinner-show\" style=\"color:transparent;background-size:cover;background-position:50% 50%;background-repeat:no-repeat;background-image:url(&quot;data:image\/svg+xml;charset=utf-8,%3Csvg xmlns=\" http:=\"\" viewbox=\"0 0 980 573\" id=\"b\" color-interpolation-filters=\"sRGB\" stddeviation=\"20\" values=\"1 0 0 0 0 0 1 0 0 0 0 0 1 0 0 0 0 0 100 -1\" result=\"s\" x=\"0\" y=\"0\" operator=\"out\" in=\"s\" in2=\"SourceGraphic\" preserveaspectratio=\"none\" href=\"https:\/\/images.lanouvellerepublique.fr\/image\/upload\/t_88w\/f_auto\/6829ecea53aa4099588b45b3.jpg\"   src=\"https:\/\/www.europesays.com\/fr\/wp-content\/uploads\/2025\/05\/6829ecea53aa4099588b45b3.jpg\"\/><\/p>\n<p style=\"background-color:#F2F2F2;padding:5px;margin-top:0px;margin-bottom:10px\">La Peugeot 205 qui participera \u00e0 l\u2019Europ\u2019raid.<br \/> \u00a9 (Photo fournie par les participan)ts<\/p>\n<p>Sur place, Europ\u2019raid g\u00e8re l\u2019encadrement, s\u2019occupe de r\u00e9server des bivouacs, fournit une voiture technique pour suivre les concurrents.<\/p>\n<p>\u00ab\u00a0Il y a plein d\u2019endroits que l\u2019on veut visiter\u00a0\u00bb<\/p>\n<p>Si le trio est d\u00e9j\u00e0 parti \u00e0 Londres, c\u2019est la premi\u00e8re fois, qu\u2019ils organisent un voyage aussi long. Chez eux, pas de stress, uniquement de l\u2019excitation. \u00ab\u00a0On a envie d\u2019y \u00eatre bien s\u00fbr, sourit Camille. M\u00eame s\u2019il y a plein d\u2019inconnues. Par exemple, on va \u00eatre super serr\u00e9s dans la voiture. Il ne faut pas oublier qu\u2019en plus des 70\u00a0kg, il faut mettre nos affaires pour trois semaines. Et on est trois. \u00c7a va \u00eatre marrant.\u00a0\u00bb<\/p>\n<p>L\u2019excitation aussi de d\u00e9couvrir de nouveaux lieux dans une zone o\u00f9 ils ne sont jamais all\u00e9s. \u00ab\u00a0En plus des quatre pays dans lesquels on fait de l\u2019humanitaire (Mac\u00e9doine du Nord, Albanie, Bulgarie et Roumanie), il y a plein d\u2019endroits que l\u2019on veut visiter, assure Margaux. Par exemple, moi j\u2019ai envie d\u2019aller en Pologne pour voir les camps de concentration.\u00a0\u00bb<\/p>\n","protected":false},"excerpt":{"rendered":"Camille, Simon et Margaux sont pr\u00eats \u00e0 partir \u00e0 l\u2019aventure. Les trois comp\u00e8res de 23, 23 et 25\u00a0ans&hellip;\n","protected":false},"author":2,"featured_media":110579,"comment_status":"","ping_status":"","sticky":false,"template":"","format":"standard","meta":{"footnotes":""},"categories":[1586],"tags":[1392,11,646,1777,674,1011,27,1393,12,1653,25,602,1584],"class_list":{"0":"post-110578","1":"post","2":"type-post","3":"status-publish","4":"format-standard","5":"has-post-thumbnail","7":"category-europe","8":"tag-a-la-une-local","9":"tag-actualites","10":"tag-automobile","11":"tag-eu","12":"tag-europe","13":"tag-fr","14":"tag-france","15":"tag-loisirs","16":"tag-news","17":"tag-poitiers","18":"tag-republique-francaise","19":"tag-tourisme","20":"tag-vienne"},"share_on_mastodon":{"url":"https:\/\/pubeurope.com\/@fr\/114531761093507759","error":""},"_links":{"self":[{"href":"https:\/\/www.europesays.com\/fr\/wp-json\/wp\/v2\/posts\/110578","targetHints":{"allow":["GET"]}}],"collection":[{"href":"https:\/\/www.europesays.com\/fr\/wp-json\/wp\/v2\/posts"}],"about":[{"href":"https:\/\/www.europesays.com\/fr\/wp-json\/wp\/v2\/types\/post"}],"author":[{"embeddable":true,"href":"https:\/\/www.europesays.com\/fr\/wp-json\/wp\/v2\/users\/2"}],"replies":[{"embeddable":true,"href":"https:\/\/www.europesays.com\/fr\/wp-json\/wp\/v2\/comments?post=110578"}],"version-history":[{"count":0,"href":"https:\/\/www.europesays.com\/fr\/wp-json\/wp\/v2\/posts\/110578\/revisions"}],"wp:featuredmedia":[{"embeddable":true,"href":"https:\/\/www.europesays.com\/fr\/wp-json\/wp\/v2\/media\/110579"}],"wp:attachment":[{"href":"https:\/\/www.europesays.com\/fr\/wp-json\/wp\/v2\/media?parent=110578"}],"wp:term":[{"taxonomy":"category","embeddable":true,"href":"https:\/\/www.europesays.com\/fr\/wp-json\/wp\/v2\/categories?post=110578"},{"taxonomy":"post_tag","embeddable":true,"href":"https:\/\/www.europesays.com\/fr\/wp-json\/wp\/v2\/tags?post=110578"}],"curies":[{"name":"wp","href":"https:\/\/api.w.org\/{rel}","templated":true}]}}