{"id":110580,"date":"2025-05-19T00:52:17","date_gmt":"2025-05-19T00:52:17","guid":{"rendered":"https:\/\/www.europesays.com\/fr\/110580\/"},"modified":"2025-05-19T00:52:17","modified_gmt":"2025-05-19T00:52:17","slug":"premier-sommet-bilateral-entre-lue-et-le-royaume-uni-depuis-le-brexit","status":"publish","type":"post","link":"https:\/\/www.europesays.com\/fr\/110580\/","title":{"rendered":"Premier sommet bilat\u00e9ral entre l&rsquo;UE et le Royaume-Uni depuis le Brexit"},"content":{"rendered":"<p><img decoding=\"async\" class=\"c-ad__placeholder__logo\" src=\"https:\/\/www.europesays.com\/fr\/wp-content\/uploads\/2025\/03\/logo-euronews-grey-6-180x22.svg.svg+xml\" width=\"180\" height=\"22\" alt=\"\" loading=\"lazy\"\/>PUBLICIT\u00c9<\/p>\n<p>Le pr\u00e9sident du Conseil europ\u00e9en Ant\u00f3nio Costa, la pr\u00e9sidente de la Commission Ursula von der Leyen et la cheffe de la diplomatie europ\u00e9enne Kaja Kallas ont rendez-vous \u00e0 Londres.<\/p>\n<p>Le Premier ministre britannique Keir Starmer accueille lundi un sommet in\u00e9dit pour discuter les d\u00e9tails d&rsquo;un partenariat renforc\u00e9 avec les Europ\u00e9ens, cinq ans apr\u00e8s le Brexit.<\/p>\n<p>Le leader travailliste a d\u00e9j\u00e0 fait savoir qu&rsquo;un pacte de s\u00e9curit\u00e9 avec l&rsquo;UE \u00e9tait l&rsquo;une des priorit\u00e9s de son gouvernement. L&rsquo;UE a \u00e9galement convenu qu&rsquo;une collaboration plus \u00e9troite en mati\u00e8re de d\u00e9fense avec la Grande-Bretagne \u00e9tait n\u00e9cessaire, compte tenu de la situation g\u00e9opolitique actuelle. <\/p>\n<p>Londres pourrait ainsi n\u00e9gocier l&rsquo;acc\u00e8s des entreprises britanniques \u00e0 des projets de d\u00e9fense communs dans le cadre de l&rsquo;Action pour la s\u00e9curit\u00e9 en Europe (SAFE), un m\u00e9canisme de pr\u00eats pouvant mobiliser jusqu&rsquo;\u00e0 150 milliards d&rsquo;euros. <\/p>\n<p>Toutefois, une deuxi\u00e8me s\u00e9rie de questions, plus \u00e9pineuses, devrait \u00e9galement \u00eatre abord\u00e9e lors du sommet de Lancaster House, si\u00e8ge du Foreign Office. Le Royaume-Uni souhaite un all\u00e8gement des contr\u00f4les et de la bureaucratie encadrant les exportations de denr\u00e9es alimentaires et de produits sanitaires et phytosanitaires (SPS). En contrepartie, la Grande-Bretagne devra se conformer aux r\u00e9glementations de l&rsquo;UE, supervis\u00e9es par la Cour europ\u00e9enne de justice. L&rsquo;UE souhaite \u00e9galement qu&rsquo;un nouveau programme de mobilit\u00e9 permette aux jeunes de 18 \u00e0 30 ans de travailler et d&rsquo;\u00e9tudier au Royaume-Uni. <\/p>\n<p>Une pierre d&rsquo;achoppement de longue date concerne la p\u00eache, l&rsquo;UE cherchant \u00e0 \u00e9tendre les conditions d&rsquo;acc\u00e8s aux eaux britanniques pour ses p\u00eacheurs en \u00e9change d&rsquo;un all\u00e8gement des contr\u00f4les alimentaires. <\/p>\n","protected":false},"excerpt":{"rendered":"PUBLICIT\u00c9 Le pr\u00e9sident du Conseil europ\u00e9en Ant\u00f3nio Costa, la pr\u00e9sidente de la Commission Ursula von der Leyen et&hellip;\n","protected":false},"author":2,"featured_media":110581,"comment_status":"","ping_status":"","sticky":false,"template":"","format":"standard","meta":{"footnotes":""},"categories":[1586],"tags":[11,1353,1777,674,1779,1011,27,2581,12,25,473,2764,1778,364,2544],"class_list":{"0":"post-110580","1":"post","2":"type-post","3":"status-publish","4":"format-standard","5":"has-post-thumbnail","7":"category-europe","8":"tag-actualites","9":"tag-brexit","10":"tag-eu","11":"tag-europe","12":"tag-european-union","13":"tag-fr","14":"tag-france","15":"tag-keir-starmer","16":"tag-news","17":"tag-republique-francaise","18":"tag-royaume-uni","19":"tag-sommet","20":"tag-ue","21":"tag-union-europeenne","22":"tag-ursula-von-der-leyen"},"share_on_mastodon":{"url":"https:\/\/pubeurope.com\/@fr\/114531765183374868","error":""},"_links":{"self":[{"href":"https:\/\/www.europesays.com\/fr\/wp-json\/wp\/v2\/posts\/110580","targetHints":{"allow":["GET"]}}],"collection":[{"href":"https:\/\/www.europesays.com\/fr\/wp-json\/wp\/v2\/posts"}],"about":[{"href":"https:\/\/www.europesays.com\/fr\/wp-json\/wp\/v2\/types\/post"}],"author":[{"embeddable":true,"href":"https:\/\/www.europesays.com\/fr\/wp-json\/wp\/v2\/users\/2"}],"replies":[{"embeddable":true,"href":"https:\/\/www.europesays.com\/fr\/wp-json\/wp\/v2\/comments?post=110580"}],"version-history":[{"count":0,"href":"https:\/\/www.europesays.com\/fr\/wp-json\/wp\/v2\/posts\/110580\/revisions"}],"wp:featuredmedia":[{"embeddable":true,"href":"https:\/\/www.europesays.com\/fr\/wp-json\/wp\/v2\/media\/110581"}],"wp:attachment":[{"href":"https:\/\/www.europesays.com\/fr\/wp-json\/wp\/v2\/media?parent=110580"}],"wp:term":[{"taxonomy":"category","embeddable":true,"href":"https:\/\/www.europesays.com\/fr\/wp-json\/wp\/v2\/categories?post=110580"},{"taxonomy":"post_tag","embeddable":true,"href":"https:\/\/www.europesays.com\/fr\/wp-json\/wp\/v2\/tags?post=110580"}],"curies":[{"name":"wp","href":"https:\/\/api.w.org\/{rel}","templated":true}]}}