{"id":110589,"date":"2025-05-19T00:58:12","date_gmt":"2025-05-19T00:58:12","guid":{"rendered":"https:\/\/www.europesays.com\/fr\/110589\/"},"modified":"2025-05-19T00:58:12","modified_gmt":"2025-05-19T00:58:12","slug":"super-xiii-romain-pourret-jai-senti-que-cetait-le-bon-moment-pour-arreter-rugby-a-xiii","status":"publish","type":"post","link":"https:\/\/www.europesays.com\/fr\/110589\/","title":{"rendered":"Super XIII &#8211; Romain Pourret : \u00ab\u00a0J&rsquo;ai senti que c&rsquo;\u00e9tait le bon moment pour arr\u00eater\u00a0\u00bb &#8211; Rugby \u00e0 XIII"},"content":{"rendered":"<p style=\"text-align: justify;\"><strong>Romain Pourret, deuxi\u00e8me ligne du SO Avignon XIII, fait un bilan de sa carri\u00e8re et \u00e9voque ses envies d\u2019apr\u00e8s rugby.<\/strong><\/p>\n<p style=\"text-align: justify;\"><strong>Romain, peux-tu te pr\u00e9senter ?<\/strong><\/p>\n<p style=\"text-align: justify;\">Je m\u2019appelle Romain Pourret, j\u2019ai 34 ans et je joue au SO Avignon depuis 2008.<\/p>\n<p style=\"text-align: justify;\"><strong>Pourquoi arr\u00eates-tu ta carri\u00e8re maintenant alors que tu as encore quelques ann\u00e9es devant toi ?<\/strong><\/p>\n<p style=\"text-align: justify;\">J\u2019ai senti que c\u2019\u00e9tait le bon moment pour arr\u00eater, j\u2019ai jou\u00e9 17 saisons. J\u2019ai un travail qui me prend beaucoup de temps et quand on vieillit, ce n\u2019est pas facile de cumuler les deux.<\/p>\n<p style=\"text-align: justify;\"><strong>\u00a0Quels sont les \u00e9ducateurs, entra\u00eeneurs et joueurs qui auront marqu\u00e9 ta carri\u00e8re ?<\/strong><\/p>\n<p style=\"text-align: justify;\">Je vais dire \u00e0 Salon mon grand-p\u00e8re par sa passion pour le rugby \u00e0 XIII. Comme entra\u00eeneur Renaud Guigue, il m\u2019a entra\u00een\u00e9 plus de 10 ans et nous avons gagn\u00e9 une Coupe et un championnat ensemble, il y est pour beaucoup.<\/p>\n<p style=\"text-align: justify;\">Comme joueur Olivier Arnaud, j\u2019ai jou\u00e9 tout le long de ma carri\u00e8re \u00e0 ses c\u00f4t\u00e9s, il est toujours exemplaire et donne tout sur un terrain.<\/p>\n<p style=\"text-align: justify;\"><strong>As-tu des regrets quand tu regardes dans le r\u00e9tro ?<\/strong><\/p>\n<p style=\"text-align: justify;\">Non, je ne pense pas avoir de regrets. 17 saisons dans le m\u00eame club, c\u2019est long et forc\u00e9ment, il y a des hauts et des bas, mais je ne garde que de bons souvenirs. De plus c\u2019est moi qui ai d\u00e9cid\u00e9 d\u2019arr\u00eater et non une blessure ou autre qui me force \u00e0 le faire et le club m\u2019a fait une magnifique sortie.<\/p>\n<p style=\"text-align: justify;\"><strong>Quels sont tes envies apr\u00e8s le rugby ?<\/strong><\/p>\n<p style=\"text-align: justify;\">Pas d\u2019envie particuli\u00e8re, je ne serai jamais loin du rugby et du SOA. Je vais profiter un peu plus de ma famille et me concentrer sur ma vie professionnelle.<\/p>\n<p><strong>Treize Mondial<br \/><a href=\"https:\/\/www.facebook.com\/13Mondial\" target=\"_blank\" rel=\"noopener\"><img loading=\"lazy\" decoding=\"async\" class=\"alignnone wp-image-217097\" src=\"https:\/\/www.europesays.com\/fr\/wp-content\/uploads\/2025\/04\/logo-facebook.png\" alt=\"\" width=\"40\" height=\"40\"  \/><\/a><a href=\"https:\/\/twitter.com\/XIIIMondial\" target=\"_blank\" rel=\"noopener\"><img loading=\"lazy\" decoding=\"async\" class=\"alignnone wp-image-217098\" src=\"https:\/\/www.europesays.com\/fr\/wp-content\/uploads\/2025\/04\/logo-twitter.png\" alt=\"\" width=\"39\" height=\"39\"  \/><\/a><\/strong><\/p>\n<p>        <script async src=\"https:\/\/platform.twitter.com\/widgets.js\" charset=\"utf-8\"><\/script><\/p>\n","protected":false},"excerpt":{"rendered":"Romain Pourret, deuxi\u00e8me ligne du SO Avignon XIII, fait un bilan de sa carri\u00e8re et \u00e9voque ses envies&hellip;\n","protected":false},"author":2,"featured_media":110590,"comment_status":"","ping_status":"","sticky":false,"template":"","format":"standard","meta":{"footnotes":""},"categories":[1416],"tags":[6184,1011,27,22913,479,2228,1468,2229,60,2231],"class_list":{"0":"post-110589","1":"post","2":"type-post","3":"status-publish","4":"format-standard","5":"has-post-thumbnail","7":"category-rugby","8":"tag-avignon","9":"tag-fr","10":"tag-france","11":"tag-romain-pourret","12":"tag-rugby","13":"tag-rugby-a-xiii","14":"tag-rugby-football","15":"tag-rugby-league","16":"tag-sports","17":"tag-super-xiii"},"share_on_mastodon":{"url":"https:\/\/pubeurope.com\/@fr\/114531788804177274","error":""},"_links":{"self":[{"href":"https:\/\/www.europesays.com\/fr\/wp-json\/wp\/v2\/posts\/110589","targetHints":{"allow":["GET"]}}],"collection":[{"href":"https:\/\/www.europesays.com\/fr\/wp-json\/wp\/v2\/posts"}],"about":[{"href":"https:\/\/www.europesays.com\/fr\/wp-json\/wp\/v2\/types\/post"}],"author":[{"embeddable":true,"href":"https:\/\/www.europesays.com\/fr\/wp-json\/wp\/v2\/users\/2"}],"replies":[{"embeddable":true,"href":"https:\/\/www.europesays.com\/fr\/wp-json\/wp\/v2\/comments?post=110589"}],"version-history":[{"count":0,"href":"https:\/\/www.europesays.com\/fr\/wp-json\/wp\/v2\/posts\/110589\/revisions"}],"wp:featuredmedia":[{"embeddable":true,"href":"https:\/\/www.europesays.com\/fr\/wp-json\/wp\/v2\/media\/110590"}],"wp:attachment":[{"href":"https:\/\/www.europesays.com\/fr\/wp-json\/wp\/v2\/media?parent=110589"}],"wp:term":[{"taxonomy":"category","embeddable":true,"href":"https:\/\/www.europesays.com\/fr\/wp-json\/wp\/v2\/categories?post=110589"},{"taxonomy":"post_tag","embeddable":true,"href":"https:\/\/www.europesays.com\/fr\/wp-json\/wp\/v2\/tags?post=110589"}],"curies":[{"name":"wp","href":"https:\/\/api.w.org\/{rel}","templated":true}]}}