{"id":11059,"date":"2025-04-08T20:19:11","date_gmt":"2025-04-08T20:19:11","guid":{"rendered":"https:\/\/www.europesays.com\/fr\/11059\/"},"modified":"2025-04-08T20:19:11","modified_gmt":"2025-04-08T20:19:11","slug":"de-marisa-berenson-a-vittoria-de-savoie-pucci-habille-la-jet-set-dhier-et-daujourdhui","status":"publish","type":"post","link":"https:\/\/www.europesays.com\/fr\/11059\/","title":{"rendered":"De Marisa Berenson \u00e0 Vittoria de Savoie, Pucci habille la jet-set d\u2019hier et d\u2019aujourd\u2019hui"},"content":{"rendered":"<p>Ce vendredi, dans les jardins d\u2019une magnifique abbaye avec vue imprenable sur la Riviera italienne, Camille Miceli recevait, \u00e0 l\u2019occasion de son d\u00e9fil\u00e9 de l\u2019\u00e9t\u00e9 2025, amis et journalistes avec ce sens de la convivialit\u00e9 et de la f\u00eate qui a fait le sel des grandes ann\u00e9es d\u2019Emilio Pucci.<\/p>\n<p class=\"fig-paragraph\">\u00ab\u00a0Il y aura des journalistes, des influenceurs, et les amis de Camille\u00a0\u00bb, nous avait-on pr\u00e9venus avant le d\u00e9fil\u00e9 printemps-\u00e9t\u00e9 2025 de\u00a0<a href=\"http:\/\/www.lefigaro.fr\/industrie-mode\/a-rome-isabella-rossellini-christy-turlington-et-pucci-20240405\" data-fig-type=\"Article\" data-gtm-custom-categorie=\"navigation\" data-gtm-custom-action=\"crossclick\" data-gtm-custom-label=\"Contextuel\" data-gtm-event=\"customEventSPE\" data-fig-domain=\"LEFIGARO\" target=\"_blank\" rel=\"noopener\">Pucci<\/a>, \u00e0 Portofino, ce vendredi. La maison florentine, dans le giron du groupe fran\u00e7ais LVMH, a pris l\u2019habitude d\u2019organiser, une fois par an, un show hors des\u00a0<a href=\"http:\/\/www.lefigaro.fr\/style\/defiles-de-paris-too-much-n-est-jamais-assez-20250309\" data-fig-type=\"Article\" data-gtm-custom-categorie=\"navigation\" data-gtm-custom-action=\"crossclick\" data-gtm-custom-label=\"Contextuel\" data-gtm-event=\"customEventSPE\" data-fig-domain=\"LEFIGARO\" target=\"_blank\" rel=\"noopener\">Fashion Weeks<\/a>. Et surtout dans une destination (tr\u00e8s) italienne, en lien avec l\u2019histoire de cette griffe qui habilla de ses motifs psych\u00e9d\u00e9liques toute la jet-set de l\u2019apr\u00e8s-guerre, de\u00a0<a href=\"http:\/\/www.lefigaro.fr\/industrie-mode\/elle-arriva-deguisee-en-pagode-on-dut-la-transporter-a-l-arriere-d-un-camion-1969-le-dernier-bal-du-baron-de-rede-20241223\" data-fig-type=\"Article\" data-gtm-custom-categorie=\"navigation\" data-gtm-custom-action=\"crossclick\" data-gtm-custom-label=\"Contextuel\" data-gtm-event=\"customEventSPE\" data-fig-domain=\"LEFIGARO\" target=\"_blank\" rel=\"noopener\">Jacqueline de Ribes<\/a>\u00a0\u00e0 Sophia Loren.<\/p>\n<p class=\"fig-body-link\">\n            \u00c0 lire aussi<br \/>\n        <a class=\"fig-body-link__link fig-premium-mark\" href=\"https:\/\/www.lefigaro.fr\/style\/capri-c-est-toujours-pucci-20220429\" data-fig-type=\"Article\" data-gtm-custom-categorie=\"navigation\" data-gtm-custom-action=\"crossclick\" data-gtm-custom-label=\"Contextuel\" data-gtm-event=\"customEventSPE\" data-fig-domain=\"LEFIGARO\" target=\"_blank\" rel=\"noopener\">Capri, c\u2019est (toujours) Pucci<br \/>\n    <\/a>\n<\/p>\n<p class=\"fig-paragraph\">Camille Miceli, la directrice artistique depuis 2022, tire le fil des affinit\u00e9s \u00e9lectives du fondateur Emilio Pucci \u00e0 sa fa\u00e7on. Aux c\u00f4t\u00e9s de la caravane de la mode habituelle, elle tient \u00e0 y convier aussi ses amis de toujours. \u00ab\u00a0C\u2019est essentiel pour moi d\u2019avoir les gens que j\u2019aime autour de moi dans les moments importants, explique la cr\u00e9atrice, la veille, en mettant la main aux derniers d\u00e9tails de sa collection. Comme Emilio Pucci \u00e0 l\u2019\u00e9poque, mon clan est tr\u00e8s \u00e9clectique, tous viennent\u2026<\/p>\n<p class=\"fig-premium-paywall__infos\">\n        Cet article est r\u00e9serv\u00e9 aux abonn\u00e9s.        Il vous reste 84% \u00e0 d\u00e9couvrir.\n    <\/p>\n<p>                <img  data- alt=\"Le Figaro\" class=\"fig-img--complete fig-img\"\/><\/p>\n<p class=\"fig-premium-paywall__title\">Vous avez envie de lire la suite ?<\/p>\n<p class=\"fig-premium-paywall__subtitle\">D\u00e9bloquez tous les articles imm\u00e9diatement.<\/p>\n<p class=\"fig-premium-paywall__connect\">\n                D\u00e9j\u00e0 abonn\u00e9\u00a0?                <a class=\"fig-premium-paywall__connect-link\" href=\"https:\/\/connect.lefigaro.fr\/login?client=horizon_web&amp;type=main&amp;redirect_uri=https%3A%2F%2Fwww.lefigaro.fr%2Fstyle%2Fde-marisa-berenson-a-vittoria-de-savoie-pucci-habille-la-jet-set-d-hier-et-d-aujourd-hui-20250407\" data-js-gtm=\"{&quot;customCategorie&quot;: &quot;conversion&quot;, &quot;customAction&quot;: &quot;before_Landing_Connexion_paywall_auto&quot;, &quot;customLabel&quot;: &quot;bGVmaWdhcm8uZnJfXzFmMDExZTMyLTdjM2YtNmY0Yy1hZDRiLTJiMTVmNGE3NzE3YV9fQXJ0aWNsZQ==_De Marisa Berenson \u00e0 Vittoria de Savoie, Pucci habille la jet-set d\u2019hier et d\u2019aujourd\u2019hui_486&quot;, &quot;customIDSPE&quot;: &quot;bGVmaWdhcm8uZnJfXzFmMDExZTMyLTdjM2YtNmY0Yy1hZDRiLTJiMTVmNGE3NzE3YV9fQXJ0aWNsZQ==&quot;, &quot;event&quot;: &quot;customEventSPE&quot;}\" target=\"_blank\" rel=\"noopener\"><br \/>\n                    Connectez-vous<br \/>\n                <\/a>\n            <\/p>\n","protected":false},"excerpt":{"rendered":"Ce vendredi, dans les jardins d\u2019une magnifique abbaye avec vue imprenable sur la Riviera italienne, Camille Miceli recevait,&hellip;\n","protected":false},"author":2,"featured_media":11060,"comment_status":"","ping_status":"","sticky":false,"template":"","format":"standard","meta":{"footnotes":""},"categories":[1359],"tags":[58,59,992,1011,27,5363,973,1969],"class_list":{"0":"post-11059","1":"post","2":"type-post","3":"status-publish","4":"format-standard","5":"has-post-thumbnail","7":"category-people","8":"tag-divertissement","9":"tag-entertainment","10":"tag-fashion-week","11":"tag-fr","12":"tag-france","13":"tag-haute-couture","14":"tag-people","15":"tag-style"},"share_on_mastodon":{"url":"https:\/\/pubeurope.com\/@fr\/114304199133237580","error":""},"_links":{"self":[{"href":"https:\/\/www.europesays.com\/fr\/wp-json\/wp\/v2\/posts\/11059","targetHints":{"allow":["GET"]}}],"collection":[{"href":"https:\/\/www.europesays.com\/fr\/wp-json\/wp\/v2\/posts"}],"about":[{"href":"https:\/\/www.europesays.com\/fr\/wp-json\/wp\/v2\/types\/post"}],"author":[{"embeddable":true,"href":"https:\/\/www.europesays.com\/fr\/wp-json\/wp\/v2\/users\/2"}],"replies":[{"embeddable":true,"href":"https:\/\/www.europesays.com\/fr\/wp-json\/wp\/v2\/comments?post=11059"}],"version-history":[{"count":0,"href":"https:\/\/www.europesays.com\/fr\/wp-json\/wp\/v2\/posts\/11059\/revisions"}],"wp:featuredmedia":[{"embeddable":true,"href":"https:\/\/www.europesays.com\/fr\/wp-json\/wp\/v2\/media\/11060"}],"wp:attachment":[{"href":"https:\/\/www.europesays.com\/fr\/wp-json\/wp\/v2\/media?parent=11059"}],"wp:term":[{"taxonomy":"category","embeddable":true,"href":"https:\/\/www.europesays.com\/fr\/wp-json\/wp\/v2\/categories?post=11059"},{"taxonomy":"post_tag","embeddable":true,"href":"https:\/\/www.europesays.com\/fr\/wp-json\/wp\/v2\/tags?post=11059"}],"curies":[{"name":"wp","href":"https:\/\/api.w.org\/{rel}","templated":true}]}}