{"id":1105916,"date":"2026-08-03T20:16:16","date_gmt":"2026-08-03T20:16:16","guid":{"rendered":"https:\/\/www.europesays.com\/fr\/1105916\/"},"modified":"2026-08-03T20:16:16","modified_gmt":"2026-08-03T20:16:16","slug":"vols-de-carburants-la-methode-radicale-des-stations-britanniques","status":"publish","type":"post","link":"https:\/\/www.europesays.com\/fr\/1105916\/","title":{"rendered":"Vols de carburants : la m\u00e9thode radicale des stations britanniques"},"content":{"rendered":"<p class=\"jsx-a2e2feb2a010d590 Time\">Publi\u00e9 le 3 ao\u00fbt 2026 \u00e0 19h57<\/p>\n<p class=\"jsx-3150768112 jsx-3884010115 ExpandableText__Text\">Depuis le d\u00e9but de la guerre en Iran, les prix des carburants ont augment\u00e9 de plus de 20 % au Royaume-Uni o\u00f9 les vols sont de plus en plus nombreux. Des cam\u00e9ras intelligentes capables de reconna\u00eetre les plaques d&rsquo;immatriculation des voleurs sont mises en  place par les stations-service. Cependant, les m\u00e9dias britanniques ont recens\u00e9 quelques automobilistes bannis des stations par erreur. L&rsquo;entreprise responsable de cette technologie affirme que ces cas sont tr\u00e8s rares et vante ses r\u00e9sultats.<\/p>\n<p>Lire plusReplier<\/p>\n","protected":false},"excerpt":{"rendered":"Publi\u00e9 le 3 ao\u00fbt 2026 \u00e0 19h57 Depuis le d\u00e9but de la guerre en Iran, les prix des&hellip;\n","protected":false},"author":2,"featured_media":1105917,"comment_status":"","ping_status":"","sticky":false,"template":"","format":"standard","meta":{"footnotes":"","_share_on_mastodon":"0"},"categories":[1588],"tags":[11,1777,674,2952,12,473,1853,1851,1850,1852,133,1920],"class_list":["post-1105916","post","type-post","status-publish","format-standard","has-post-thumbnail","category-royaume-uni","tag-actualites","tag-eu","tag-europe","tag-le-20h","tag-news","tag-royaume-uni","tag-royaume-uni-de-grande-bretagne-et-dirlande-du-nord","tag-uk","tag-united-kingdom","tag-united-kingdom-of-great-britain-and-northern-ireland","tag-video","tag-video-international"],"share_on_mastodon":{"url":"https:\/\/pubeurope.com\/@fr\/117033421234625168","error":""},"_links":{"self":[{"href":"https:\/\/www.europesays.com\/fr\/wp-json\/wp\/v2\/posts\/1105916","targetHints":{"allow":["GET"]}}],"collection":[{"href":"https:\/\/www.europesays.com\/fr\/wp-json\/wp\/v2\/posts"}],"about":[{"href":"https:\/\/www.europesays.com\/fr\/wp-json\/wp\/v2\/types\/post"}],"author":[{"embeddable":true,"href":"https:\/\/www.europesays.com\/fr\/wp-json\/wp\/v2\/users\/2"}],"replies":[{"embeddable":true,"href":"https:\/\/www.europesays.com\/fr\/wp-json\/wp\/v2\/comments?post=1105916"}],"version-history":[{"count":0,"href":"https:\/\/www.europesays.com\/fr\/wp-json\/wp\/v2\/posts\/1105916\/revisions"}],"wp:featuredmedia":[{"embeddable":true,"href":"https:\/\/www.europesays.com\/fr\/wp-json\/wp\/v2\/media\/1105917"}],"wp:attachment":[{"href":"https:\/\/www.europesays.com\/fr\/wp-json\/wp\/v2\/media?parent=1105916"}],"wp:term":[{"taxonomy":"category","embeddable":true,"href":"https:\/\/www.europesays.com\/fr\/wp-json\/wp\/v2\/categories?post=1105916"},{"taxonomy":"post_tag","embeddable":true,"href":"https:\/\/www.europesays.com\/fr\/wp-json\/wp\/v2\/tags?post=1105916"}],"curies":[{"name":"wp","href":"https:\/\/api.w.org\/{rel}","templated":true}]}}