{"id":1105922,"date":"2026-08-03T20:19:22","date_gmt":"2026-08-03T20:19:22","guid":{"rendered":"https:\/\/www.europesays.com\/fr\/1105922\/"},"modified":"2026-08-03T20:19:22","modified_gmt":"2026-08-03T20:19:22","slug":"il-ny-a-jamais-eu-aussi-peu-de-monde-la-gironde-veut-faire-revenir-ses-touristes-apres-les-incendies","status":"publish","type":"post","link":"https:\/\/www.europesays.com\/fr\/1105922\/","title":{"rendered":"\u00ab\u00a0Il n&rsquo;y a jamais eu aussi peu de monde\u00a0\u00bb : la Gironde veut faire revenir ses touristes apr\u00e8s les incendies"},"content":{"rendered":"<ul class=\"jsx-25100651 ArticleChapo__List\">\n<li class=\"jsx-25100651 ArticleChapo__List_Item flex\">Une partie de la Gironde se rel\u00e8ve \u00e0 peine des violents feux qui ont d\u00e9truit 42.000 hectares.<\/li>\n<li class=\"jsx-25100651 ArticleChapo__List_Item flex\">Si certains ont fait le d\u00e9placement malgr\u00e9 tout, beaucoup ont pr\u00e9f\u00e9r\u00e9 annuler leur s\u00e9jour dans le d\u00e9partement.<\/li>\n<li class=\"jsx-25100651 ArticleChapo__List_Item flex\">Craignant une \u00ab\u00a0catastrophe \u00e9conomique\u00a0\u00bb \u00e0 venir, les professionnels font tout pour s\u00e9duire les vacanciers.<\/li>\n<\/ul>\n<p id=\"body-_R_17t7pm_-block-6\" data-module=\"article-paragraph\" class=\"jsx-2921227388 Paragraph Paragraph__End\">Les visages ferm\u00e9s des derniers jours ont c\u00e9d\u00e9 la place \u00e0 de larges sourires. Audenge a longtemps cru qu&rsquo;<a href=\"https:\/\/www.tf1info.fr\/societe\/video-incendie-on-a-63-de-reservations-sur-le-mois-d-aout-contre-85-90-normalement-en-gironde-la-crainte-du-manque-de-touristes-et-d-une-saison-estivale-perdue-2456313.html\" rel=\"nofollow noopener\" target=\"_blank\">elle ne reverrait pas les touristes<\/a> en raison du feu hors norme <a href=\"https:\/\/www.tf1info.fr\/regions\/en-images-incendie-en-gironde-les-degats-vus-du-ciel-d-un-helicoptere-de-la-securite-civile-2456141.html\" rel=\"nofollow noopener\" target=\"_blank\">qui a ravag\u00e9 la r\u00e9gion<\/a>, r\u00e9duisant en cendres 42.000 hectares. Du jamais-vu en France depuis 1949. Mais les irr\u00e9ductibles \u00e9taient bien l\u00e0 ce lundi 3 ao\u00fbt, venus s&rsquo;installer dans ce camping girondin avec leurs camping-cars. \u00ab\u00a0On attendait avec impatience de revenir\u00a0\u00bb, t\u00e9moigne l&rsquo;un d&rsquo;eux sur TF1, comme on le voit ci-dessus dans le reportage du 20H. \u00ab\u00a0Parce qu&rsquo;on aime le coin et on est contents de les faire travailler aussi un peu\u00a0\u00bb, ajoute-t-il. Si seuls 10% des emplacements sont pour l&rsquo;instant occup\u00e9s, ils le seront tous la semaine prochaine. Mais ce n&rsquo;est pas le cas partout.<\/p>\n<blockquote class=\"jsx-1755845245 Quote__Text\"><p>Les stations-baln\u00e9aires sont intactes \u00e0 90%<\/p><\/blockquote>\n<p>Vincent Gerbaud, g\u00e9rant d&rsquo;un restaurant \u00e0 Arcachon<\/p>\n<p id=\"body-_R_17t7pm_-block-9\" data-module=\"article-paragraph\" class=\"jsx-2921227388 Paragraph Paragraph__End\">Plus \u00e0 l&rsquo;ouest, \u00e0 Arcachon, la plage est \u00e9trangement vide. \u00ab\u00a0Il n&rsquo;y a jamais eu aussi peu de monde. C&rsquo;est vraiment dommage\u00a0\u00bb, d\u00e9plore une femme selon qui \u00ab\u00a0l&rsquo;air est bon\u00a0\u00bb. \u00ab\u00a0On ne respire aucune fum\u00e9e, absolument aucune\u00a0\u00bb, insiste-t-elle. Dans ce d\u00e9partement tr\u00e8s d\u00e9pendant du tourisme, certains commer\u00e7ants s&rsquo;inqui\u00e8tent de l&rsquo;effet des incendies sur leur activit\u00e9. \u00ab\u00a0Les stations-baln\u00e9aires sont intactes \u00e0 90%\u00a0\u00bb, rappelle Vincent Gerbaud, g\u00e9rant d&rsquo;un restaurant du front de mer. \u00ab\u00a0Du beau temps a \u00e9t\u00e9 annonc\u00e9. Les gens ne vont pas venir ici par solidarit\u00e9. Ils vont venir parce que la r\u00e9gion est formidable\u00a0\u00bb, estime-t-il, optimiste.<\/p>\n<p><a href=\"https:\/\/www.tf1info.fr\/culture\/guillaume-canet-jeremy-frerot-lena-situations-l-appel-des-stars-pour-soutenir-la-gironde-face-aux-incendies-ravageurs-2456538.html\" rel=\"nofollow noopener\" class=\"jsx-958316424 Link flex\" target=\"_blank\"><img decoding=\"async\" src=\"https:\/\/www.europesays.com\/fr\/wp-content\/uploads\/2026\/08\/typtique-canet-situations-frerot-8e028c-0@1x.jpeg\" alt=\"Plusieurs personnalit\u00e9s ont lanc\u00e9 des appels pour soutenir la Gironde.\" loading=\"lazy\" importance=\"low\" fetchpriority=\"low\" class=\"\" copyright=\"AFP\" aria-hidden=\"true\"\/><\/p>\n<p class=\"jsx-4054529586 ReadMoreArticle__Title\">Lire aussi<\/p>\n<p class=\"jsx-4054529586\">Guillaume Canet, J\u00e9r\u00e9my Fr\u00e9rot, L\u00e9na Situations\u2026 l&rsquo;appel des personnalit\u00e9s pour soutenir la Gironde face aux incendies ravageurs<\/p>\n<p><\/a><\/p>\n<p id=\"body-_R_17t7pm_-block-12\" data-module=\"article-paragraph\" class=\"jsx-2921227388 Paragraph Paragraph__End\">Peut-\u00eatre que les touristes qui h\u00e9sitent encore seront-ils convaincus par les c\u00e9l\u00e8bres enfants du pays. Sur les r\u00e9seaux sociaux, l&rsquo;acteur Guillaume Canet et le chanteur J\u00e9r\u00e9my Fr\u00e9rot ont appel\u00e9 les Fran\u00e7ais \u00e0 visiter le d\u00e9partement, dont une partie seulement a \u00e9t\u00e9 impact\u00e9e par les incendies. \u00ab\u00a0La Gironde, c&rsquo;est un million d\u2019hectares. Il y a des zones touristiques partout\u00a0\u00bb, note Jean-Philippe Burgeat, le vice-pr\u00e9sident du syndicat h\u00f4telier UMIH 33, mettant en garde contre \u00ab\u00a0une catastrophe \u00e9conomique qui pointe le bout de son nez malgr\u00e9 tout\u00a0\u00bb.<\/p>\n<p>La r\u00e9daction de TF1info | Reportage : Alexandra VIEIRA et Nicolas FORESTIER<\/p>\n","protected":false},"excerpt":{"rendered":"Une partie de la Gironde se rel\u00e8ve \u00e0 peine des violents feux qui ont d\u00e9truit 42.000 hectares. Si&hellip;\n","protected":false},"author":2,"featured_media":1105923,"comment_status":"","ping_status":"","sticky":false,"template":"","format":"standard","meta":{"footnotes":"","_share_on_mastodon":"0"},"categories":[1586],"tags":[1111,11,1921,6698,1777,674,1779,1011,27,1310,108266,1922,2952,12,2219,25,12817,1778,364,35722,133,5010],"class_list":["post-1105922","post","type-post","status-publish","format-standard","has-post-thumbnail","category-europe","tag-actu","tag-actualites","tag-article-video","tag-canicule","tag-eu","tag-europe","tag-european-union","tag-fr","tag-france","tag-incendie","tag-incendies-un-ete-2026-de-tous-les-dangers-en-france","tag-info","tag-le-20h","tag-news","tag-nouvelle-aquitaine","tag-republique-francaise","tag-secheresse","tag-ue","tag-union-europeenne","tag-vagues-de-chaleur","tag-video","tag-video-sujets-de-societe"],"share_on_mastodon":{"url":"https:\/\/pubeurope.com\/@fr\/117033434464906335","error":""},"_links":{"self":[{"href":"https:\/\/www.europesays.com\/fr\/wp-json\/wp\/v2\/posts\/1105922","targetHints":{"allow":["GET"]}}],"collection":[{"href":"https:\/\/www.europesays.com\/fr\/wp-json\/wp\/v2\/posts"}],"about":[{"href":"https:\/\/www.europesays.com\/fr\/wp-json\/wp\/v2\/types\/post"}],"author":[{"embeddable":true,"href":"https:\/\/www.europesays.com\/fr\/wp-json\/wp\/v2\/users\/2"}],"replies":[{"embeddable":true,"href":"https:\/\/www.europesays.com\/fr\/wp-json\/wp\/v2\/comments?post=1105922"}],"version-history":[{"count":0,"href":"https:\/\/www.europesays.com\/fr\/wp-json\/wp\/v2\/posts\/1105922\/revisions"}],"wp:featuredmedia":[{"embeddable":true,"href":"https:\/\/www.europesays.com\/fr\/wp-json\/wp\/v2\/media\/1105923"}],"wp:attachment":[{"href":"https:\/\/www.europesays.com\/fr\/wp-json\/wp\/v2\/media?parent=1105922"}],"wp:term":[{"taxonomy":"category","embeddable":true,"href":"https:\/\/www.europesays.com\/fr\/wp-json\/wp\/v2\/categories?post=1105922"},{"taxonomy":"post_tag","embeddable":true,"href":"https:\/\/www.europesays.com\/fr\/wp-json\/wp\/v2\/tags?post=1105922"}],"curies":[{"name":"wp","href":"https:\/\/api.w.org\/{rel}","templated":true}]}}