{"id":110599,"date":"2025-05-19T01:05:09","date_gmt":"2025-05-19T01:05:09","guid":{"rendered":"https:\/\/www.europesays.com\/fr\/110599\/"},"modified":"2025-05-19T01:05:09","modified_gmt":"2025-05-19T01:05:09","slug":"jean-luc-lemoine-enfant-pansement-ses-rares-confidences-sur-son-frere-handicape","status":"publish","type":"post","link":"https:\/\/www.europesays.com\/fr\/110599\/","title":{"rendered":"Jean-Luc Lemoine \u00ab enfant pansement \u00bb : ses rares confidences sur son fr\u00e8re handicap\u00e9"},"content":{"rendered":"<p>Habituellement<a href=\"https:\/\/www.closermag.fr\/people\/exclu.-lie-a-un-choc-ce-terrible-probleme-de-sante-subi-par-jean-luc-lemoine-1699680#item=1\" rel=\"nofollow noopener\" target=\"_blank\">,<br \/>\nJean-Luc Lemoine<\/a> est surtout connu pour ses blagues. Pourtant,<br \/>\nc\u2019est un t\u00e9moignage plein d\u2019\u00e9motions qu\u2019il a livr\u00e9 dans l\u2019\u00e9pisode<br \/>\nd\u2019<strong>Un dimanche \u00e0 la campagne,<\/strong> diffus\u00e9 le dimanche<br \/>\n18 mai. Ce jour-l\u00e0, il \u00e9tait aux c\u00f4t\u00e9s de Violette Dorange et<br \/>\n<a href=\"https:\/\/www.closermag.fr\/people\/lorie-pester-elle-se-confie-sur-la-maladie-cousine-de-l-endometriose-qui-lui-a-valu-une-ablation-de-l-uterus-3362656#item=1\" rel=\"nofollow noopener\" target=\"_blank\"><br \/>\nLorie Pester.<\/a><\/p>\n<p>Comme tous les invit\u00e9s, l\u2019humoriste a \u00e9t\u00e9 convi\u00e9e \u00e0 se confier<br \/>\nsur son enfance. Et c\u2019est dans ce cadre calme et champ\u00eatre qu\u2019il a<br \/>\nparl\u00e9 de son fr\u00e8re handicap\u00e9. S\u2019il est d\u2019habitude peu avare de<br \/>\nd\u00e9tail sur sa famille, il a ce jour-l\u00e0 fait tomber certaines<br \/>\nbarri\u00e8res.<\/p>\n<p>Un dimanche \u00e0 la campagne : Jean-Luc Lemoine parle de son<br \/>\nenfance<\/p>\n<p>Jean-Luc Lemoine est n\u00e9 le 6 mars 1970 \u00e0 Paris, a grandi \u00e0<br \/>\nMorangis dans l\u00a0\u00bbEssonne, aux c\u00f4t\u00e9s de ses parents, de sa grande<br \/>\nsoeur et de son grand fr\u00e8re. S\u2019il n\u2019a jamais manqu\u00e9 d\u2019amour, son<br \/>\nenfance n\u2019a pas \u00e9t\u00e9 simple sur tous les plans. En effet,<br \/>\nl&rsquo;humoriste \u00e0 un fr\u00e8re handicap\u00e9e, suite \u00e0 un accident survenu lors<br \/>\nde sa naissance : \u201cOn est trois enfants. On a un fr\u00e8re a\u00een\u00e9 qui<br \/>\na six ans de plus que moi et trois ans de plus que ma s\u0153ur. Il y a<br \/>\neu un accident. Il venait de na\u00eetre, l<strong>a sage-femme le<br \/>\nlaisse tomber.<\/strong> H\u00e9morragie c\u00e9r\u00e9brale, donc <strong>mon<br \/>\nfr\u00e8re est handicap\u00e9, handicap\u00e9<br \/>\nc\u00e9r\u00e9bral<\/strong><strong>\u00ab\u00a0<\/strong> explique alors le<br \/>\nchroniqueur radio.<\/p>\n<p>Il poursuit en se rappelant certaines paroles marquantes de sa<br \/>\nmaman : \u201cParfois, ma m\u00e8re me disait <strong>\u2018si ton fr\u00e8re<br \/>\nn\u2019avait pas eu \u00e7a, je pense qu\u2019on aurait eu que deux<br \/>\nenfants<\/strong><strong>\u201d<\/strong>. Mais il pr\u00e9cise bien avoir<br \/>\nre\u00e7u beaucoup d\u2019amour de sa part.<\/p>\n<p>Jean-Luc Lemoine : un fr\u00e8re cach\u00e9<\/p>\n<p>Pendant longtemps, l\u2019ancien chroniqueur de TPMP n\u2019a pas parl\u00e9 de<br \/>\nson fr\u00e8re. Ces soudaines confidences surprennent donc Violette<br \/>\nDorange et Lorie Pester, les autres invit\u00e9s, ainsi que <a href=\"https:\/\/www.closermag.fr\/tv_tele_realite\/la-tele-ne-repare-pas-frederic-lopez-se-livre-sur-les-maux-de-son-enfance-sans-affection-3540307\" rel=\"nofollow noopener\" target=\"_blank\"><br \/>\nl\u2019animateur Frederic Lopez.<\/a> Il explique que pendant longtemps,<br \/>\nses parents lui ont demand\u00e9 d\u2019\u00eatre discrets sur le sujet :<br \/>\n\u00ab\u00a0<strong>On me dit de ne pas parler de mon fr\u00e8re<\/strong>.<br \/>\nC\u2019est pour \u00e7a que, pendant longtemps, je n\u2019en ai pas parl\u00e9, parce<br \/>\nqu\u2019on me dit \u2018les enfants ne vont pas comprendre, ils vont se<br \/>\nmoquer\u2019. Les enfants sont m\u00e9chants\u00a0\u00bb.<\/p>\n<p>Pour lui, il n\u2019a donc pas toujours \u00e9t\u00e9 simple de taire son<br \/>\nexistence et cela a impact\u00e9 son d\u00e9veloppement personnel : \u201cTu<br \/>\nne sais pas comment te construire. Tu as <strong>l\u2019impression de<br \/>\ngrandir avec un corset en permanence<\/strong>\u201d, conclut alors<br \/>\nl\u2019ancien chroniqueur de \u201cOn va s\u2019gener\u201d.<\/p>\n","protected":false},"excerpt":{"rendered":"Habituellement, Jean-Luc Lemoine est surtout connu pour ses blagues. Pourtant, c\u2019est un t\u00e9moignage plein d\u2019\u00e9motions qu\u2019il a livr\u00e9&hellip;\n","protected":false},"author":2,"featured_media":110600,"comment_status":"","ping_status":"","sticky":false,"template":"","format":"standard","meta":{"footnotes":""},"categories":[1359],"tags":[548,58,59,1011,27,9481,973],"class_list":{"0":"post-110599","1":"post","2":"type-post","3":"status-publish","4":"format-standard","5":"has-post-thumbnail","7":"category-people","8":"tag-article-simple","9":"tag-divertissement","10":"tag-entertainment","11":"tag-fr","12":"tag-france","13":"tag-frederic-lopez","14":"tag-people"},"share_on_mastodon":{"url":"https:\/\/pubeurope.com\/@fr\/114531816088825851","error":""},"_links":{"self":[{"href":"https:\/\/www.europesays.com\/fr\/wp-json\/wp\/v2\/posts\/110599","targetHints":{"allow":["GET"]}}],"collection":[{"href":"https:\/\/www.europesays.com\/fr\/wp-json\/wp\/v2\/posts"}],"about":[{"href":"https:\/\/www.europesays.com\/fr\/wp-json\/wp\/v2\/types\/post"}],"author":[{"embeddable":true,"href":"https:\/\/www.europesays.com\/fr\/wp-json\/wp\/v2\/users\/2"}],"replies":[{"embeddable":true,"href":"https:\/\/www.europesays.com\/fr\/wp-json\/wp\/v2\/comments?post=110599"}],"version-history":[{"count":0,"href":"https:\/\/www.europesays.com\/fr\/wp-json\/wp\/v2\/posts\/110599\/revisions"}],"wp:featuredmedia":[{"embeddable":true,"href":"https:\/\/www.europesays.com\/fr\/wp-json\/wp\/v2\/media\/110600"}],"wp:attachment":[{"href":"https:\/\/www.europesays.com\/fr\/wp-json\/wp\/v2\/media?parent=110599"}],"wp:term":[{"taxonomy":"category","embeddable":true,"href":"https:\/\/www.europesays.com\/fr\/wp-json\/wp\/v2\/categories?post=110599"},{"taxonomy":"post_tag","embeddable":true,"href":"https:\/\/www.europesays.com\/fr\/wp-json\/wp\/v2\/tags?post=110599"}],"curies":[{"name":"wp","href":"https:\/\/api.w.org\/{rel}","templated":true}]}}