{"id":110601,"date":"2025-05-19T01:06:08","date_gmt":"2025-05-19T01:06:08","guid":{"rendered":"https:\/\/www.europesays.com\/fr\/110601\/"},"modified":"2025-05-19T01:06:08","modified_gmt":"2025-05-19T01:06:08","slug":"ces-sarthois-viennent-en-aide-a-la-population-sahraouie","status":"publish","type":"post","link":"https:\/\/www.europesays.com\/fr\/110601\/","title":{"rendered":"Ces Sarthois viennent en aide \u00e0 la population sahraouie"},"content":{"rendered":"<p>Le Sahara occidental est un territoire aspirant \u00e0 l\u2019ind\u00e9pendance et soutenu notamment par l\u2019Alg\u00e9rie, mais revendiqu\u00e9 par le Maroc. Les populations ayant fui le Sahara occidental pendant la guerre vivent dans des camps de r\u00e9fugi\u00e9s.<\/p>\n<p>Jumel\u00e9 \u00e0 la ville du Mans, le camp d\u2019Haouza re\u00e7oit, chaque ann\u00e9e depuis 1982, des missions humanitaires organis\u00e9es par l\u2019association des Amis de la R\u00e9publique arabe sahraouie d\u00e9mocratique de la Sarthe (Aarasd72), qui apporte mat\u00e9riel et v\u00eatements. Cette ann\u00e9e 2025, des activit\u00e9s p\u00e9riscolaires y ont \u00e9t\u00e9 organis\u00e9es. Un voyage d\u2019une semaine, au c\u0153ur du d\u00e9sert, dans la derni\u00e8re colonie d\u2019Afrique.<\/p>\n<p>Une pr\u00e9carit\u00e9 totale, qui s\u2019aggrave<\/p>\n<p><strong>\u00ab<\/strong> <strong>\u00a0Ces camps sont tr\u00e8s d\u00e9pendants de la solidarit\u00e9 internationale et de l\u2019aide de la diaspora<\/strong> <strong>,<\/strong> explique Nadine Coquillard, secr\u00e9taire de l\u2019AARASD72. <strong>La diminution r\u00e9cente des aides humanitaires est inqui\u00e9tante. Cette population d\u00e9j\u00e0 pr\u00e9caire risque de voir<\/strong> <strong>\u00a0ses conditions d\u2019existence empirer.\u00a0\u00bb<\/strong> Malnutrition, an\u00e9mie et asthme augmentent r\u00e9guli\u00e8rement. Depuis de nombreuses ann\u00e9es, l\u2019association y apporte de quoi am\u00e9liorer un peu le quotidien, mais surtout fait venir en France des enfants chaque \u00e9t\u00e9, afin qu\u2019ils puissent <strong>\u00ab<\/strong> <strong>\u00a0se reposer quelques jours, sortir des campements, rompre l\u2019isolement<\/strong>.\u00a0<strong>\u00bb<\/strong><\/p>\n<p>Recherche de familles d\u2019accueil<\/p>\n<p>Revenus mi-avril\u00a02025 de leur dernier s\u00e9jour dans le Sahara, les b\u00e9n\u00e9voles pr\u00e9parent d\u00e9j\u00e0 une nouvelle mission l\u2019ann\u00e9e prochaine, pour d\u00e9couvrir ce qu\u2019est la vie dans ces camps et tenter d\u2019apporter leur aide, toujours bienvenue.<\/p>\n<p>Actuellement, ils recherchent des personnes pr\u00eates \u00e0 accueillir les dix\u00a0enfants qui arriveront au Mans le 29\u00a0juin, et qui resteront en famille du 5\u00a0juillet au 12\u00a0juillet. Une r\u00e9union d\u2019information est pr\u00e9vue mardi, dans les locaux du collectif Terre Plus Humaine, avenue du G\u00e9n\u00e9ral-De Gaulle<\/p>\n<p><strong>Mardi 20\u00a0mai 2025, <\/strong>\u00e0 18\u00a0h, r\u00e9union d\u2019information, au 26, avenue du G\u00e9n\u00e9ral-De Gaulle (sous-sol, place des Comtes-du-Maine). Contact\u00a0: aarasd72@gmail.com<\/p>\n<p>\u00a0<\/p>\n","protected":false},"excerpt":{"rendered":"Le Sahara occidental est un territoire aspirant \u00e0 l\u2019ind\u00e9pendance et soutenu notamment par l\u2019Alg\u00e9rie, mais revendiqu\u00e9 par le&hellip;\n","protected":false},"author":2,"featured_media":110602,"comment_status":"","ping_status":"","sticky":false,"template":"","format":"standard","meta":{"footnotes":""},"categories":[1358],"tags":[4526,1348,1384,1385,1386,58,59,1011,27,2047,940,22921,22919,22920],"class_list":{"0":"post-110601","1":"post","2":"type-post","3":"status-publish","4":"format-standard","5":"has-post-thumbnail","7":"category-arts-et-design","8":"tag-aide","9":"tag-arts","10":"tag-arts-and-design","11":"tag-arts-et-design","12":"tag-design","13":"tag-divertissement","14":"tag-entertainment","15":"tag-fr","16":"tag-france","17":"tag-mans","18":"tag-population","19":"tag-sahraouie","20":"tag-sarthois","21":"tag-viennent"},"share_on_mastodon":{"url":"https:\/\/pubeurope.com\/@fr\/114531820113698896","error":""},"_links":{"self":[{"href":"https:\/\/www.europesays.com\/fr\/wp-json\/wp\/v2\/posts\/110601","targetHints":{"allow":["GET"]}}],"collection":[{"href":"https:\/\/www.europesays.com\/fr\/wp-json\/wp\/v2\/posts"}],"about":[{"href":"https:\/\/www.europesays.com\/fr\/wp-json\/wp\/v2\/types\/post"}],"author":[{"embeddable":true,"href":"https:\/\/www.europesays.com\/fr\/wp-json\/wp\/v2\/users\/2"}],"replies":[{"embeddable":true,"href":"https:\/\/www.europesays.com\/fr\/wp-json\/wp\/v2\/comments?post=110601"}],"version-history":[{"count":0,"href":"https:\/\/www.europesays.com\/fr\/wp-json\/wp\/v2\/posts\/110601\/revisions"}],"wp:featuredmedia":[{"embeddable":true,"href":"https:\/\/www.europesays.com\/fr\/wp-json\/wp\/v2\/media\/110602"}],"wp:attachment":[{"href":"https:\/\/www.europesays.com\/fr\/wp-json\/wp\/v2\/media?parent=110601"}],"wp:term":[{"taxonomy":"category","embeddable":true,"href":"https:\/\/www.europesays.com\/fr\/wp-json\/wp\/v2\/categories?post=110601"},{"taxonomy":"post_tag","embeddable":true,"href":"https:\/\/www.europesays.com\/fr\/wp-json\/wp\/v2\/tags?post=110601"}],"curies":[{"name":"wp","href":"https:\/\/api.w.org\/{rel}","templated":true}]}}