{"id":110603,"date":"2025-05-19T01:07:08","date_gmt":"2025-05-19T01:07:08","guid":{"rendered":"https:\/\/www.europesays.com\/fr\/110603\/"},"modified":"2025-05-19T01:07:08","modified_gmt":"2025-05-19T01:07:08","slug":"le-saviez-vous-la-peche-dans-la-touques-pres-de-pont-leveque-a-inspire-un-livre","status":"publish","type":"post","link":"https:\/\/www.europesays.com\/fr\/110603\/","title":{"rendered":"Le saviez-vous ? La P\u00eache dans la Touques pr\u00e8s de Pont-l&rsquo;\u00c9v\u00eaque a inspir\u00e9 un livre\u00a0!"},"content":{"rendered":"<p>            Par<br \/>\n        <strong><br \/>\n            <a href=\"https:\/\/actu.fr\/auteur\/redaction-pa\" title=\"Consulter tous les articles de R\u00e9daction Le Pays d&#039;Auge\" target=\"_blank\" rel=\"noopener\">R\u00e9daction Le Pays d&rsquo;Auge<\/a><br \/>\n        <\/strong><\/p>\n<p>        Publi\u00e9 le<\/p>\n<p>            18 mai 2025 \u00e0 20h00        <\/p>\n<p>Tr\u00e8s r\u00e9put\u00e9e dans le petit monde de la p\u00eache, <b>la Touques<\/b> est l\u2019un des meilleurs fleuves de France pour <b>p\u00eacher la truite de mer<\/b>. Alors que la saison est ouverte depuis quelques semaines, la r\u00e9daction du Pays d\u2019Auge propose <b>un dossier en sept volets<\/b> pour remonter le courant \u00e0 la d\u00e9couverte de cette \u00ab\u2009sp\u00e9cialit\u00e9 locale\u2009\u00bb des environs de <b>Pont-l\u2019\u00c9v\u00eaque<\/b> (Calvados). <b>Septi\u00e8me volet\u2009: un roman sur la p\u00eache inspir\u00e9 de la rivi\u00e8re.<\/b><\/p>\n<p class=\" wall-content\">Dans son ouvrage <b>La rivi\u00e8re du Paradis<\/b>, Sylvie Tissier pose un regard singulier sur la p\u00eache et la Touques. Ayant habit\u00e9 <b>Saint-Martin aux Chartrains<\/b>, elle y a lanc\u00e9 des milliers de fois sa ligne. Ici et ailleurs\u2026<\/p>\n<p class=\" wall-content\">Traductrice dans une grande entreprise de travaux publics, <b>elle a arpent\u00e9 rivi\u00e8res et fleuves autour du monde entier<\/b>\u2009: de la Normandie, au Kurdistan, en passant par l\u2019\u00c9cosse, l\u2019Irlande, l\u2019Espagne ou le Canada\u2026 En qu\u00eate de la \u00ab\u2009rivi\u00e8re du paradis\u2009\u00bb, <b>elle relate dans son livre ses aventures et \u00e9gr\u00e8ne des souvenirs de plus de cinquante ann\u00e9es de p\u00eache sportive<\/b>.<\/p>\n<p>Faire ressentir l\u2019\u00e9motion d\u2019une prise<\/p>\n<p class=\" wall-content\">Si elle sait faire ressentir <b>l\u2019\u00e9motion de la prise d\u2019un poisson<\/b> et s\u2019\u00e9merveiller de la beaut\u00e9 des paysages qu\u2019elle rencontre, elle y rend \u00e9galement un hommage \u00e0 son mari et \u00e0 son fils qui l\u2019ont accompagn\u00e9e tout au long de ses p\u00e9r\u00e9grinations halieutiques. Mais ce livre est aussi <b>une apologie de l\u2019art de la p\u00eache \u00e0 la mouche<\/b>, un plaidoyer pour la protection des saumons et des truites et, plus largement, une invitation \u00e0 chercher le bonheur en s\u2019aidant de la beaut\u00e9 de la nature.<\/p>\n<p>Vid\u00e9os : en ce moment sur Actu<\/p>\n<p class=\" wall-content\">P\u00eacheuse \u00e9m\u00e9rite, Sylvie Tissier a r\u00e9alis\u00e9 <b>de nombreux reportages pour des magazines halieutiques<\/b> et a particip\u00e9 activement au travail de sensibilisation men\u00e9 par l\u2019association internationale de d\u00e9fense du saumon atlantique, dont elle a \u00e9t\u00e9 administratrice. Elle a plus r\u00e9cemment \u00e9dit\u00e9 un recueil de po\u00e8mes intitul\u00e9 Comme un souffle de vie.<\/p>\n<p class=\" wall-content\">Celle qui a \u00e9t\u00e9 faite Pr\u00e9sidente d\u2019honneur de <a href=\"https:\/\/actu.fr\/normandie\/pont-l-eveque_14514\/pont-leveque-lassociation-de-peche-se-porte-bien-mais-le-nombre-de-poissons-dans-les-rivieres-inquiete_62266959.html\" target=\"_blank\" rel=\"noopener\">l\u2019APALVA<\/a> en 2017, livre un secret aux p\u00eacheurs\u2009:<b> \u00ab\u2009\u00c0 qui veut savoir o\u00f9 se trouve la rivi\u00e8re du paradis, je r\u00e9ponds que c\u2019est la v\u00f4tre. Le ruisseau de votre enfance, celle dans laquelle vous avez pris votre plus beau poisson, ou celle que vous r\u00eavez de p\u00eacher.\u2009\u00bb<\/b><\/p>\n<p class=\" wall-content\"><b>De notre correspondant, Fr\u00e9d\u00e9ric Nguyen Kim<\/b><\/p>\n<p class=\" wall-content\">Suivez toute l\u2019actualit\u00e9 de vos villes et m\u00e9dias favoris en vous inscrivant \u00e0 <a href=\"https:\/\/moncompte.actu.fr\" title=\"D\u00e9couvez Mon Actu\" rel=\"nofollow noopener\" data-trk=\"{&quot;cta&quot;:{&quot;action&quot;:&quot;https:\\\/\\\/moncompte.actu.fr&quot;,&quot;category&quot;:&quot;mon compte&quot;,&quot;from&quot;:&quot;article footer&quot;,&quot;name&quot;:&quot;Mon actu&quot;,&quot;type&quot;:&quot;cta&quot;}}\" target=\"_blank\">Mon Actu<\/a>.<\/p>\n","protected":false},"excerpt":{"rendered":"Par R\u00e9daction Le Pays d&rsquo;Auge Publi\u00e9 le 18 mai 2025 \u00e0 20h00 Tr\u00e8s r\u00e9put\u00e9e dans le petit monde&hellip;\n","protected":false},"author":2,"featured_media":110604,"comment_status":"","ping_status":"","sticky":false,"template":"","format":"standard","meta":{"footnotes":""},"categories":[1357],"tags":[1379,58,59,1011,27,1380,22922,4838,52],"class_list":{"0":"post-110603","1":"post","2":"type-post","3":"status-publish","4":"format-standard","5":"has-post-thumbnail","7":"category-livres","8":"tag-books","9":"tag-divertissement","10":"tag-entertainment","11":"tag-fr","12":"tag-france","13":"tag-livres","14":"tag-pays-dauge","15":"tag-peche","16":"tag-planete"},"share_on_mastodon":{"url":"https:\/\/pubeurope.com\/@fr\/114531824026961925","error":""},"_links":{"self":[{"href":"https:\/\/www.europesays.com\/fr\/wp-json\/wp\/v2\/posts\/110603","targetHints":{"allow":["GET"]}}],"collection":[{"href":"https:\/\/www.europesays.com\/fr\/wp-json\/wp\/v2\/posts"}],"about":[{"href":"https:\/\/www.europesays.com\/fr\/wp-json\/wp\/v2\/types\/post"}],"author":[{"embeddable":true,"href":"https:\/\/www.europesays.com\/fr\/wp-json\/wp\/v2\/users\/2"}],"replies":[{"embeddable":true,"href":"https:\/\/www.europesays.com\/fr\/wp-json\/wp\/v2\/comments?post=110603"}],"version-history":[{"count":0,"href":"https:\/\/www.europesays.com\/fr\/wp-json\/wp\/v2\/posts\/110603\/revisions"}],"wp:featuredmedia":[{"embeddable":true,"href":"https:\/\/www.europesays.com\/fr\/wp-json\/wp\/v2\/media\/110604"}],"wp:attachment":[{"href":"https:\/\/www.europesays.com\/fr\/wp-json\/wp\/v2\/media?parent=110603"}],"wp:term":[{"taxonomy":"category","embeddable":true,"href":"https:\/\/www.europesays.com\/fr\/wp-json\/wp\/v2\/categories?post=110603"},{"taxonomy":"post_tag","embeddable":true,"href":"https:\/\/www.europesays.com\/fr\/wp-json\/wp\/v2\/tags?post=110603"}],"curies":[{"name":"wp","href":"https:\/\/api.w.org\/{rel}","templated":true}]}}